{"id":787901,"date":"2026-02-11T00:32:14","date_gmt":"2026-02-11T00:32:14","guid":{"rendered":"https:\/\/www.europesays.com\/de\/787901\/"},"modified":"2026-02-11T00:32:14","modified_gmt":"2026-02-11T00:32:14","slug":"traditionsmarke-rolf-benz-wieder-in-deutscher-hand","status":"publish","type":"post","link":"https:\/\/www.europesays.com\/de\/787901\/","title":{"rendered":"Traditionsmarke Rolf Benz wieder in deutscher Hand"},"content":{"rendered":"<p>Traditionsmarke seit den 1960ernM\u00f6belmarke Rolf Benz hat wieder deutsche Eigent\u00fcmer<\/p>\n<p>10.02.2026, 20:48 Uhr <\/p>\n<p>Artikel anh\u00f6ren(03:25 min)<\/p>\n<p><img decoding=\"async\" class=\"Image_img__fQCi0 Image_Img_16_9__4BLfH widget-picture-inline_maximizable__t_E7h\" loading=\"eager\" fetchpriority=\"high\" src=\"https:\/\/www.europesays.com\/de\/wp-content\/uploads\/2026\/02\/10777339.webp.webp\" alt=\"10777339\"\/>Jahrelang diente eine Spezialanfertigung von Rolf Benz als Sitzplatz f\u00fcr die prominenten G\u00e4ste von &#8222;Wetten dass..?&#8220;. (Foto: picture-alliance \/ Sven Simon)TeilenFolgen auf:<a href=\"https:\/\/www.whatsapp.com\/channel\/0029Va5cdVJD8SDp5YZgYF01\" title=\"Auf WhatsApp folgen\" target=\"_blank\" rel=\"nofollow noopener\"><img decoding=\"async\" src=\"https:\/\/www.n-tv.de\/socialIcons\/whatsapp.svg\" alt=\"whatsapp\" class=\"ArticleShare_icon__FsrC2\"\/><\/a><a href=\"https:\/\/news.google.com\/publications\/CAAiEPMdif5mpRNxiLOeUpHCwwsqFAgKIhDzHYn-ZqUTcYiznlKRwsML?hl=de&amp;gl=DE&amp;ceid=DE%3Ade\" title=\"Auf Google News folgen\" target=\"_blank\" rel=\"nofollow noopener\"><img decoding=\"async\" src=\"https:\/\/www.n-tv.de\/socialIcons\/google.svg\" alt=\"whatsapp\" class=\"ArticleShare_icon__FsrC2\"\/><\/a><\/p>\n<p class=\"Typography_text-m__XI0da Typography_weight-bold__uT6mq storyline_lead_text_leadtext__q_wg8\">Rolf Benz gr\u00fcndet 1964 sein M\u00f6belunternehmen. Die Sofas machen es schnell zu einer der bekanntesten und begehrtesten Marken in Deutschland. Nach Jahren in chinesischer Hand soll die Firma nun wieder vollkommen heimisch geleitet werden.<\/p>\n<p class=\"Typography_text-default__P3otY Typography_weight-normal__pqUbH storyline_paragraph_p__qSR5N\">Der traditionsreiche M\u00f6belhersteller Rolf Benz bekommt neue Eigent\u00fcmer. &#8222;Ein deutsches Konsortium wird Rolf Benz \u00fcbernehmen&#8220;, teilte das Unternehmen aus Nagold im Nordschwarzwald mit. Damit sei man nach vielen Jahren wieder vollst\u00e4ndig in deutschen H\u00e4nden. Rolf Benz war 2018 von Kuka Investment und Management gekauft worden &#8211; einer Tochter des chinesischen Polsterm\u00f6belriesen Jason Furniture. Das Unternehmen ist vor allem f\u00fcr seine Sofas und Sitzgruppen bekannt.<\/p>\n<p class=\"Typography_text-default__P3otY Typography_weight-normal__pqUbH storyline_paragraph_p__qSR5N\">Sprecher des Konsortiums ist der fr\u00fchere Chef des Online-Brokers Flatexdegiro, Frank Niehage. Der Manager soll k\u00fcnftig auch dem Aufsichtsrat des 1964 vom M\u00f6beldesigner Rolf Benz gegr\u00fcndeten Unternehmens vorstehen. &#8222;Die neuen Gesellschafter bringen unternehmerische, internationale Erfahrung sowie eine langfristige Perspektive f\u00fcr Rolf Benz ein&#8220;, teilte Niehage mit.<\/p>\n<p class=\"Typography_text-default__P3otY Typography_weight-normal__pqUbH storyline_paragraph_p__qSR5N\">Ziel der neuen Eigent\u00fcmer sei unter anderem, die Marke weiter zu sch\u00e4rfen, die Innovationskraft zu erh\u00f6hen und das Unternehmen zu st\u00e4rken und profitabel auszurichten. Geschehen soll dies Niehage zufolge durch gezielte Investitionen, Fokussierung &#8211; und gegebenenfalls strategische Expansion. Der Vollzug der Transaktion soll im M\u00e4rz erfolgen. Der Kaufpreis und die weiteren Mitglieder des Konsortiums waren zun\u00e4chst nicht bekannt.<\/p>\n<p>Bei &#8222;Wetten, dass..?&#8220; sa\u00dfen G\u00e4ste auf Rolf-Benz-Sofa<\/p>\n<p class=\"Typography_text-default__P3otY Typography_weight-normal__pqUbH storyline_paragraph_p__qSR5N\">Rolf Benz gilt als eine der bekanntesten deutschen M\u00f6belmarken. Sie steht f\u00fcr Design-Polsterm\u00f6bel, die in Baden-W\u00fcrttemberg produziert werden. Das Unternehmen und ihr Namensgeber revolutionierten nach eigenen Angaben einst die Sitzgewohnheiten in Deutschland. In den 1960er Jahren geh\u00f6rte zur klassischen Wohnzimmer-Einrichtung noch ein Sofa sowie zwei Sessel. Rolf Benz schuf die Sofalandschaft aus unterschiedlich kombinierbaren Elementen. Bei der legend\u00e4ren Fernsehshow &#8222;Wetten, dass..?&#8220; nahmen sp\u00e4ter die prominenten G\u00e4ste auf einem Rolf-Benz-Sofa Platz.<\/p>\n<p class=\"Typography_text-default__P3otY Typography_weight-normal__pqUbH storyline_paragraph_p__qSR5N\">Die Identit\u00e4t der Firma mit mehr als 400 Mitarbeiterinnen und Mitarbeitern solle durch den Verkauf unver\u00e4ndert bleiben. &#8222;Premium, Designf\u00fchrerschaft und h\u00f6chste Qualit\u00e4t bleiben unverr\u00fcckbare Leitlinien&#8220;, erkl\u00e4rte Vorstandschef J\u00fcrgen Mau\u00df. Er bleibt ebenso wie Finanzchef Jens Hofmann im Management und beteiligt sich k\u00fcnftig auch am Unternehmen.<\/p>\n<p class=\"Typography_text-default__P3otY Typography_weight-normal__pqUbH storyline_paragraph_p__qSR5N\">Die Eigent\u00fcmer des Herstellers haben in der Vergangenheit bereits mehrfach gewechselt. Designer Rolf Benz stieg schon im Jahr 1999 als Gesellschafter aus., zuvor hatte er mit seiner Familie den M\u00f6belhersteller Walter Knoll im schw\u00e4bischen Herrenberg bei Stuttgart \u00fcbernommen. <a class=\"inline_link\" href=\"https:\/\/www.n-tv.de\/leute\/Sofa-Pionier-Rolf-Benz-ist-gestorben-article25527720.html\" target=\"_blank\" rel=\"nofollow noopener\">Benz starb im vergangenen Jahr im Alter von 91 Jahren.<\/a> Sein Sohn Markus Benz f\u00fchrt das Unternehmen Walter Knoll, auch die Enkelin ist Teil der Gesch\u00e4ftsleitung.<\/p>\n<p class=\"Typography_text-s__wu_cm Typography_weight-normal__pqUbH Typography_color-darkgrey__sZEnP article-detail-footer_source__KslPc\">Quelle: ntv.de, gri\/dpa<\/p>\n","protected":false},"excerpt":{"rendered":"Traditionsmarke seit den 1960ernM\u00f6belmarke Rolf Benz hat wieder deutsche Eigent\u00fcmer 10.02.2026, 20:48 Uhr Artikel anh\u00f6ren(03:25 min) Jahrelang diente&hellip;\n","protected":false},"author":2,"featured_media":787902,"comment_status":"","ping_status":"","sticky":false,"template":"","format":"standard","meta":{"footnotes":"","_share_on_mastodon":"0"},"categories":[134],"tags":[175,227,170,169,29,30,12775,171,174,47519,11097,173,172,55],"class_list":["post-787901","post","type-post","status-publish","format-standard","has-post-thumbnail","category-unternehmen-maerkte","tag-business","tag-china","tag-companies","tag-companies-markets","tag-deutschland","tag-germany","tag-marken","tag-markets","tag-maerkte","tag-moebelindustrie","tag-traditionsunternehmen","tag-unternehmen","tag-unternehmen-maerkte","tag-wirtschaft"],"share_on_mastodon":{"url":"https:\/\/pubeurope.com\/@de\/116049185737504101","error":""},"_links":{"self":[{"href":"https:\/\/www.europesays.com\/de\/wp-json\/wp\/v2\/posts\/787901","targetHints":{"allow":["GET"]}}],"collection":[{"href":"https:\/\/www.europesays.com\/de\/wp-json\/wp\/v2\/posts"}],"about":[{"href":"https:\/\/www.europesays.com\/de\/wp-json\/wp\/v2\/types\/post"}],"author":[{"embeddable":true,"href":"https:\/\/www.europesays.com\/de\/wp-json\/wp\/v2\/users\/2"}],"replies":[{"embeddable":true,"href":"https:\/\/www.europesays.com\/de\/wp-json\/wp\/v2\/comments?post=787901"}],"version-history":[{"count":0,"href":"https:\/\/www.europesays.com\/de\/wp-json\/wp\/v2\/posts\/787901\/revisions"}],"wp:featuredmedia":[{"embeddable":true,"href":"https:\/\/www.europesays.com\/de\/wp-json\/wp\/v2\/media\/787902"}],"wp:attachment":[{"href":"https:\/\/www.europesays.com\/de\/wp-json\/wp\/v2\/media?parent=787901"}],"wp:term":[{"taxonomy":"category","embeddable":true,"href":"https:\/\/www.europesays.com\/de\/wp-json\/wp\/v2\/categories?post=787901"},{"taxonomy":"post_tag","embeddable":true,"href":"https:\/\/www.europesays.com\/de\/wp-json\/wp\/v2\/tags?post=787901"}],"curies":[{"name":"wp","href":"https:\/\/api.w.org\/{rel}","templated":true}]}}