{"id":788103,"date":"2026-02-11T02:27:18","date_gmt":"2026-02-11T02:27:18","guid":{"rendered":"https:\/\/www.europesays.com\/de\/788103\/"},"modified":"2026-02-11T02:27:18","modified_gmt":"2026-02-11T02:27:18","slug":"streik-bei-lufthansa-piloten-und-kabine-legen-die-arbeit-am-12-februar-nieder","status":"publish","type":"post","link":"https:\/\/www.europesays.com\/de\/788103\/","title":{"rendered":"Streik bei Lufthansa &#8211; Piloten und Kabine legen die Arbeit am 12. Februar nieder"},"content":{"rendered":"\n<p>Die Lufthansa steht vor einem historischen Arbeitskampf: Gleich zwei Gewerkschaften haben f\u00fcr Donnerstag, den 12. Februar 2026, zu Streiks aufgerufen. Die Vereinigung Cockpit organisiert einen eint\u00e4gigen Ausstand des Cockpitpersonals bei Lufthansa und Lufthansa Cargo.<\/p>\n<p>Auch die Unabh\u00e4ngige Flugbegleiter Organisation Ufo hat das Kabinenpersonal der Lufthansa Cityline zu einem Warnstreik aufgerufen. Betroffen sind alle Abfl\u00fcge von deutschen Flugh\u00e4fen im Zeitraum von 00:01 Uhr bis 23:59 Uhr.<\/p>\n<p>Vereinigung Cockpit k\u00e4mpft um die betriebliche Altersversorgung<\/p>\n<p>Die Vereinigung Cockpit wirft dem Lufthansa-Management vor, seit Monaten keine verhandlungsf\u00e4higen Angebote zur betrieblichen Altersversorgung vorzulegen. Bis 2017 erhielt das Cockpitpersonal eine klassische Betriebsrente mit garantierten Auszahlungen. Seitdem gilt ein kapitalmarktfinanziertes Modell, das das fr\u00fchere Versorgungsniveau deutlich verfehlt.<\/p>\n<p>\u00abWir h\u00e4tten eine Eskalation gerne vermieden\u00bb, betont Vereinigung-Ccockpit-Pr\u00e4sident Andreas Pinheiro. \u00abDoch sieben Verhandlungsrunden blieben ergebnislos. Selbst ein Kompromissvorschlag der Vereinigung Cockpit \u2013 die befristete Fortf\u00fchrung des Tarifvertrags bis Ende 2026 \u2013 wurde ignoriert.\u00bb<\/p>\n<p>Arne Karstens, Sprecher der Group-Tarifkommission, unterstreicht: \u00abDie betriebliche Altersversorgung ist f\u00fcr Pilot:innen existenziell. Dass der Arbeitgeber nicht einmal auf unser letztes Vermittlungsangebot reagiert hat, zeigt mangelnde Verhandlungsbereitschaft.\u00bb Die Vereinigung Cockpit pocht auf einen \u00abzukunftsfesten Tarifvertrag\u00bb, der Sicherheit f\u00fcr alle Cockpit-Besch\u00e4ftigten garantiert.<\/p>\n<p>Ufo protestiert gegen Schlie\u00dfung der Lufthansa Cityline<\/p>\n<p>Parallel dazu protestiert die Ufo gegen die geplante Schlie\u00dfung des Flugbetriebs der Lufthansa Cityline. \u00dcber 98 Prozent der Ufo-Mitglieder sprachen sich in einer Befragung f\u00fcr Arbeitskampfma\u00dfnahmen aus.<\/p>\n<p>\u00abDer Arbeitgeber weigert sich, \u00fcber einen tariflichen Sozialplan zu verhandeln\u00bb, hei\u00dft es in der Ufo-Stellungnahme. Der Warnstreik richtet sich gegen die Standorte Frankfurt, M\u00fcnchen, Hamburg, Bremen, Stuttgart, K\u00f6ln, D\u00fcsseldorf, Berlin und Hannover.<\/p>\n<p>Massive Einschr\u00e4nkungen f\u00fcr Passagiere<\/p>\n<p>Beide Gewerkschaften bitten betroffene Reisende um Verst\u00e4ndnis. \u201eStreiks sind kein Selbstzweck\u201c, so Pinheiro. \u00abWir haben der Lufthansa bewusst Zeit gegeben, um L\u00f6sungen zu finden \u2013 vergeblich.\u00bb<\/p>\n<p>Die Vereinigung Cockpit und Ufo betonen, dass weitere Arbeitsk\u00e4mpfe nicht ausgeschlossen sind, sollte das Management keine Bewegung zeigen.<\/p>\n","protected":false},"excerpt":{"rendered":"Die Lufthansa steht vor einem historischen Arbeitskampf: Gleich zwei Gewerkschaften haben f\u00fcr Donnerstag, den 12. Februar 2026, zu&hellip;\n","protected":false},"author":2,"featured_media":788104,"comment_status":"","ping_status":"","sticky":false,"template":"","format":"standard","meta":{"footnotes":"","_share_on_mastodon":"0"},"categories":[5],"tags":[331,332,3364,29,30,13,2108,66593,14,15,12,92668,177823],"class_list":["post-788103","post","type-post","status-publish","format-standard","has-post-thumbnail","category-nachrichten","tag-aktuelle-nachrichten","tag-aktuelle-news","tag-de","tag-deutschland","tag-germany","tag-headlines","tag-lufthansa","tag-lufthansa-cargo","tag-nachrichten","tag-news","tag-schlagzeilen","tag-ufo","tag-vereinigung_cockpit"],"share_on_mastodon":{"url":"https:\/\/pubeurope.com\/@de\/116049637799608794","error":""},"_links":{"self":[{"href":"https:\/\/www.europesays.com\/de\/wp-json\/wp\/v2\/posts\/788103","targetHints":{"allow":["GET"]}}],"collection":[{"href":"https:\/\/www.europesays.com\/de\/wp-json\/wp\/v2\/posts"}],"about":[{"href":"https:\/\/www.europesays.com\/de\/wp-json\/wp\/v2\/types\/post"}],"author":[{"embeddable":true,"href":"https:\/\/www.europesays.com\/de\/wp-json\/wp\/v2\/users\/2"}],"replies":[{"embeddable":true,"href":"https:\/\/www.europesays.com\/de\/wp-json\/wp\/v2\/comments?post=788103"}],"version-history":[{"count":0,"href":"https:\/\/www.europesays.com\/de\/wp-json\/wp\/v2\/posts\/788103\/revisions"}],"wp:featuredmedia":[{"embeddable":true,"href":"https:\/\/www.europesays.com\/de\/wp-json\/wp\/v2\/media\/788104"}],"wp:attachment":[{"href":"https:\/\/www.europesays.com\/de\/wp-json\/wp\/v2\/media?parent=788103"}],"wp:term":[{"taxonomy":"category","embeddable":true,"href":"https:\/\/www.europesays.com\/de\/wp-json\/wp\/v2\/categories?post=788103"},{"taxonomy":"post_tag","embeddable":true,"href":"https:\/\/www.europesays.com\/de\/wp-json\/wp\/v2\/tags?post=788103"}],"curies":[{"name":"wp","href":"https:\/\/api.w.org\/{rel}","templated":true}]}}