{"id":788146,"date":"2026-02-11T02:51:14","date_gmt":"2026-02-11T02:51:14","guid":{"rendered":"https:\/\/www.europesays.com\/de\/788146\/"},"modified":"2026-02-11T02:51:14","modified_gmt":"2026-02-11T02:51:14","slug":"handball-bundesliga-tvb-stuttgart-landet-wichtigen-heimsieg-gegen-eisenach","status":"publish","type":"post","link":"https:\/\/www.europesays.com\/de\/788146\/","title":{"rendered":"Handball-Bundesliga: TVB Stuttgart landet wichtigen Heimsieg gegen Eisenach"},"content":{"rendered":"<p>Ganz wertvolle Punkte f\u00fcr den TVB Stuttgart. Der Handball-Bundesligist besiegt vor 4913 Zuschauern in der Porsche-Arena den ThSV Eisenach nach hartem Kampf mit 33:31.<\/p>\n<p>Ja, ist schon Fasching? Zumindest beim <a href=\"https:\/\/www.stuttgarter-nachrichten.de\/thema\/TVB_Stuttgart\" title=\"TVB Stuttgart\" class=\"art_thema\" rel=\"nofollow noopener\" target=\"_blank\">TVB Stuttgart<\/a>. Der Handball-Bundesligist feierte bereits am Dienstag im so genannten Faschingsspiel \u2013 in einem Spezialtrikot \u2013 Karneval und mit dem hart erk\u00e4mpften 33:31 (17:14) gegen den Tabellennachbarn ThSV Eisenach gleichzeitig Revanche f\u00fcr die Niederlage im Hinspiel. Und das alles gegen den ehemaligen Club des Trainers Misha Kaufmann und gleich dreier Spieler im Team, allen voran Mittelmann Simone Mengon, der sagte: \u201eDieses Spiel war f\u00fcr uns sehr wichtig, vor allem weil es das erste nach der langen EM-Pause war. Es ist schon entscheidend, gut in die zweite H\u00e4lfte der Saison zu starten.\u201c<\/p>\n<p>Das Team kam auch gut ins Spiel, doch nach 4:1 hie\u00df es pl\u00f6tzlich 7:8 (19.), nicht die einzige Schw\u00e4chephase des TVB, der nach der Pause lange zur\u00fccklag (29:30\/54.), auch weil Eisenachs Torh\u00fcter Matija Spikic vor 4913 Zuschauern 15 Paraden zeigte. Zudem humpelte Torj\u00e4ger Kai H\u00e4fner (8\/3) in der Schlussphase angeschlagen vom Feld. <\/p>\n<p>Ob er am Sonntag bei den F\u00fcchsen Berlin dabei ist, wenn auf den TVB eine weitaus schwierigere Aufgabe wartet? Wenn die vorbei ist, wartet dann der wirkliche Fasching, auch auf Kaufmann, der sagt: \u201eIch bin Schweizer, ich mag das. Und wenn ich Zeit habe, gehe ich in Stuttgart in die Stadt zum Umzug.\u201c<\/p>\n<p>Aufstellungen <\/p>\n<p> <b>TVB Stuttgart<\/b> Kornecki (5 Paraen), Vujovic; Max H\u00e4fner 4, Serradilla 4, Lien, Snajder 2, Mengon 5, R\u00f6thlisberger, Schmid, Heydecke, Matzken 3, Zieker 2\/1, H\u00e4fner 8\/3, Rubin, Nigg 5.<\/p>\n<p> <b>ThSV Eisenach<\/b> Spikic (15\/2 Paraden), Heinevetter; Joelsson 3, Reichmuth, Beneke 2, Attenhofer 4, Walz 2, Ende 1, Aellen 5\/3, Meyer 1, Solak 5, Antonijevic, Seitz 6, Saul, Leu 2.<\/p>\n<p>Saison 2025\/26  <\/p>\n<p class=\"infobox\"> <strong>Ergebnisse <\/strong><br \/>TVB \u2013 HSV Hamburg 33:36, SG Flensburg-Handewitt \u2013 TVB 29:29, TVB \u2013 Bergischer HC 35:28, SC Magdeburg \u2013 TVB 32:23, TVB \u2013 Frisch Auf G\u00f6ppingen 28:28, VfL Gummersbach \u2013 TVB 33:26, TV Emsdetten \u2013 TVB (30:35\/DHB-Pokal zweite Runde), TVB \u2013 MT Melsungen 29:31, TBV Lemgo Lippe \u2013 TVB 32:30, TVB \u2013 F\u00fcchse Berlin 30:36, Rhein-Neckar L\u00f6wen \u2013 TVB 38:34, TVB \u2013 SG Flensburg-Handewitt (29:36\/DHB-Pokal-Achtelfinale), ThSV Eisenach \u2013 TVB 28:24, TVB \u2013 GWD Minden 35:26, HC Erlangen \u2013 TVB 24:24, TVB \u2013 HSG Wetzlar 30:27, TVB \u2013 SC DHfK Leipzig 33:32, THW Kiel \u2013 TVB 33:32, TSV Hannover-Burgdorf \u2013 TVB 28:22, TVB \u2013 VfL Gummersbach 22:28, MT Melsungen \u2013 TVB 33:28, TVB \u2013 ThSV Eisenach 33:31.<\/p>\n<p class=\"infobox\"> <strong>Termine <\/strong><br \/>F\u00fcchse Berlin \u2013 TVB (15. Februar, 16.30 Uhr), TVB \u2013 TSV Hannover-Burgdorf (22. Februar, 16.30 Uhr), GWD Minden \u2013 TVB (1. M\u00e4rz, 15 Uhr), TVB \u2013 THW Kiel (5. M\u00e4rz, 19 Uhr), SC DHfK Leipzig \u2013 TVB (15. M\u00e4rz, 16.30 Uhr), TVB \u2013 TBV Lemgo Lippe (29. M\u00e4rz, 16.30 Uhr), HSG Wetzlar \u2013 TVB (2. April, 19 Uhr), Bergischer HC \u2013 TVB (12. April, 16.30 Uhr), TVB \u2013 SC Magdeburg (26. April, 16.30 Uhr), HSV Hamburg \u2013 TVB (3. Mai, 15 Uhr), TVB \u2013 Rhein-Neckar L\u00f6wen (7. Mai, 19 Uhr), TVB \u2013 SG Flensburg-Handewitt (24. Mai., 16.30 Uhr), Frisch Auf G\u00f6ppingen \u2013 TVB (3. Juni, 19 Uhr), TVB \u2013 HC Erlangen (7. Juni, 15 Uhr). (j\u00fcf)<\/p>\n","protected":false},"excerpt":{"rendered":"Ganz wertvolle Punkte f\u00fcr den TVB Stuttgart. Der Handball-Bundesligist besiegt vor 4913 Zuschauern in der Porsche-Arena den ThSV&hellip;\n","protected":false},"author":2,"featured_media":788147,"comment_status":"","ping_status":"","sticky":false,"template":"","format":"standard","meta":{"footnotes":"","_share_on_mastodon":"0"},"categories":[1830],"tags":[1634,3364,29,30,177845,33914,7400,1441,34040,7401],"class_list":["post-788146","post","type-post","status-publish","format-standard","has-post-thumbnail","category-stuttgart","tag-baden-wuerttemberg","tag-de","tag-deutschland","tag-germany","tag-handball-bundeslig","tag-porsche-arena","tag-sportmeldungen","tag-stuttgart","tag-thsv-eisenach","tag-tvb-stuttgart"],"share_on_mastodon":{"url":"https:\/\/pubeurope.com\/@de\/116049732175550541","error":""},"_links":{"self":[{"href":"https:\/\/www.europesays.com\/de\/wp-json\/wp\/v2\/posts\/788146","targetHints":{"allow":["GET"]}}],"collection":[{"href":"https:\/\/www.europesays.com\/de\/wp-json\/wp\/v2\/posts"}],"about":[{"href":"https:\/\/www.europesays.com\/de\/wp-json\/wp\/v2\/types\/post"}],"author":[{"embeddable":true,"href":"https:\/\/www.europesays.com\/de\/wp-json\/wp\/v2\/users\/2"}],"replies":[{"embeddable":true,"href":"https:\/\/www.europesays.com\/de\/wp-json\/wp\/v2\/comments?post=788146"}],"version-history":[{"count":0,"href":"https:\/\/www.europesays.com\/de\/wp-json\/wp\/v2\/posts\/788146\/revisions"}],"wp:featuredmedia":[{"embeddable":true,"href":"https:\/\/www.europesays.com\/de\/wp-json\/wp\/v2\/media\/788147"}],"wp:attachment":[{"href":"https:\/\/www.europesays.com\/de\/wp-json\/wp\/v2\/media?parent=788146"}],"wp:term":[{"taxonomy":"category","embeddable":true,"href":"https:\/\/www.europesays.com\/de\/wp-json\/wp\/v2\/categories?post=788146"},{"taxonomy":"post_tag","embeddable":true,"href":"https:\/\/www.europesays.com\/de\/wp-json\/wp\/v2\/tags?post=788146"}],"curies":[{"name":"wp","href":"https:\/\/api.w.org\/{rel}","templated":true}]}}