{"id":788220,"date":"2026-02-11T03:31:22","date_gmt":"2026-02-11T03:31:22","guid":{"rendered":"https:\/\/www.europesays.com\/de\/788220\/"},"modified":"2026-02-11T03:31:22","modified_gmt":"2026-02-11T03:31:22","slug":"rote-ampel-ignoriert-zwei-autos-stossen-zusammen","status":"publish","type":"post","link":"https:\/\/www.europesays.com\/de\/788220\/","title":{"rendered":"Rote Ampel ignoriert \u2013 Zwei Autos sto\u00dfen zusammen"},"content":{"rendered":"<p class=\"mb-6 text-xs md:text-m lg:text-l font-serif group-[.font-sans]:font-sans \">\n    Nach Angaben der Polizei ereignete sich am Montagmorgen, 9. Februar, in Daxlanden ein Verkehrsunfall zwischen zwei Fahrzeugen. Eine Person erlitt dabei <strong class=\"font-bold\">leichte Verletzungen<\/strong>. <strong class=\"font-bold\">Der Sachschaden bel\u00e4uft sich auf rund 14.000 Euro.<\/strong>\n  <\/p>\n<p>            Kollision an einer Kreuzung<\/p>\n<p class=\"mb-6 text-xs md:text-m lg:text-l font-serif group-[.font-sans]:font-sans \">\n    Eine 40-j\u00e4hrige VW-Fahrerin fuhr gegen 10 Uhr auf der Rheinhafenstra\u00dfe in Richtung Pulverhausstra\u00dfe. An der Kreuzung zur Eckenerstra\u00dfe <strong class=\"font-bold\">missachtete sie offenbar eine rote Ampelphase und fuhr unvermindert weiter. <\/strong>In der Folge kollidierte das Fahrzeug mit dem Opel einer 53-j\u00e4hrigen Frau. Diese war zu diesem Zeitpunkt ordnungsgem\u00e4\u00df auf der Bundesstra\u00dfe 36 in Richtung Eckenerstra\u00dfe unterwegs. Aufgrund des Zusammensto\u00dfes kippte das Fahrzeug der VW-Fahrerin zur Seite und blieb anschlie\u00dfend auf der Fahrbahn liegen.\n  <\/p>\n<p>            Unfall sorgt f\u00fcr einst\u00fcndige Verkehrsst\u00f6rungen<\/p>\n<p class=\"mb-6 text-xs md:text-m lg:text-l font-serif group-[.font-sans]:font-sans \">\n    Die 53-J\u00e4hrige wurde mit leichten Verletzungen in ein Krankenhaus transportiert. Die 40-J\u00e4hrige blieb nach aktuellem Stand unverletzt. <strong class=\"font-bold\">Im Rahmen der Unfallaufnahme und Abschleppma\u00dfnahmen entstanden f\u00fcr etwa eine Stunde Verkehrsst\u00f6rungen.<\/strong>\n  <\/p>\n<p class=\"mb-6 text-xs md:text-m lg:text-l font-serif group-[.font-sans]:font-sans \">\n    Quelle: <a href=\"https:\/\/www.presseportal.de\/blaulicht\/pm\/110972\/6214256\" rel=\"nofollow noopener\" target=\"_blank\" class=\"underline \">Polizeipr\u00e4sidium Karlsruhe.<\/a> Hinweis: Diese Meldung wurde unterst\u00fctzt von KI erstellt.<\/p>\n<ul data-module-id=\"DragDropModule\" class=\"flex flex-wrap justify-start group-[.no-bookmarks]:hidden\">\n<li class=\"mb-3 mr-3\">\n    Fahrzeug<\/p>\n<p>      Icon Haken im Kreis gesetzt<\/p>\n<p>      Icon Plus im Kreis<\/p>\n<\/li>\n<li class=\"mb-3 mr-3\">\n    Verletzung<\/p>\n<p>      Icon Haken im Kreis gesetzt<\/p>\n<p>      Icon Plus im Kreis<\/p>\n<\/li>\n<li class=\"mb-3 mr-3\">\n    VW<\/p>\n<p>      Icon Haken im Kreis gesetzt<\/p>\n<p>      Icon Plus im Kreis<\/p>\n<\/li>\n<\/ul>\n","protected":false},"excerpt":{"rendered":"Nach Angaben der Polizei ereignete sich am Montagmorgen, 9. Februar, in Daxlanden ein Verkehrsunfall zwischen zwei Fahrzeugen. Eine&hellip;\n","protected":false},"author":2,"featured_media":788221,"comment_status":"","ping_status":"","sticky":false,"template":"","format":"standard","meta":{"footnotes":"","_share_on_mastodon":"0"},"categories":[1844],"tags":[118105,513,1634,138723,3364,29,514,30,8903,121,1284,127839,6319,603],"class_list":["post-788220","post","type-post","status-publish","format-standard","has-post-thumbnail","category-karlsruhe","tag-adam-opel","tag-auto","tag-baden-wuerttemberg","tag-daxlanden","tag-de","tag-deutschland","tag-fahrzeug","tag-germany","tag-karlsruhe","tag-polizei","tag-unfall","tag-verkehrsstoerung","tag-verletzung","tag-vw"],"share_on_mastodon":{"url":"https:\/\/pubeurope.com\/@de\/116049889694525895","error":""},"_links":{"self":[{"href":"https:\/\/www.europesays.com\/de\/wp-json\/wp\/v2\/posts\/788220","targetHints":{"allow":["GET"]}}],"collection":[{"href":"https:\/\/www.europesays.com\/de\/wp-json\/wp\/v2\/posts"}],"about":[{"href":"https:\/\/www.europesays.com\/de\/wp-json\/wp\/v2\/types\/post"}],"author":[{"embeddable":true,"href":"https:\/\/www.europesays.com\/de\/wp-json\/wp\/v2\/users\/2"}],"replies":[{"embeddable":true,"href":"https:\/\/www.europesays.com\/de\/wp-json\/wp\/v2\/comments?post=788220"}],"version-history":[{"count":0,"href":"https:\/\/www.europesays.com\/de\/wp-json\/wp\/v2\/posts\/788220\/revisions"}],"wp:featuredmedia":[{"embeddable":true,"href":"https:\/\/www.europesays.com\/de\/wp-json\/wp\/v2\/media\/788221"}],"wp:attachment":[{"href":"https:\/\/www.europesays.com\/de\/wp-json\/wp\/v2\/media?parent=788220"}],"wp:term":[{"taxonomy":"category","embeddable":true,"href":"https:\/\/www.europesays.com\/de\/wp-json\/wp\/v2\/categories?post=788220"},{"taxonomy":"post_tag","embeddable":true,"href":"https:\/\/www.europesays.com\/de\/wp-json\/wp\/v2\/tags?post=788220"}],"curies":[{"name":"wp","href":"https:\/\/api.w.org\/{rel}","templated":true}]}}