{"id":788250,"date":"2026-02-11T03:48:18","date_gmt":"2026-02-11T03:48:18","guid":{"rendered":"https:\/\/www.europesays.com\/de\/788250\/"},"modified":"2026-02-11T03:48:18","modified_gmt":"2026-02-11T03:48:18","slug":"neue-botschafter-in-moskau-peking-und-tel-aviv-medienbericht-nennt-alle-namen","status":"publish","type":"post","link":"https:\/\/www.europesays.com\/de\/788250\/","title":{"rendered":"Neue Botschafter in Moskau, Peking und Tel Aviv \u2013 Medienbericht nennt alle Namen"},"content":{"rendered":"<p class=\"is-first-paragraph\" data-external=\"Article.FirstParagraph\">Bundesau\u00dfenminister <a class=\"is-link c-block-items__link c-link--rich-text-renderer\" href=\"https:\/\/www.welt.de\/politik\/ausland\/article6978d54275382e230290555e\/asien-reise-werden-den-usa-immer-naeherstehen-als-china-wadephuls-mission-im-indopazifik.html\" data-internal-tracking-enabled=\"true\" data-internal-tracking=\"{&quot;action&quot;:&quot;click&quot;,&quot;label&quot;:&quot;link&quot;,&quot;name&quot;:&quot;Inline Element&quot;,&quot;data&quot;:{&quot;source&quot;:&quot;&quot;,&quot;target&quot;:&quot;https:\/\/www.welt.de\/politik\/ausland\/article6978d54275382e230290555e\/asien-reise-werden-den-usa-immer-naeherstehen-als-china-wadephuls-mission-im-indopazifik.html&quot;,&quot;trackingName&quot;:&quot;&quot;,&quot;trackingLabel&quot;:&quot;&quot;}}\" rel=\"nofollow noopener\" target=\"_blank\">Johann Wadephul<\/a> (CDU) besetzt nach <a class=\"is-link c-block-items__link is-external c-link--rich-text-renderer\" href=\"https:\/\/www.spiegel.de\/politik\/deutschland\/johann-wadephul-bundeskabinett-entscheidet-auf-vorschlag-des-aussenministers-ueber-sieben-botschafterposten-a-c8ec83cc-b321-4cfe-9eaa-0bc8b2d0007b\" target=\"_blank\" title=\"(Link wird in einem neuen Tab ge\u00f6ffnet)\" rel=\"nofollow noopener\" data-internal-tracking-enabled=\"true\" data-internal-tracking=\"{&quot;action&quot;:&quot;click&quot;,&quot;label&quot;:&quot;link&quot;,&quot;name&quot;:&quot;Inline Element&quot;,&quot;data&quot;:{&quot;source&quot;:&quot;&quot;,&quot;target&quot;:&quot;https:\/\/www.spiegel.de\/politik\/deutschland\/johann-wadephul-bundeskabinett-entscheidet-auf-vorschlag-des-aussenministers-ueber-sieben-botschafterposten-a-c8ec83cc-b321-4cfe-9eaa-0bc8b2d0007b&quot;,&quot;trackingName&quot;:&quot;&quot;,&quot;trackingLabel&quot;:&quot;&quot;}}\">Informationen des \u201eSpiegel\u201c<\/a> die Leitung von sieben Botschaften in der Besoldungsstufe B9 neu: Tel Aviv, Moskau, Mexiko-Stadt, Madrid, Peking, Neu-Delhi und Bras\u00edlia. In Regierungskreisen hie\u00df es dazu, auf Vorschlag von Wadephul (CDU) sei die turnusm\u00e4\u00dfige Rotation nun geeint. Das Tableau solle an diesem Mittwoch im Kabinett beschlossen werden. Auch das Portal Table.Media berichtete \u00fcber die Pl\u00e4ne.<\/p>\n<p>Nach \u201eSpiegel\u201c-Informationen soll <a class=\"is-link c-block-items__link c-link--rich-text-renderer\" href=\"https:\/\/www.welt.de\/themen\/alexander-graf-lambsdorff\/\" data-internal-tracking-enabled=\"true\" data-internal-tracking=\"{&quot;action&quot;:&quot;click&quot;,&quot;label&quot;:&quot;link&quot;,&quot;name&quot;:&quot;Inline Element&quot;,&quot;data&quot;:{&quot;source&quot;:&quot;&quot;,&quot;target&quot;:&quot;https:\/\/www.welt.de\/themen\/alexander-graf-lambsdorff\/&quot;,&quot;trackingName&quot;:&quot;&quot;,&quot;trackingLabel&quot;:&quot;&quot;}}\" rel=\"nofollow noopener\" target=\"_blank\">Alexander Graf Lambsdorff<\/a>, derzeit Botschafter in Moskau, nach Tel Aviv wechseln. Lambsdorff l\u00f6st auf dem Schl\u00fcsselposten in Israel <a class=\"is-link c-block-items__link c-link--rich-text-renderer\" href=\"https:\/\/www.welt.de\/themen\/steffen-seibert\/\" data-internal-tracking-enabled=\"true\" data-internal-tracking=\"{&quot;action&quot;:&quot;click&quot;,&quot;label&quot;:&quot;link&quot;,&quot;name&quot;:&quot;Inline Element&quot;,&quot;data&quot;:{&quot;source&quot;:&quot;&quot;,&quot;target&quot;:&quot;https:\/\/www.welt.de\/themen\/steffen-seibert\/&quot;,&quot;trackingName&quot;:&quot;&quot;,&quot;trackingLabel&quot;:&quot;&quot;}}\" rel=\"nofollow noopener\" target=\"_blank\">Botschafter Steffen Seibert<\/a> ab, der regul\u00e4r in den Ruhestand geht. Seibert, fr\u00fcher Regierungssprecher unter Kanzlerin Angela Merkel, hatte seinen Job im Sommer 2022 angetreten.<\/p>\n<p>Nachfolger in Moskau wird Botschafter Clemens von Goetze, derzeit leitet er die Vertretung in Mexiko-Stadt. Er war zuvor bereits als Botschafter in Tel Aviv, Peking und Tokio im Einsatz. In Mexiko-Stadt \u00fcbernimmt die derzeitige Botschafterin in Madrid, Maria Margarete Gosse. Sie hatte von 2018 bis 2022 die Zentralabteilung des Ausw\u00e4rtigen Amtes in Berlin geleitet.<\/p>\n<p>Ihr folgt in Madrid, und das kommt eher \u00fcberraschend, Botschafter Heiko Thoms. Er hatte erst im Sommer auf Wunsch von Wadephul den Posten in der ukrainischen <a class=\"is-link c-block-items__link c-link--rich-text-renderer\" href=\"https:\/\/www.welt.de\/themen\/kiew\/\" data-internal-tracking-enabled=\"true\" data-internal-tracking=\"{&quot;action&quot;:&quot;click&quot;,&quot;label&quot;:&quot;link&quot;,&quot;name&quot;:&quot;Inline Element&quot;,&quot;data&quot;:{&quot;source&quot;:&quot;&quot;,&quot;target&quot;:&quot;https:\/\/www.welt.de\/themen\/kiew\/&quot;,&quot;trackingName&quot;:&quot;&quot;,&quot;trackingLabel&quot;:&quot;&quot;}}\" rel=\"nofollow noopener\" target=\"_blank\">Hauptstadt Kiew<\/a> \u00fcbernommen, nachdem die Bundesregierung Martin J\u00e4ger von dort an die Spitze des Bundesnachrichtendienstes berufen hatte. Seine Nachfolge in der Ukraine steht noch nicht im Kabinett zur Entscheidung an.<\/p>\n<p>Ausw\u00e4rtiges Amt bleibt zur\u00fcckhaltend<\/p>\n<p>Die Leitung der Botschaft Neu-Delhi zieht auch Ver\u00e4nderungen in der Leitungsebene des Bundesverteidigungsministeriums von Boris Pistorius nach sich: Jasper Wieck, derzeit Politischer Direktor im Bendlerblock, kehrt nach Indien zur\u00fcck, wo er von 2017 bis 2020 bereits als stellvertretender Botschafter auf Posten war.<\/p>\n<p>Wieck \u00fcbernimmt in Indien von Philipp Ackermann, der als Botschafter nach Peking wechselt. Ackermann war unter anderem als Gesandter in Washington t\u00e4tig und leitete bis zu seinem Wechsel nach Indien die Politische Abteilung 3 im Ausw\u00e4rtigen Amt, die politischen Beziehungen zu den L\u00e4ndern des Nahen und Mittleren Osten, in Afrika und Lateinamerika zust\u00e4ndig ist.<\/p>\n<p>Seine Vorg\u00e4ngerin Patricia Flor wird neue deutsche Botschafterin in Bras\u00edlia. Bevor sie den Botschafterposten in China \u00fcbernahm, hatte sie die Delegation der Europ\u00e4ischen Union in Tokio geleitet und war im Ausw\u00e4rtigen Amt in der Abteilung f\u00fcr Internationale Ordnung, in den Vereinte Nationen und der R\u00fcstungskontrolle t\u00e4tig. Sie folgt auf Botschafterin Bettina Cadenbach, die regul\u00e4r in den Ruhestand geht.<\/p>\n<p>Aus dem Ausw\u00e4rtigen Amt hie\u00df es auf Nachfrage des \u201eSpiegel\u201c, turnusgem\u00e4\u00df \u201ewechseln im Ausw\u00e4rtigen Amt jeden Sommer zahlreiche Kolleginnen und Kollegen zum sogenannten einheitlichen Versetzungstermin die Posten, so auch eine Vielzahl von Leiterinnen und Leitern deutscher Auslandsvertretungen\u201c. Das Wiener \u00dcbereinkommen \u00fcber diplomatische Beziehungen sehe vor, dass zun\u00e4chst das Gastland \u00fcber eine geplante Entsendung von Botschafterinnen und Botschaftern zu informieren und hierzu das Einverst\u00e4ndnis der betreffenden Gastregierung einzuholen ist. Dies entspreche auch guter diplomatischer und protokollarischer Praxis. \u201eUm der Entscheidung des Gastlandes nicht vorzugreifen, best\u00e4tigen wir Personalien daher grunds\u00e4tzlich erst nach einer Zustimmung der Gastregierung\u201c, hie\u00df es.<\/p>\n","protected":false},"excerpt":{"rendered":"Bundesau\u00dfenminister Johann Wadephul (CDU) besetzt nach Informationen des \u201eSpiegel\u201c die Leitung von sieben Botschaften in der Besoldungsstufe B9&hellip;\n","protected":false},"author":2,"featured_media":788251,"comment_status":"","ping_status":"","sticky":false,"template":"","format":"standard","meta":{"footnotes":"","_share_on_mastodon":"0"},"categories":[5],"tags":[331,332,8228,1157,3364,29,508,30,13,71251,14,15,110,12,177862,32784],"class_list":["post-788250","post","type-post","status-publish","format-standard","has-post-thumbnail","category-nachrichten","tag-aktuelle-nachrichten","tag-aktuelle-news","tag-alexander-graf","tag-aussenpolitik","tag-de","tag-deutschland","tag-diplomatie","tag-germany","tag-headlines","tag-lambsdorff","tag-nachrichten","tag-news","tag-newsteam","tag-schlagzeilen","tag-seibert","tag-steffen"],"share_on_mastodon":{"url":"https:\/\/pubeurope.com\/@de\/116049956704457347","error":""},"_links":{"self":[{"href":"https:\/\/www.europesays.com\/de\/wp-json\/wp\/v2\/posts\/788250","targetHints":{"allow":["GET"]}}],"collection":[{"href":"https:\/\/www.europesays.com\/de\/wp-json\/wp\/v2\/posts"}],"about":[{"href":"https:\/\/www.europesays.com\/de\/wp-json\/wp\/v2\/types\/post"}],"author":[{"embeddable":true,"href":"https:\/\/www.europesays.com\/de\/wp-json\/wp\/v2\/users\/2"}],"replies":[{"embeddable":true,"href":"https:\/\/www.europesays.com\/de\/wp-json\/wp\/v2\/comments?post=788250"}],"version-history":[{"count":0,"href":"https:\/\/www.europesays.com\/de\/wp-json\/wp\/v2\/posts\/788250\/revisions"}],"wp:featuredmedia":[{"embeddable":true,"href":"https:\/\/www.europesays.com\/de\/wp-json\/wp\/v2\/media\/788251"}],"wp:attachment":[{"href":"https:\/\/www.europesays.com\/de\/wp-json\/wp\/v2\/media?parent=788250"}],"wp:term":[{"taxonomy":"category","embeddable":true,"href":"https:\/\/www.europesays.com\/de\/wp-json\/wp\/v2\/categories?post=788250"},{"taxonomy":"post_tag","embeddable":true,"href":"https:\/\/www.europesays.com\/de\/wp-json\/wp\/v2\/tags?post=788250"}],"curies":[{"name":"wp","href":"https:\/\/api.w.org\/{rel}","templated":true}]}}