{"id":788414,"date":"2026-02-11T05:20:13","date_gmt":"2026-02-11T05:20:13","guid":{"rendered":"https:\/\/www.europesays.com\/de\/788414\/"},"modified":"2026-02-11T05:20:13","modified_gmt":"2026-02-11T05:20:13","slug":"dwd-warnt-vor-sturm-mit-windstaerke-8-und-frost","status":"publish","type":"post","link":"https:\/\/www.europesays.com\/de\/788414\/","title":{"rendered":"DWD warnt vor Sturm mit Windst\u00e4rke 8 und Frost"},"content":{"rendered":"<p>Umschwung am Wochenende <\/p>\n<p>Windst\u00e4rke 8 \u2013 und im ganzen Land wird das Wetter ungem\u00fctlich<\/p>\n<p>11.02.2026 &#8211; 06:09 UhrLesedauer: 2 Min.<\/p>\n<p><a href=\"#focus-0\" class=\"transition-colors duration-200 block text-current relative\" data-sctrack=\"FocusGalleryImage.Reference\"><img fetchpriority=\"high\" data-testid=\"Opener.Image\" style=\"--lqipURL:url('https:\/\/images.t-online.de\/2024\/10\/x8Y8VYokipRc\/0x147:2048x1152\/fit-in\/150x0\/filters:blur(25)\/in-sachsen-hat-sich-das-wetter-am-sonntag-recht-windig-praesentiert-foto-illustration.jpg')\"   loading=\"eager\" src=\"https:\/\/www.europesays.com\/de\/wp-content\/uploads\/2026\/02\/in-sachsen-hat-sich-das-wetter-am-sonntag-recht-windig-praesentiert-foto-illustration.jpg\" alt=\"Wind in Dresden\" title=\"Wind in Dresden\" width=\"2048\" height=\"1152\" class=\"bg-[url:var(--lqipURL)] bg-cover bg-center flex h-full w-full max-w-full\" decoding=\"async\"\/><img style=\"--width:32;--height:32\" loading=\"lazy\" src=\"https:\/\/dresden.t-online.de\/s\/paper\/_next\/static\/media\/zoom-in.f7dae02f.svg\" alt=\"Vergr\u00f6\u00dfern des Bildes\" title=\"Vergr\u00f6\u00dfern des Bildes\" class=\"block h-[calc(var(--height)_\/_16_*_1rem)] w-[calc(var(--width)_\/_16_*_1rem)] max-w-none absolute bottom-8 right-8 rounded-4 bg-snow p-8\" decoding=\"async\"\/><\/a><\/p>\n<p>Eine Windhose weht im Wind (Symbolbild): In Dresden und weiten Teilen von Sachsen kann es st\u00fcrmisch werden. (Quelle: Robert Michael\/dpa-Zentralbild\/dpa\/dpa-bilder)<\/p>\n<p class=\"font-bold text-18 leading-17 user-text-lg:text-22 user-text-xl:text-24\">Der DWD warnt f\u00fcr die Region Dresden vor Windb\u00f6en bis 65 km\/h. Sachsenweit sieht es nicht besser aus \u2013 zum Wochenende droht ein markanter Umschwung.<\/p>\n<p class=\"text-18 leading-17 user-text-lg:text-22 user-text-xl:text-24\">Der Deutsche Wetterdienst hat f\u00fcr die Region Dresden eine amtliche Warnung vor Windb\u00f6en herausgegeben. Und auch im Rest Sachsens bleibt das Wetter in den kommenden Tagen unruhig, berichten die Meteorologen.<\/p>\n<p class=\"text-18 leading-17 user-text-lg:text-22 user-text-xl:text-24\">Konkret warnt der DWD f\u00fcr Dresden und Umgebung noch bis Mittwochnachmittag, 15 Uhr, vor B\u00f6en mit Geschwindigkeiten um 55 km\/h (Windst\u00e4rke 7) aus s\u00fcdlicher Richtung. In exponierten Lagen muss mit Sturmb\u00f6en um 65 km\/h (Windst\u00e4rke 8) gerechnet werden. Der DWD weist auf die Gefahr umherfliegender leichter Gegenst\u00e4nde hin und empfiehlt, lose Gegenst\u00e4nde zu sichern sowie Zelte und Abdeckungen zu befestigen.<\/p>\n<p class=\"text-18 leading-17 user-text-lg:text-22 user-text-xl:text-24\">Auch andernorts in Sachsen bleibt es st\u00fcrmisch: In der Oberlausitz und im Osterzgebirge werden bis in den Nachmittag ebenfalls B\u00f6en um 55 km\/h aus S\u00fcdost erwartet. Auf dem Fichtelberg im westlichen Erzgebirge treten zeitweise sogar Sturmb\u00f6en um 70 km\/h auf. In den Hochlagen des Erzgebirges besteht in den Fr\u00fchstunden zudem stellenweise Gl\u00e4ttegefahr durch \u00fcberfrierende N\u00e4sse, lokal auch durch gefrierenden Regen oder Spr\u00fchregen.<\/p>\n<p class=\"text-18 leading-17 user-text-lg:text-22 user-text-xl:text-24\">Hintergrund der unruhigen Wetterlage sind atlantische Tiefausl\u00e4ufer, die Niederschl\u00e4ge und zunehmend mildere Luft nach Sachsen f\u00fchren. Am Mittwoch zeigt sich der Himmel stark bew\u00f6lkt, gelegentlich f\u00e4llt leichter Regen. Die H\u00f6chstwerte liegen sachsenweit bei 4 bis 9 Grad, im Bergland bei 0 bis 4 Grad. Der Wind dreht im Tagesverlauf von S\u00fcdost auf S\u00fcd bis S\u00fcdwest.<\/p>\n<p class=\"text-18 leading-17 user-text-lg:text-22 user-text-xl:text-24\">In der Nacht zum Donnerstag zieht der Regen nach Nordosten ab, gegen Morgen setzt im Vogtland erneut leichter Regen ein. Die Temperaturen sinken auf 6 bis 3 Grad, im Bergland bis 1 Grad. Donnerstag und Freitag bringen weiterhin viele Wolken und zeitweisen Regen \u2013 bei allerdings milden H\u00f6chstwerten von bis zu 11 Grad. Der S\u00fcdwestwind bleibt sp\u00fcrbar, im Bergland sind weiterhin st\u00fcrmische B\u00f6en m\u00f6glich.<\/p>\n<p class=\"text-18 leading-17 user-text-lg:text-22 user-text-xl:text-24\">Zum Wochenende steht Sachsen dann ein deutlicher Wetterwechsel bevor: In der Nacht zum Samstag gehen die Niederschl\u00e4ge in Schnee und Schneeregen \u00fcber, die Temperaturen fallen auf 2 bis minus 2 Grad \u2013 gebietsweise droht Gl\u00e4tte. Am Samstag erreichen die H\u00f6chstwerte nur noch 2 bis 4 Grad, am Abend geht der Regen von Norden in Schnee \u00fcber. In der Nacht zum Sonntag setzt gebietsweise leichter bis m\u00e4\u00dfiger Schneefall ein, die Temperaturen sinken auf minus 4 bis minus 6 Grad.<\/p>\n","protected":false},"excerpt":{"rendered":"Umschwung am Wochenende Windst\u00e4rke 8 \u2013 und im ganzen Land wird das Wetter ungem\u00fctlich 11.02.2026 &#8211; 06:09 UhrLesedauer:&hellip;\n","protected":false},"author":2,"featured_media":788415,"comment_status":"","ping_status":"","sticky":false,"template":"","format":"standard","meta":{"footnotes":"","_share_on_mastodon":"0"},"categories":[1835],"tags":[722,3176,31862,3364,950,29,2386,4906,19404,147371,30,138754,168147,859,56152,32440,177875,34823],"class_list":["post-788414","post","type-post","status-publish","format-standard","has-post-thumbnail","category-dresden","tag-722","tag-3176","tag-bergland","tag-de","tag-deutscher-wetterdienst","tag-deutschland","tag-dresden","tag-dwd","tag-erzgebirge","tag-fichtelberg","tag-germany","tag-oberlausitz","tag-osterzgebirge","tag-sachsen","tag-umschwung","tag-windboee","tag-windhose","tag-windstaerke"],"share_on_mastodon":{"url":"https:\/\/pubeurope.com\/@de\/116050318213445127","error":""},"_links":{"self":[{"href":"https:\/\/www.europesays.com\/de\/wp-json\/wp\/v2\/posts\/788414","targetHints":{"allow":["GET"]}}],"collection":[{"href":"https:\/\/www.europesays.com\/de\/wp-json\/wp\/v2\/posts"}],"about":[{"href":"https:\/\/www.europesays.com\/de\/wp-json\/wp\/v2\/types\/post"}],"author":[{"embeddable":true,"href":"https:\/\/www.europesays.com\/de\/wp-json\/wp\/v2\/users\/2"}],"replies":[{"embeddable":true,"href":"https:\/\/www.europesays.com\/de\/wp-json\/wp\/v2\/comments?post=788414"}],"version-history":[{"count":0,"href":"https:\/\/www.europesays.com\/de\/wp-json\/wp\/v2\/posts\/788414\/revisions"}],"wp:featuredmedia":[{"embeddable":true,"href":"https:\/\/www.europesays.com\/de\/wp-json\/wp\/v2\/media\/788415"}],"wp:attachment":[{"href":"https:\/\/www.europesays.com\/de\/wp-json\/wp\/v2\/media?parent=788414"}],"wp:term":[{"taxonomy":"category","embeddable":true,"href":"https:\/\/www.europesays.com\/de\/wp-json\/wp\/v2\/categories?post=788414"},{"taxonomy":"post_tag","embeddable":true,"href":"https:\/\/www.europesays.com\/de\/wp-json\/wp\/v2\/tags?post=788414"}],"curies":[{"name":"wp","href":"https:\/\/api.w.org\/{rel}","templated":true}]}}