{"id":788485,"date":"2026-02-11T06:01:12","date_gmt":"2026-02-11T06:01:12","guid":{"rendered":"https:\/\/www.europesays.com\/de\/788485\/"},"modified":"2026-02-11T06:01:12","modified_gmt":"2026-02-11T06:01:12","slug":"markus-lanz-spd-generalsekretaer-stolpert-ueber-sozial-milliarden-politik","status":"publish","type":"post","link":"https:\/\/www.europesays.com\/de\/788485\/","title":{"rendered":"Markus Lanz: SPD-Generalsekret\u00e4r stolpert \u00fcber Sozial-Milliarden | Politik"},"content":{"rendered":"<p><a class=\"skip-content skip-content--link\" href=\"#in-content-skip-link-target-v-0-0\">TTS-Player \u00fcberspringen\u21b5<\/a><a id=\"in-content-skip-link-target-v-0-0\" class=\"skip-content--target-link-hidden skip-content skip-content--target-link\" href=\"#in-content-skip-link-target-v-0-0\">Artikel weiterlesen<\/a><\/p>\n<p><b>Wer sich in Gefahr begibt, kommt darin um. SPD-Generalsekret\u00e4r Tim Kl\u00fcssendorf (34) lie\u00df sich von Markus Lanz (56) zu einer Diskussion \u00fcber das neue SPD-Grundsatzprogramm einladen und ging abendf\u00fcllend baden. Grund: Der Parteistratege war auf die spezielle Verh\u00f6rtechnik des Talkmasters so schlecht vorbereitet, dass ihn schon einfachste Sachfragen ins Schleudern brachten. Dabei begann Lanz ganz harmlos: \u201eWissen Sie, wie viel Deutschland mittlerweile f\u00fcr Soziales ausgibt?\u201c <\/b><\/p>\n<p>Anzeige<\/p>\n<p>Auch interessant<\/p>\n<p>Anzeige<\/p>\n<p>Auch interessant<\/p>\n<p>Da war Kl\u00fcssendorf noch selbstsicher: \u201eJa. Wei\u00df ich.\u201c \u2013 <a href=\"https:\/\/www.bild.de\/unterhaltung\/leute\/markus-lanz\/thema-markus-lanz-alle-infos-81728864.bild.html\" class=\"text-link\" rel=\"nofollow noopener\" target=\"_blank\">Lanz<\/a> prompt: \u201eWieviel?\u201c \u2013 Kl\u00fcssendorf pl\u00f6tzlich unsicher: \u201eNee, sorry, ein Drittel, die H\u00e4lfte ungef\u00e4hr.\u201c \u2013 Lanz auf den Punkt: \u201eWieviel vom BIP, in Billionen gerechnet?\u201c \u2013 Kl\u00fcssendorf jetzt sichtlich nerv\u00f6s: \u201eAlso das BIP ist bei 1 Komma irgendwas? Also ich kann es jetzt nicht in Zahlen beziffern. Ich wei\u00df, dass Sie das immer gerne machen, aber ich wei\u00df, wie viel die <a href=\"https:\/\/www.bild.de\/ratgeber\/geld\/rente-und-senioren-alle-infos-2jNPZ3SoykXE0J8J3DVP\" class=\"text-link\" rel=\"nofollow noopener\" target=\"_blank\">Rente<\/a>, ein Drittel \u2026\u201c \u2013 Lanz mit leisem Vorwurf: \u201eMan muss doch wissen, wovon man redet.\u201c \u2013 Kl\u00fcssendorf hilflos: \u201eIch glaube, 50 Prozent Sozialquote, aber \u2013 korrigieren Sie mich.\u201c \u2013 Lanz unerbittlich: \u201eIn Zahlen jetzt! Wie viele Billionen f\u00fcr Soziales? Es geht doch um die Reform.\u201c<\/p>\n<p><img decoding=\"async\" width=\"992\" height=\"558\" alt=\"SPD-Generalsekret\u00e4r Tim Kl\u00fcssendorf im Gespr\u00e4ch mit Markus Lanz\" src=\"https:\/\/www.europesays.com\/de\/wp-content\/uploads\/2026\/02\/3af3f54753b1faf0b8d52afe0619c041,8e8130bf.jpeg\"   class=\"landscape\" loading=\"lazy\"\/><\/p>\n<p class=\"fig__caption__text\">SPD-Generalsekret\u00e4r Tim Kl\u00fcssendorf im Gespr\u00e4ch mit Markus Lanz <\/p>\n<p>Foto: Markus Hertrich\/ZDF<\/p>\n<p>Denn, so Kl\u00fcssendorfs verbl\u00fcffende Erkl\u00e4rung: \u201eDas wird bei der Rente zum Beispiel gemacht, und dann stellt man relativ schnell fest, dass aber der Anteil an dem, was der Staat ausgibt, sowohl der Steuerzuschuss als auch das Bruttoinlandsprodukt, total konstant sind. Und jedes Jahr wird wieder von Rekordzahlen gesprochen. Ich bin ja Volks- und Betriebswirt.\u201c \u2013 Lanz hakte prompt nach: \u201eSie darf ich das ja fragen.\u201c \u2013 Kl\u00fcssendorf wieder etwas sicherer: \u201eGenau. Hundertprozentig. Die absoluten Zahlen sind nicht ganz so relevant. Ich kenne meistens die relativen Zahlen, weil, da hilft es eben, weiter zu schauen, weil es dann ja vergleichbar ist. Ansonsten ist es nicht vergleichbar. Aber steuern Sie die Zahl gerne noch mal nach.\u201c<\/p>\n<p>Methodik-Streit um Sozialausgaben und BIP-Anteile<\/p>\n<p>Lanz prompt: \u201eIch glaube, es sind 1,3 Billionen.\u201c Lanz danach: \u201eLetzte Frage in diesem Zusammenhang: Mit wie viel Geld bezuschussen wir die <a href=\"https:\/\/www.bild.de\/themen\/organisationen\/krankenkassen\/news-fotos-videos-17020070.bild.html\" class=\"text-link\" rel=\"nofollow noopener\" target=\"_blank\">Krankenkassen<\/a> jedes Jahr?\u201c \u2013 Kl\u00fcssendorf wieder ratlos: \u201eWei\u00df ich nicht.\u201c \u2013 Lanz: \u201eUngef\u00e4hr? Haben Sie eine Idee?\u201c \u2013 Kl\u00fcssendorf kapitulierte erneut: \u201eNee. Sagen Sie!\u201c \u2013 Lanz: \u201e\u00dcber 13 Milliarden.\u201c \u2013 Und Kl\u00fcssendorf pl\u00f6tzlich wie erleuchtet: \u201eAch so. Ja, klar. Sorry. Wegen der B\u00fcrgergeldempf\u00e4nger.\u201c Die Sorge des <a href=\"https:\/\/www.bild.de\/politik\/inland\/spd\/spd-alle-infos-76661710.bild.html\" class=\"text-link\" rel=\"nofollow noopener\" target=\"_blank\">SPD<\/a>-Generals kam dann wieder mit viel \u00dcberzeugung: \u201eIch will am Ende nicht sagen, ich muss wieder Beitr\u00e4ge erh\u00f6hen, und am Ende m\u00fcssen es die Leute, die jeden Tag arbeiten gehen, zahlen.\u201c<\/p>\n","protected":false},"excerpt":{"rendered":"TTS-Player \u00fcberspringen\u21b5Artikel weiterlesen Wer sich in Gefahr begibt, kommt darin um. SPD-Generalsekret\u00e4r Tim Kl\u00fcssendorf (34) lie\u00df sich von&hellip;\n","protected":false},"author":2,"featured_media":788486,"comment_status":"","ping_status":"","sticky":false,"template":"","format":"standard","meta":{"footnotes":"","_share_on_mastodon":"0"},"categories":[2],"tags":[29,30,13,31224,14,15,379,12,184,3638,138370,45,10,8,9,11],"class_list":["post-788485","post","type-post","status-publish","format-standard","has-post-thumbnail","category-deutschland","tag-deutschland","tag-germany","tag-headlines","tag-lanz-markus","tag-nachrichten","tag-news","tag-rente","tag-schlagzeilen","tag-spd","tag-talkshow","tag-team-first","tag-texttospeech","tag-top-news","tag-top-meldungen","tag-topmeldungen","tag-topnews"],"share_on_mastodon":{"url":"https:\/\/pubeurope.com\/@de\/116050479368136097","error":""},"_links":{"self":[{"href":"https:\/\/www.europesays.com\/de\/wp-json\/wp\/v2\/posts\/788485","targetHints":{"allow":["GET"]}}],"collection":[{"href":"https:\/\/www.europesays.com\/de\/wp-json\/wp\/v2\/posts"}],"about":[{"href":"https:\/\/www.europesays.com\/de\/wp-json\/wp\/v2\/types\/post"}],"author":[{"embeddable":true,"href":"https:\/\/www.europesays.com\/de\/wp-json\/wp\/v2\/users\/2"}],"replies":[{"embeddable":true,"href":"https:\/\/www.europesays.com\/de\/wp-json\/wp\/v2\/comments?post=788485"}],"version-history":[{"count":0,"href":"https:\/\/www.europesays.com\/de\/wp-json\/wp\/v2\/posts\/788485\/revisions"}],"wp:featuredmedia":[{"embeddable":true,"href":"https:\/\/www.europesays.com\/de\/wp-json\/wp\/v2\/media\/788486"}],"wp:attachment":[{"href":"https:\/\/www.europesays.com\/de\/wp-json\/wp\/v2\/media?parent=788485"}],"wp:term":[{"taxonomy":"category","embeddable":true,"href":"https:\/\/www.europesays.com\/de\/wp-json\/wp\/v2\/categories?post=788485"},{"taxonomy":"post_tag","embeddable":true,"href":"https:\/\/www.europesays.com\/de\/wp-json\/wp\/v2\/tags?post=788485"}],"curies":[{"name":"wp","href":"https:\/\/api.w.org\/{rel}","templated":true}]}}