{"id":788506,"date":"2026-02-11T06:14:11","date_gmt":"2026-02-11T06:14:11","guid":{"rendered":"https:\/\/www.europesays.com\/de\/788506\/"},"modified":"2026-02-11T06:14:11","modified_gmt":"2026-02-11T06:14:11","slug":"unfaelle-ausfaelle-und-verspaetungen-von-bus-und-bahn-im-ueberblick-2","status":"publish","type":"post","link":"https:\/\/www.europesays.com\/de\/788506\/","title":{"rendered":"Unf\u00e4lle, Ausf\u00e4lle und Versp\u00e4tungen von Bus und Bahn im \u00dcberblick"},"content":{"rendered":"<p>            Mittwoch, 11. Februar<\/p>\n<p class=\"mb-6 text-xs md:text-m lg:text-l font-serif group-[.font-sans]:font-sans \">\n    Nach aktuellem Stand (7.10 Uhr) sind dem Verkehrssticker des Karlsruher Verkehrsverbunds (KVV) keine Meldungen zu entnehmen.\n  <\/p>\n<p>            Dienstag, 10. Februar<\/p>\n<p class=\"mb-6 text-xs md:text-m lg:text-l font-serif group-[.font-sans]:font-sans \">\n    <strong class=\"font-bold\">Linie 55:<\/strong><br \/>Auf der <strong class=\"font-bold\">Buslinie 55 <\/strong>kommt es zu <strong class=\"font-bold\">einzelnen Fahrtausf\u00e4llen<\/strong>. Betroffen ist der Bereich z<strong class=\"font-bold\">wischen Karlsruhe K\u00fchler Krug und Karlsruhe Hauptbahnhof Vorplatz<\/strong>. Welche Fahrten betroffen sind, zeigt der Abfahrtsmonitor des KVV.\n  <\/p>\n<p class=\"mb-6 text-xs md:text-m lg:text-l font-serif group-[.font-sans]:font-sans \">\n    <strong class=\"font-bold\">Linien 3 und 4:<\/strong><br \/><a href=\"https:\/\/www.ka-news.de\/karlsruhe\/verkehr\/gleisschaden-karlsruhe-beeintraechtigt-oepnv-strassenbahn-linien-3-und-4-werden-bis-dienstag-umgeleitet-113419600\" target=\"_self\" class=\"underline \" rel=\"nofollow noopener\">Gleisschaden im Bereich <strong class=\"font-bold\">Karlsruhe Karl-Wilhelm-Platz<\/strong> zwischen <strong class=\"font-bold\">Karlsruhe Durlacher Tor<\/strong> und <strong class=\"font-bold\">Karlsruhe Hauptfriedhof<\/strong> in Richtung Hauptfriedhof<\/a>. Die <strong class=\"font-bold\">Linien 3 und 4<\/strong> <strong class=\"font-bold\">werden umgeleitet<\/strong>. St\u00f6rungsende voraussichtlich <strong class=\"font-bold\">Dienstagabend, den 10.02.2026<\/strong>.\n  <\/p>\n<p class=\"mb-6 text-xs md:text-m lg:text-l font-serif group-[.font-sans]:font-sans \">\n    <strong class=\"font-bold\">Linie S4<\/strong><br \/>Auf der <strong class=\"font-bold\">Linie S4 <\/strong>kommt es zu <strong class=\"font-bold\">einzelnen Fahrtausf\u00e4llen<\/strong>. Betroffen ist der Bereich zwischen <strong class=\"font-bold\">Karlsruhe Albtalbahnhof<\/strong> und <strong class=\"font-bold\">Flehingen Bahnhof. <\/strong>Folgende Fahrten sind betroffen:\n  <\/p>\n<ul rel=\"\" class=\"[&amp;&gt;li]:relative list-none  [&amp;&gt;li]:pl-[1.2em] [&amp;&gt;li]:marker:text-[0] [&amp;&gt;li]:relative [&amp;&gt;li]:before:absolute [&amp;&gt;li]:before:w-3 [&amp;&gt;li]:before:h-3 [&amp;&gt;li]:before:bg-brand [&amp;&gt;li]:before:left-0 [&amp;&gt;li]:before:top-[8px] [&amp;&gt;li]:before:rounded-full  my-5\">\n<li class=\" mb-3 text-xs md:text-m lg:text-l\">07.35 Uhr Karlsruhe Albtalbahnhof \u2013 09.20 Uhr Flehingen Bahnhof<\/li>\n<li class=\" mb-3 text-xs md:text-m lg:text-l\">09.20 Uhr Flehingen Bahnhof \u2013 10.22 Uhr Karlsruhe Albtalbahnhof<\/li>\n<\/ul>\n<p class=\"mb-6 text-xs md:text-m lg:text-l font-serif group-[.font-sans]:font-sans \">\n    Grund daf\u00fcr sind kurzfristige betriebsbedingte Ausf\u00e4lle bei der Albtal-Verkehrs-Gesellschaft (AVG).\n  <\/p>\n<p>            Montag, 9. Februar<\/p>\n<p class=\"mb-6 text-xs md:text-m lg:text-l font-serif group-[.font-sans]:font-sans \">\n    <strong class=\"font-bold\">Linien 3 und 4:<\/strong><br \/>Gleisschaden im Bereich <strong class=\"font-bold\">Karlsruhe Karl-Wilhelm-Platz<\/strong> zwischen <strong class=\"font-bold\">Karlsruhe Durlacher Tor<\/strong> und <strong class=\"font-bold\">Karlsruhe Hauptfriedhof<\/strong> in Richtung Hauptfriedhof. Die <strong class=\"font-bold\">Linien 3 und 4<\/strong> <strong class=\"font-bold\">werden umgeleitet<\/strong>. St\u00f6rungsende voraussichtlich <strong class=\"font-bold\">Dienstagabend, den 10.02.2026<\/strong>.\n  <\/p>\n<p class=\"mb-6 text-xs md:text-m lg:text-l font-serif group-[.font-sans]:font-sans \">\n    <strong class=\"font-bold\">Lienen S31\/S32:<\/strong><br \/>Auf den <strong class=\"font-bold\">Linien S31 und S32<\/strong> kommt es in <strong class=\"font-bold\">Richtung Odenheim\/Menzingen<\/strong> zu <strong class=\"font-bold\">Versp\u00e4tungen. <\/strong>Grund daf\u00fcr ist eine<strong class=\"font-bold\"> Bahn\u00fcbergangsst\u00f6rung<\/strong> im Bereich Ubstadt-Ort.\n  <\/p>\n<p>            Freitag, 6. Februar: Fehlendes Fahrpersonal auf Linie S5<\/p>\n<p class=\"mb-6 text-xs md:text-m lg:text-l font-serif group-[.font-sans]:font-sans \">\n    <strong class=\"font-bold\">Linie S5:<\/strong><br \/>Auf der Linie <strong class=\"font-bold\">S5<\/strong> kommt es wegen Engp\u00e4ssen beim Fahrpersonal der AVG zu Fahrtausf\u00e4llen. Betroffen ist der Bereich zwischen <strong class=\"font-bold\">S\u00f6llingen Bahnhof<\/strong> und <strong class=\"font-bold\">W\u00f6rth Badepark<\/strong>. Folgende Fahrten fallen aus:\n  <\/p>\n<ul rel=\"\" class=\"[&amp;&gt;li]:relative list-none  [&amp;&gt;li]:pl-[1.2em] [&amp;&gt;li]:marker:text-[0] [&amp;&gt;li]:relative [&amp;&gt;li]:before:absolute [&amp;&gt;li]:before:w-3 [&amp;&gt;li]:before:h-3 [&amp;&gt;li]:before:bg-brand [&amp;&gt;li]:before:left-0 [&amp;&gt;li]:before:top-[8px] [&amp;&gt;li]:before:rounded-full  my-5\">\n<li class=\" mb-3 text-xs md:text-m lg:text-l\">Ka. Albtalbahnhof (05:02 Uhr) &#8211; S\u00f6llingen (05:35 Uhr)<\/li>\n<li class=\" mb-3 text-xs md:text-m lg:text-l\">S\u00f6llingen (05:58 Uhr) &#8211; W\u00f6rth Badepark (07:05 Uhr)<\/li>\n<li class=\" mb-3 text-xs md:text-m lg:text-l\">W\u00f6rth Badepark (07:15 Uhr) &#8211; S\u00f6llingen (08:17 Uhr)<\/li>\n<li class=\" mb-3 text-xs md:text-m lg:text-l\">S\u00f6llingen (08:38 Uhr) &#8211; Ka. Marktplatz Kaiserstra\u00dfe U (09:06 Uhr)<\/li>\n<\/ul>\n<p>            Donnerstag, 5. Februar: Gleisst\u00f6rung im Stadtbahntunnel <\/p>\n<p class=\"mb-6 text-xs md:text-m lg:text-l font-serif group-[.font-sans]:font-sans \">\n    <strong class=\"font-bold\">Linie S4:<\/strong><br \/>Signalst\u00f6rung im <strong class=\"font-bold\">Bereich W\u00f6ssingen<\/strong>. Auf der Linie <strong class=\"font-bold\">S4<\/strong> kommt es in Richtung <strong class=\"font-bold\">Karlsruhe Albtalbahnhof<\/strong> zu Versp\u00e4tungen.\n  <\/p>\n<p class=\"mb-6 text-xs md:text-m lg:text-l font-serif group-[.font-sans]:font-sans \">\n    <strong class=\"font-bold\">Gleisst\u00f6rung im Stadtbahntunnel<\/strong><br \/>Gegen 6.20 Uhr kam es im Stadtbahntunnel zu einer Gleisst\u00f6rung, weshalb sich der Bahnverkehr am Donnerstagmorgen in diesem Bereich etwas staute. Die St\u00f6rung konnte aber schnell behoben werden. Die betroffenen Linien, die den Stadtbahntunnel durchfahren, versp\u00e4ten sich um wenige Minuten.\n  <\/p>\n<p>            Mittwoch, 4. Februar: Witterungsbedingte St\u00f6rung und Fehler an den Haltestellen<\/p>\n<p class=\"mb-6 text-xs md:text-m lg:text-l font-serif group-[.font-sans]:font-sans \">\n    <strong class=\"font-bold\">Anzeigetafeln zeigen falsche Angaben<\/strong><br \/>Aktuell kommt es im gesamten Stra\u00dfenbahnnetz der AVG zu St\u00f6rungen bei den Haltestellenanzeigen. Grund ist ein Systemfehler. Betroffen sind die<strong class=\"font-bold\"> Linien der AVG. Der KVV bittet Fahrg\u00e4ste, auf die Fahrplanaush\u00e4nge zu achten.<\/strong>\n  <\/p>\n<p class=\"mb-6 text-xs md:text-m lg:text-l font-serif group-[.font-sans]:font-sans \">\n    <strong class=\"font-bold\">Linie S11:<\/strong><br \/>Witterungsbedingte St\u00f6rung im Bereich<strong class=\"font-bold\"> Langensteinbach Bf.<\/strong>. Die Linie <strong class=\"font-bold\">S11<\/strong> ist zwischen<strong class=\"font-bold\"> Langensteinbach Bahnhof<\/strong> und <strong class=\"font-bold\">Ittersbach Bahnhof <\/strong>unterbrochen. Ein <strong class=\"font-bold\">Schienenersatzverkehr mit Taxen<\/strong> ist eingerichtet.\n  <\/p>\n<p class=\"mb-6 text-xs md:text-m lg:text-l font-serif group-[.font-sans]:font-sans \">\n    <strong class=\"font-bold\">Linie 31:<\/strong><br \/>Auf der Linie <strong class=\"font-bold\">31<\/strong> kommt es aufgrund einer Fahrzeugst\u00f6rung zu einzelnen Fahrtausf\u00e4llen. Betroffen ist der Bereich zwischen <strong class=\"font-bold\">Waldstadt Zentrum<\/strong> und <strong class=\"font-bold\">Durlach Bahnhof.<\/strong>\n  <\/p>\n<p class=\"mb-6 text-xs md:text-m lg:text-l font-serif group-[.font-sans]:font-sans \">\n    <strong class=\"font-bold\">Linien S5 und S6:<\/strong><br \/>Im <strong class=\"font-bold\">Bereich S\u00f6llingen<\/strong> kam es am Mittwochmorgen zu einer Weichenst\u00f6rung der Linien <strong class=\"font-bold\">S5<\/strong> und <strong class=\"font-bold\">S6<\/strong>. Laut VBK ist die St\u00f6rung inzwischen behoben. Es kann <strong class=\"font-bold\">weiterhin zu Versp\u00e4tungen und Fahrtausf\u00e4llen<\/strong> kommen.\n  <\/p>\n<p>            Dienstag, 3. Februar, 7.15 Uhr: Betriebsbedingte Ausf\u00e4lle bis Dienstagnachmittag<\/p>\n<p class=\"mb-6 text-xs md:text-m lg:text-l font-serif group-[.font-sans]:font-sans \">\n    <strong class=\"font-bold\">Linie S4:<\/strong><br \/>Auf der Linie <strong class=\"font-bold\">S4<\/strong> kommt es wegen Engp\u00e4ssen beim Fahrpersonal der AVG zu Fahrtausf\u00e4llen. Betroffen ist der Bereich zwischen <strong class=\"font-bold\">Karlsruhe Tullastra\u00dfe\/Alter Schlachthof<\/strong> und <strong class=\"font-bold\">Karlsruhe Albtalbahnhof<\/strong>. Folgende Fahrten fallen aus:\n  <\/p>\n<ul rel=\"\" class=\"[&amp;&gt;li]:relative list-none  [&amp;&gt;li]:pl-[1.2em] [&amp;&gt;li]:marker:text-[0] [&amp;&gt;li]:relative [&amp;&gt;li]:before:absolute [&amp;&gt;li]:before:w-3 [&amp;&gt;li]:before:h-3 [&amp;&gt;li]:before:bg-brand [&amp;&gt;li]:before:left-0 [&amp;&gt;li]:before:top-[8px] [&amp;&gt;li]:before:rounded-full  my-5\">\n<li class=\" mb-3 text-xs md:text-m lg:text-l\">Karlsruhe Tullastra\u00dfe (06:27 Uhr) &#8211; Karlsruhe Albtalbahnhof (06:42 Uhr)<\/li>\n<li class=\" mb-3 text-xs md:text-m lg:text-l\">Karlsruhe Albtalbahnhof (07:55 Uhr) &#8211; Karlsruhe Tullstra\u00dfe (08:10 Uhr)<\/li>\n<li class=\" mb-3 text-xs md:text-m lg:text-l\">Karlsruhe Tullastra\u00dfe (08:07 Uhr) &#8211; Karlsruhe Albtalbahnhof (08:26 Uhr)<\/li>\n<li class=\" mb-3 text-xs md:text-m lg:text-l\">Karlsruhe Albtalbahnhof (10:15 Uhr) &#8211; Karlsruhe Tullastra\u00dfe (10:29 Uhr)<\/li>\n<li class=\" mb-3 text-xs md:text-m lg:text-l\">Bretten Bf (10:39 Uhr) &#8211; Karlsruhe Albtalbahnhof (11:22 Uhr)<\/li>\n<li class=\" mb-3 text-xs md:text-m lg:text-l\">Karlsruhe Albtalbahnhof (13:35 Uhr) &#8211; Flehingen Bf (13:37 Uhr)<\/li>\n<li class=\" mb-3 text-xs md:text-m lg:text-l\">Flehingen Bf (14:20 Uhr) &#8211; Karlsruhe Albtalbahnhof (15:22 Uhr)<\/li>\n<li class=\" mb-3 text-xs md:text-m lg:text-l\">Karlsruhe Albtalbahnhof (16:15 Uhr) &#8211; Bretten Bf (16:57 Uhr)<\/li>\n<\/ul>\n<p class=\"mb-6 text-xs md:text-m lg:text-l font-serif group-[.font-sans]:font-sans \">\n    <strong class=\"font-bold\">Linie S5:<\/strong><br \/>Auf der Linie <strong class=\"font-bold\">S5<\/strong> kommt es wegen Engp\u00e4ssen beim Fahrpersonal der AVG zu Fahrtausf\u00e4llen. Betroffen ist der Bereich zwischen <strong class=\"font-bold\">Karlsruhe Albtalbahnhof<\/strong> und <strong class=\"font-bold\">S\u00f6llingen Bahnhof. <\/strong>Folgende Fahrten fallen aus:\n  <\/p>\n<ul rel=\"\" class=\"[&amp;&gt;li]:relative list-none  [&amp;&gt;li]:pl-[1.2em] [&amp;&gt;li]:marker:text-[0] [&amp;&gt;li]:relative [&amp;&gt;li]:before:absolute [&amp;&gt;li]:before:w-3 [&amp;&gt;li]:before:h-3 [&amp;&gt;li]:before:bg-brand [&amp;&gt;li]:before:left-0 [&amp;&gt;li]:before:top-[8px] [&amp;&gt;li]:before:rounded-full  my-5\">\n<li class=\" mb-3 text-xs md:text-m lg:text-l\">Karlsruhe Albtalbahnhof (05:02 Uhr) &#8211; S\u00f6llingen Bahnhof (05:35 Uhr)<\/li>\n<li class=\" mb-3 text-xs md:text-m lg:text-l\">S\u00f6llingen Bahnhof (05:58 Uhr) &#8211; W\u00f6rth Badepark (07:05 Uhr)<\/li>\n<li class=\" mb-3 text-xs md:text-m lg:text-l\">W\u00f6rth Badepark (07:15 Uhr) &#8211; S\u00f6llingen Bahnhof (08:17 Uhr)<\/li>\n<li class=\" mb-3 text-xs md:text-m lg:text-l\">S\u00f6llingen Bahnhof (08:38 Uhr) &#8211; Karlsruhe Marktplatz (09:06 Uhr)<\/li>\n<li class=\" mb-3 text-xs md:text-m lg:text-l\">Karlsruhe Marktplatz (09:17 Uhr) &#8211; W\u00f6rth Badepark (09:53 Uhr)<\/li>\n<li class=\" mb-3 text-xs md:text-m lg:text-l\">W\u00f6rth Badepark (10:05 Uhr) &#8211; S\u00f6llingen (11:06 Uhr)<\/li>\n<li class=\" mb-3 text-xs md:text-m lg:text-l\">S\u00f6llingen (11:18 Uhr) &#8211; Karlsruhe Albtalbahnhof (11:56 Uhr)<\/li>\n<\/ul>\n<p class=\"mb-6 text-xs md:text-m lg:text-l font-serif group-[.font-sans]:font-sans \">\n    <strong class=\"font-bold\">Linien S7\/S71:<\/strong><br \/>Auf den Linien <strong class=\"font-bold\">S7<\/strong> und <strong class=\"font-bold\">S71<\/strong> kommt es wegen Engp\u00e4ssen beim Fahrpersonal der AVG zu Fahrtausf\u00e4llen. Betroffen ist der Bereich zwischen <strong class=\"font-bold\">Karlsruhe Hauptbahnhof<\/strong> und <strong class=\"font-bold\">Achern Bahnhof<\/strong>. Folgende Fahrten fallen aus:\n  <\/p>\n<ul rel=\"\" class=\"[&amp;&gt;li]:relative list-none  [&amp;&gt;li]:pl-[1.2em] [&amp;&gt;li]:marker:text-[0] [&amp;&gt;li]:relative [&amp;&gt;li]:before:absolute [&amp;&gt;li]:before:w-3 [&amp;&gt;li]:before:h-3 [&amp;&gt;li]:before:bg-brand [&amp;&gt;li]:before:left-0 [&amp;&gt;li]:before:top-[8px] [&amp;&gt;li]:before:rounded-full  my-5\">\n<li class=\" mb-3 text-xs md:text-m lg:text-l\">Karlsruhe Hauptbahnhof (05:16 Uhr) &#8211; Achern (06:08 Uhr)<\/li>\n<li class=\" mb-3 text-xs md:text-m lg:text-l\">Achern (06:17 Uhr) &#8211; Karlsruhe Albtalbahnhof (07:13 Uhr)<\/li>\n<\/ul>\n<p class=\"mb-6 text-xs md:text-m lg:text-l font-serif group-[.font-sans]:font-sans \">\n    <strong class=\"font-bold\">Linie S12:<\/strong><br \/>Auf der Linie <strong class=\"font-bold\">S12<\/strong> kommt es wegen Engp\u00e4ssen beim Fahrpersonal der AVG zu Fahrtausf\u00e4llen. Betroffen ist der Bereich zwischen <strong class=\"font-bold\">Ittersbach Rathaus<\/strong> und <strong class=\"font-bold\">Karlsruhe Rheinhafen. <\/strong>Folgende Fahrten fallen aus:\n  <\/p>\n<ul rel=\"\" class=\"[&amp;&gt;li]:relative list-none  [&amp;&gt;li]:pl-[1.2em] [&amp;&gt;li]:marker:text-[0] [&amp;&gt;li]:relative [&amp;&gt;li]:before:absolute [&amp;&gt;li]:before:w-3 [&amp;&gt;li]:before:h-3 [&amp;&gt;li]:before:bg-brand [&amp;&gt;li]:before:left-0 [&amp;&gt;li]:before:top-[8px] [&amp;&gt;li]:before:rounded-full  my-5\">\n<li class=\" mb-3 text-xs md:text-m lg:text-l\">Ittersbach Rathaus (07:06 Uhr) &#8211; Karlsruhe Rheinhafen (08:06 Uhr)<\/li>\n<\/ul>\n<p>            Montag, 2. Februar, 13:45 Uhr: Warnstreik und zahlreiche Linienausf\u00e4lle<\/p>\n<p class=\"mb-6 text-xs md:text-m lg:text-l font-serif group-[.font-sans]:font-sans \">\n    <a href=\"https:\/\/www.ka-news.de\/karlsruhe\/verkehr\/oepnv-warnstreik-legt-strassenbahnen-in-karlsruhe-lahm-diese-linien-sind-betroffen-3-2-26-113342792\" target=\"_self\" class=\"underline \" rel=\"nofollow noopener\">Neben dem Warnstreik am Montag, 2. Februar,<\/a> kommt es auch zu mehreren betriebsbedingten Fahrtausf\u00e4llen, die den \u00d6PNV belasten.\n  <\/p>\n<p class=\"mb-6 text-xs md:text-m lg:text-l font-serif group-[.font-sans]:font-sans \">\n    <strong class=\"font-bold\">Linie S7:<\/strong><br \/>Auf der Linie<strong class=\"font-bold\"> S7<\/strong> kommt es wegen Engp\u00e4ssen beim Fahrpersonal der AVG zu Fahrtausf\u00e4llen. Betroffen ist der Bereich zwischen <strong class=\"font-bold\">Karlsruhe Albtalbahnhof<\/strong> und <strong class=\"font-bold\">Karlsruhe Tullastra\u00dfe\/Alter Schlachthof<\/strong>. Folgende Fahrten fallen aus:\n  <\/p>\n<ul rel=\"\" class=\"[&amp;&gt;li]:relative list-none  [&amp;&gt;li]:pl-[1.2em] [&amp;&gt;li]:marker:text-[0] [&amp;&gt;li]:relative [&amp;&gt;li]:before:absolute [&amp;&gt;li]:before:w-3 [&amp;&gt;li]:before:h-3 [&amp;&gt;li]:before:bg-brand [&amp;&gt;li]:before:left-0 [&amp;&gt;li]:before:top-[8px] [&amp;&gt;li]:before:rounded-full  my-5\">\n<li class=\" mb-3 text-xs md:text-m lg:text-l\">Albtalbahnhof (13:25 Uhr) bis Tullastra\u00dfe (13:40 Uhr)<\/li>\n<li class=\" mb-3 text-xs md:text-m lg:text-l\">Tullastra\u00dfe (14:17 Uhr) bis Albtalbahnhof (14:32 Uhr)<\/li>\n<\/ul>\n<p class=\"mb-6 text-xs md:text-m lg:text-l font-serif group-[.font-sans]:font-sans \">\n    <strong class=\"font-bold\">Linie S4:<\/strong><br \/>Auf der Linie <strong class=\"font-bold\">S4<\/strong> kommt es wegen Engp\u00e4ssen beim Fahrpersonal der AVG zu Fahrtausf\u00e4llen. Betroffen ist der Bereich zwischen <strong class=\"font-bold\">Eppingen Bahnhof<\/strong> und <strong class=\"font-bold\">Karlsruhe Albtalbahnhof<\/strong>. Folgende Fahrten fallen aus:\n  <\/p>\n<ul rel=\"\" class=\"[&amp;&gt;li]:relative list-none  [&amp;&gt;li]:pl-[1.2em] [&amp;&gt;li]:marker:text-[0] [&amp;&gt;li]:relative [&amp;&gt;li]:before:absolute [&amp;&gt;li]:before:w-3 [&amp;&gt;li]:before:h-3 [&amp;&gt;li]:before:bg-brand [&amp;&gt;li]:before:left-0 [&amp;&gt;li]:before:top-[8px] [&amp;&gt;li]:before:rounded-full  my-5\">\n<li class=\" mb-3 text-xs md:text-m lg:text-l\">Eppingen (11:24 Uhr) bis Albtalbahnhof (12:42 Uhr)<\/li>\n<\/ul>\n<p class=\"mb-6 text-xs md:text-m lg:text-l font-serif group-[.font-sans]:font-sans \">\n    <strong class=\"font-bold\">Linien S5 und S6:<\/strong><br \/>Auf den Linien <strong class=\"font-bold\">S5<\/strong> und <strong class=\"font-bold\">S6<\/strong> kommt es wegen Engp\u00e4ssen beim Fahrpersonal der AVG zu Fahrtausf\u00e4llen. Betroffen ist der Bereich zwischen <strong class=\"font-bold\">W\u00f6rth Badepark<\/strong> und <strong class=\"font-bold\">Bad Wildbad Kurpark<\/strong>. Folgende Fahrten fallen aus:\n  <\/p>\n<ul rel=\"\" class=\"[&amp;&gt;li]:relative list-none  [&amp;&gt;li]:pl-[1.2em] [&amp;&gt;li]:marker:text-[0] [&amp;&gt;li]:relative [&amp;&gt;li]:before:absolute [&amp;&gt;li]:before:w-3 [&amp;&gt;li]:before:h-3 [&amp;&gt;li]:before:bg-brand [&amp;&gt;li]:before:left-0 [&amp;&gt;li]:before:top-[8px] [&amp;&gt;li]:before:rounded-full  my-5\">\n<li class=\" mb-3 text-xs md:text-m lg:text-l\">W\u00f6rth Badepark (11:45) Uhr bis Pforzheim Hbf. (13:10 Uhr)<\/li>\n<li class=\" mb-3 text-xs md:text-m lg:text-l\">Rheinbergstr. (10:52 Uhr) bis S\u00f6llingen Bf. (11:37 Uhr)<\/li>\n<li class=\" mb-3 text-xs md:text-m lg:text-l\">S\u00f6llingen Bf. (11:51 Uhr) bis Tullastra\u00dfe (12:10 Uhr)<\/li>\n<li class=\" mb-3 text-xs md:text-m lg:text-l\">Pforzheim Hbf (20:06 Uhr) bis Rheinbergstra\u00dfe (21:14 Uhr)<\/li>\n<\/ul>\n<p>            9.49 Uhr: Versp\u00e4tungen auch Richtung Bad Herrenalb<\/p>\n<p class=\"mb-6 text-xs md:text-m lg:text-l font-serif group-[.font-sans]:font-sans \">\n    Wie die Albtal-Verkehrs-Gesellschaft in einer Pressemeldung bekannt gibt, kommt es auch im Bereich <strong class=\"font-bold\">zwischen Ettlingen und Bad Herrenalb sowie Ettlingen und Ittersbach<\/strong> wegen einer vereisten Oberleitung in beiden Richtungen zu <strong class=\"font-bold\">Versp\u00e4tungen und Fahrtausf\u00e4llen.<\/strong>\n  <\/p>\n<p class=\"mb-6 text-xs md:text-m lg:text-l font-serif group-[.font-sans]:font-sans \">\n    Ein <strong class=\"font-bold\">SEV<\/strong> ist jeweils zwischen Ettlingen und Ittersbach sowie Ettlingen und Bad Herrenalb eingerichtet. Die AVG-Stadtbahnen <strong class=\"font-bold\">enden in Ettlingen Stadt.<\/strong>\n  <\/p>\n<p>            Freitag, 30. Januar: <\/p>\n<p class=\"mb-6 text-xs md:text-m lg:text-l font-serif group-[.font-sans]:font-sans \">\n    <strong class=\"font-bold\">Linien S1 und S11<\/strong><br \/><a href=\"https:\/\/www.ka-news.de\/karlsruhe\/verkehr\/bahnverkehr-karlsruhe-oepnv-wegen-mehrerer-linien-ausfaelle-beeintraechtigt-4-2-26-113318586\" target=\"_self\" class=\"underline \" rel=\"nofollow noopener\">Auf den Linien S1 und S11<\/a> kommt es in beiden Richtungen zu Versp\u00e4tungen und Zugausf\u00e4llen aufgrund einer vereisten Oberleitung. Zwischen Neureut und Hochstetten, Ettlingen und Bad Herrenalb und Ettlingen und Ittersbach, kommt es derzeit zu erheblichen Versp\u00e4tungen. Ein Busnotverkehr wurde eingerichtet.\n  <\/p>\n<p class=\"mb-6 text-xs md:text-m lg:text-l font-serif group-[.font-sans]:font-sans \">\n    <strong class=\"font-bold\">Linie S2<\/strong><br \/><a href=\"https:\/\/www.ka-news.de\/karlsruhe\/verkehr\/bahnverkehr-karlsruhe-oepnv-wegen-mehrerer-linien-ausfaelle-beeintraechtigt-4-2-26-113318586\" target=\"_self\" class=\"underline \" rel=\"nofollow noopener\">Witterungsbedingte St\u00f6rung im Bereich Stutensee zwischen Sp\u00f6ck, Richard-Hecht-Schule und Karlsruhe Essenweinstra\u00dfe in beiden Richtungen.<\/a> Laut Verkehrsticker der Verkehrsbetriebe Karlsruhe (VBK) endet die Linie S2 an der Tullastra\u00dfe. Ein SEV ist zwischen Tullastra\u00dfe und Sp\u00f6ck eingerichtet. Die St\u00f6rung soll bis voraussichtlich 9 Uhr behoben werden.\n  <\/p>\n<p>            Ausf\u00e4lle auf Linien S31 und S32 im Februar<\/p>\n<p class=\"mb-6 text-xs md:text-m lg:text-l font-serif group-[.font-sans]:font-sans \">\n    Auf den Linien <strong class=\"font-bold\">S31 und S32<\/strong> kommt es von<strong class=\"font-bold\"> Donnerstag, 22. Januar, bis Freitag, 17. April,<\/strong> zwischen <strong class=\"font-bold\">Karlsruhe und Bruchsal <\/strong>zu Einschr\u00e4nkungen. Diese betreffen \u201eunterschiedliche Zeitfenster\u201c, wie die Albtal-Verkehrs-Gesellschaft (AVG) in einer Mitteilung vom 19. Januar bekannt gab. Grund daf\u00fcr sind Instandhaltungsarbeiten auf der Strecke der Deutschen Bahn-Tochter DB InfraGO. F\u00fcr Stadtbahnen, die entfallen, wird ein <strong class=\"font-bold\">Schienenersatzverkehr (SEV) mit Bussen<\/strong> eingerichtet.\n  <\/p>\n<p class=\"mb-6 text-xs md:text-m lg:text-l font-serif group-[.font-sans]:font-sans \">\n    <strong class=\"font-bold\">In folgenden N\u00e4chten<\/strong> werden Fahrten der S31 und S32 zwischen <strong class=\"font-bold\">22 und 5 Uhr entfallen<\/strong>.\n  <\/p>\n<ul rel=\"\" class=\"[&amp;&gt;li]:relative list-none  [&amp;&gt;li]:pl-[1.2em] [&amp;&gt;li]:marker:text-[0] [&amp;&gt;li]:relative [&amp;&gt;li]:before:absolute [&amp;&gt;li]:before:w-3 [&amp;&gt;li]:before:h-3 [&amp;&gt;li]:before:bg-brand [&amp;&gt;li]:before:left-0 [&amp;&gt;li]:before:top-[8px] [&amp;&gt;li]:before:rounded-full  my-5\">\n<li class=\" mb-3 text-xs md:text-m lg:text-l\">Montag, 2. Februar, auf Dienstag, 3. Februar<\/li>\n<li class=\" mb-3 text-xs md:text-m lg:text-l\">Mittwoch,\u00a04. Februar, auf Donnerstag, 5. Februar<\/li>\n<li class=\" mb-3 text-xs md:text-m lg:text-l\">Donnerstag,\u00a019. Februar, auf Freitag, 20. Februar<\/li>\n<li class=\" mb-3 text-xs md:text-m lg:text-l\">Samstag,\u00a021. Februar, auf Sonntag, 22. Februar<\/li>\n<li class=\" mb-3 text-xs md:text-m lg:text-l\">Montag, 2. Februar, auf Dienstag, 3. Februar<\/li>\n<li class=\" mb-3 text-xs md:text-m lg:text-l\">Mittwoch,\u00a04. Februar, auf Donnerstag, 5. Februar<\/li>\n<li class=\" mb-3 text-xs md:text-m lg:text-l\">Donnerstag,\u00a019. Februar, auf Freitag, 20. Februar<\/li>\n<li class=\" mb-3 text-xs md:text-m lg:text-l\">Samstag,\u00a021. Februar, auf Sonntag, 22. Februar<\/li>\n<\/ul>\n<p class=\"mb-6 text-xs md:text-m lg:text-l font-serif group-[.font-sans]:font-sans \">\n    <strong class=\"font-bold\">Zwischen Samstag, 24. Januar, und Freitag, 17. April,<\/strong> fahren die Linien <strong class=\"font-bold\">S31 und S32<\/strong> zwischen <strong class=\"font-bold\">Bruchsal und Karlsruhe<\/strong> im Zeitraum von <strong class=\"font-bold\">8 bis 21 Uhr <\/strong>nur im <strong class=\"font-bold\">Stundentakt.<\/strong> Grund daf\u00fcr ist die Umleitung des Regionalexpress RE1 \u00fcber Bruchsal, der aufgrund einer Bahnsteigsanierung in Enzberg nicht die gewohnte Strecke fahren kann.\n  <\/p>\n<p class=\"mb-6 text-xs md:text-m lg:text-l font-serif group-[.font-sans]:font-sans \">\n    Folgende Verbindungen sind betroffen:\n  <\/p>\n<ul rel=\"\" class=\"[&amp;&gt;li]:relative list-none  [&amp;&gt;li]:pl-[1.2em] [&amp;&gt;li]:marker:text-[0] [&amp;&gt;li]:relative [&amp;&gt;li]:before:absolute [&amp;&gt;li]:before:w-3 [&amp;&gt;li]:before:h-3 [&amp;&gt;li]:before:bg-brand [&amp;&gt;li]:before:left-0 [&amp;&gt;li]:before:top-[8px] [&amp;&gt;li]:before:rounded-full  my-5\">\n<li class=\" mb-3 text-xs md:text-m lg:text-l\">Linien S31\/S32 mit Abfahrt zur Minute 10 in Bruchsal nach Karlsruhe und zur Minute 28 in Karlsruhe Hauptbahnhof nach Bruchsal entfallen tags\u00fcber <\/li>\n<li class=\" mb-3 text-xs md:text-m lg:text-l\">Die \u00fcbrigen, st\u00fcndlichen Verbindungen zwischen Bruchsal und Karlsruhe bleiben bestehen<\/li>\n<li class=\" mb-3 text-xs md:text-m lg:text-l\">Auch bei den\u00a0DB-Z\u00fcgen RE73 und S3\u00a0(S-Bahn Rhein-Neckar) kann es in diesem Zeitraum zu Einschr\u00e4nkungen kommen<\/li>\n<li class=\" mb-3 text-xs md:text-m lg:text-l\">Am 24. Januar\u00a0enden die Einschr\u00e4nkungen bei der Linie S31\/S32 bereits um 17 Uhr, danach verkehren die AVG-Stadtbahnen wie gewohnt<\/li>\n<\/ul>\n<ul data-module-id=\"DragDropModule\" class=\"flex flex-wrap justify-start group-[.no-bookmarks]:hidden\">\n<li class=\"mb-3 mr-3\">\n    Katharina Peifer<\/p>\n<p>      Icon Haken im Kreis gesetzt<\/p>\n<p>      Icon Plus im Kreis<\/p>\n<\/li>\n<li class=\"mb-3 mr-3\">\n    Karlsruhe<\/p>\n<p>      Icon Haken im Kreis gesetzt<\/p>\n<p>      Icon Plus im Kreis<\/p>\n<\/li>\n<li class=\"mb-3 mr-3\">\n    AVG<\/p>\n<p>      Icon Haken im Kreis gesetzt<\/p>\n<p>      Icon Plus im Kreis<\/p>\n<\/li>\n<\/ul>\n","protected":false},"excerpt":{"rendered":"Mittwoch, 11. Februar Nach aktuellem Stand (7.10 Uhr) sind dem Verkehrssticker des Karlsruher Verkehrsverbunds (KVV) keine Meldungen zu&hellip;\n","protected":false},"author":2,"featured_media":788507,"comment_status":"","ping_status":"","sticky":false,"template":"","format":"standard","meta":{"footnotes":"","_share_on_mastodon":"0"},"categories":[1844],"tags":[2161,31187,1634,2227,3364,29,31190,129266,144295,30,172826,8903,1238,26148],"class_list":["post-788506","post","type-post","status-publish","format-standard","has-post-thumbnail","category-karlsruhe","tag-avg","tag-bad-herrenalb","tag-baden-wuerttemberg","tag-bahnverkehr","tag-de","tag-deutschland","tag-ettlingen","tag-fahrpersonal","tag-fahrtausfall","tag-germany","tag-ittersbach","tag-karlsruhe","tag-streik","tag-woerth"],"share_on_mastodon":{"url":"https:\/\/pubeurope.com\/@de\/116050530431936504","error":""},"_links":{"self":[{"href":"https:\/\/www.europesays.com\/de\/wp-json\/wp\/v2\/posts\/788506","targetHints":{"allow":["GET"]}}],"collection":[{"href":"https:\/\/www.europesays.com\/de\/wp-json\/wp\/v2\/posts"}],"about":[{"href":"https:\/\/www.europesays.com\/de\/wp-json\/wp\/v2\/types\/post"}],"author":[{"embeddable":true,"href":"https:\/\/www.europesays.com\/de\/wp-json\/wp\/v2\/users\/2"}],"replies":[{"embeddable":true,"href":"https:\/\/www.europesays.com\/de\/wp-json\/wp\/v2\/comments?post=788506"}],"version-history":[{"count":0,"href":"https:\/\/www.europesays.com\/de\/wp-json\/wp\/v2\/posts\/788506\/revisions"}],"wp:featuredmedia":[{"embeddable":true,"href":"https:\/\/www.europesays.com\/de\/wp-json\/wp\/v2\/media\/788507"}],"wp:attachment":[{"href":"https:\/\/www.europesays.com\/de\/wp-json\/wp\/v2\/media?parent=788506"}],"wp:term":[{"taxonomy":"category","embeddable":true,"href":"https:\/\/www.europesays.com\/de\/wp-json\/wp\/v2\/categories?post=788506"},{"taxonomy":"post_tag","embeddable":true,"href":"https:\/\/www.europesays.com\/de\/wp-json\/wp\/v2\/tags?post=788506"}],"curies":[{"name":"wp","href":"https:\/\/api.w.org\/{rel}","templated":true}]}}