{"id":788597,"date":"2026-02-11T07:08:18","date_gmt":"2026-02-11T07:08:18","guid":{"rendered":"https:\/\/www.europesays.com\/de\/788597\/"},"modified":"2026-02-11T07:08:18","modified_gmt":"2026-02-11T07:08:18","slug":"streik-heute-in-berlin-diese-bereiche-sind-betroffen","status":"publish","type":"post","link":"https:\/\/www.europesays.com\/de\/788597\/","title":{"rendered":"Streik heute in Berlin: Diese Bereiche sind betroffen"},"content":{"rendered":"<p class=\"expressive-copy-lg-body\">Wegen eines Warnstreiks im \u00f6ffentlichen Dienst m\u00fcssen die Berliner heute mit Einschr\u00e4nkungen oder auch kompletten Schlie\u00dfungen in <a href=\"https:\/\/www.morgenpost.de\/berlin\/kita-berlin\/\" data-category-full-path=\"https:\/\/www.morgenpost.de\/berlin\/\" data-paid-status=\"free\" data-article-publish-date=\"1720594322\" rel=\"nofollow noopener\" target=\"_blank\">Kitas<\/a>, <a href=\"https:\/\/www.morgenpost.de\/berlin\/schule-berlin\/\" data-category-full-path=\"https:\/\/www.morgenpost.de\/berlin\/\" data-paid-status=\"free\" data-article-publish-date=\"1625128664\" rel=\"nofollow noopener\" target=\"_blank\">Schulen <\/a>und Bezirks\u00e4mtern rechnen. Aufgerufen dazu hat die Gewerkschaft <a href=\"https:\/\/www.morgenpost.de\/wirtschaft\/verdi\/\" data-category-full-path=\"https:\/\/www.morgenpost.de\/wirtschaft\/\" data-paid-status=\"free\" data-article-publish-date=\"1678962764\" rel=\"nofollow noopener\" target=\"_blank\">Verdi<\/a>. Wie kann man sich wappnen?<\/p>\n<p>            Morgenpost der Chefredaktion<\/p>\n<p>Die ersten News des Tages \u2013 direkt von der Chefredaktion. Montag bis Samstag um 6:30 Uhr.<\/p>\n<p>            <img decoding=\"async\" src=\"https:\/\/www.europesays.com\/de\/wp-content\/uploads\/2026\/02\/1770726675_545_newsletter-envelope.png\" alt=\"Newsletter Illustration\" class=\"h-full w-full max-w-full object-cover md:max-w-[226px] lg:max-w-[234px]\" loading=\"lazy\"\/><\/p>\n<p>              Morgenpost der Chefredaktion<\/p>\n<p>Die ersten News des Tages \u2013 direkt von der Chefredaktion. Montag bis Samstag um 6:30 Uhr.<\/p>\n<p>              Mit meiner Anmeldung zum Newsletter stimme ich der<br \/>\n              <a href=\"https:\/\/www.morgenpost.de\/service\/newsletter-adconsent\" class=\"text-copy-accent underline decoration-solid underline-offset-1 hover:text-primary-700\" rel=\"nofollow noopener\" target=\"_blank\">Werbevereinbarung<\/a><br \/>\n              zu.<\/p>\n<p class=\"expressive-copy-lg-body\">Eltern von Kindern in den knapp 250 landeseigenen Kitas in Berlin \u2013 nur diese sind betroffen \u2013 sollten vorab kl\u00e4ren, ob es eine Notbetreuung gibt. Alternativ k\u00f6nnen Verwandte\/Gro\u00dfeltern einspringen und auf die Kinder aufpassen. Oder man organisiert zusammen mit anderen Eltern der Kita-Gruppe eine Betreuung. Weitere M\u00f6glichkeit: Den Arbeitgeber fragen, ob Homeoffice oder verk\u00fcrzte Schichten m\u00f6glich sind.<\/p>\n<p>            <img decoding=\"async\" src=\"https:\/\/www.europesays.com\/de\/wp-content\/uploads\/2026\/02\/411168450_1770739864_v16_9_1200.jpeg\" class=\"relative z-10 block w-full object-cover aspect-[4\/3]\" alt=\"Streikende Erzieherin\" title=\"Erzieherin Franka Voigt (Name ge\u00e4ndert) will anonym bleiben und erkl\u00e4rt, warum der Kita-Warnstreik f\u00fcr sie so wichtig ist.\" loading=\"lazy\"\/><\/p>\n<p class=\"expressive-copy-lg-body\">Vor Terminen im <a href=\"https:\/\/www.morgenpost.de\/berlin\/buergeraemter-berlin\/\" data-category-full-path=\"https:\/\/www.morgenpost.de\/berlin\/\" data-paid-status=\"free\" data-article-publish-date=\"1624597119\" rel=\"nofollow noopener\" target=\"_blank\">B\u00fcrgeramt<\/a> am besten vor einem Besuch \u00fcber die Homepage oder deinen Anruf kl\u00e4ren, ob es Einschr\u00e4nkungen im Service gibt.<\/p>\n<p class=\"expressive-copy-lg-body\">An staatlichen Schulen kann Unterricht ausfallen, wenn angestellte Lehrer und Referendare in den Ausstand treten. Ein Blick in den Vertretungsplan sollte Aufschluss geben, was zu erwarten ist.<\/p>\n<p class=\"expressive-copy-lg-body\">Auch Besch\u00e4ftigte der <a href=\"https:\/\/www.morgenpost.de\/berlin\/feuerwehr-berlin\/\" data-category-full-path=\"https:\/\/www.morgenpost.de\/berlin\/\" data-paid-status=\"free\" data-article-publish-date=\"1625060936\" rel=\"nofollow noopener\" target=\"_blank\">Berliner Feuerwehr<\/a>, <a href=\"https:\/\/www.morgenpost.de\/berlin\/polizei-berlin\/\" data-category-full-path=\"https:\/\/www.morgenpost.de\/berlin\/\" data-paid-status=\"free\" data-article-publish-date=\"1625062819\" rel=\"nofollow noopener\" target=\"_blank\">Polizei<\/a> und Senatsverwaltungen sollen sich anschlie\u00dfen und an einer gro\u00dfen Demo und Kundgebung in Potsdam teilnehmen, wie ein Verdi-Sprecher sagte. In Brandenburg sind unter anderem die Mitarbeiter der Polizei sowie der Landesministerien und ihrer nachgeordneten Beh\u00f6rden aufgerufen, die Arbeit niederzulegen. Ob und wie sich diese Warnstreiks auf den Alltag der B\u00fcrger auswirken, bleibt abzuwarten.<\/p>\n<p>  Streik im \u00f6ffentlichen Dienst in Berlin: Verdi will mindestens ein Plus von 300 Euro<\/p>\n<p class=\"expressive-copy-lg-body\">In den Tarifverhandlungen mit den L\u00e4ndern fordert Verdi sieben Prozent mehr Geld im Monat, zur St\u00e4rkung unterer Lohngruppen aber mindestens ein Plus von 300 Euro. Bereits in den vergangenen Wochen hatte es ausgeweitete Warnstreiks in etlichen Bundesl\u00e4ndern gegeben, auch an Schulen vor allem in Ostdeutschland. In <a href=\"https:\/\/www.morgenpost.de\/berlin\/article411094961\/bvg-streik-in-berlin-droht-bald-schon-der-naechste-arbeitskampf.html\" data-category-full-path=\"https:\/\/www.morgenpost.de\/berlin\/\" data-paid-status=\"free\" data-article-publish-date=\"1770039471\" rel=\"nofollow noopener\" target=\"_blank\">Berlin war zuletzt auch die BVG betroffen<\/a>, ihre Mitarbeiter sind am Mittwoch aber nicht zum Warnstreik aufgerufen.<\/p>\n<p>            <img decoding=\"async\" src=\"https:\/\/www.europesays.com\/de\/wp-content\/uploads\/2026\/02\/411092825_1770039471_v16_9_1200.jpeg\" class=\"relative z-10 block w-full object-cover aspect-[4\/3]\" alt=\"Streik bei der BVG in Berlin\" title=\"Die Besch\u00e4ftigten der BVG haben am Montag gestreikt, wie hier auf dem Betriebshof an der Indira-Gandhi-Stra\u00dfe.\" loading=\"lazy\"\/><\/p>\n<p class=\"expressive-copy-lg-body\">Die Gewerkschaften wollen zum Auftakt der 3. Verhandlungsrunde in Potsdam den Druck verst\u00e4rken. In den zwei vorherigen Verhandlungsrunden hatten die Arbeitgeber kein konkretes Angebot gemacht.<\/p>\n<p>  Betroffen sind gut zwei Millionen Besch\u00e4ftigte<\/p>\n<p class=\"expressive-copy-lg-body\">Betroffen von den Verhandlungen sind rund 2,2 Millionen Besch\u00e4ftigte. F\u00fcr mehr als 900.000 Tarifbesch\u00e4ftigte wird direkt verhandelt. Auf rund 1,3 Millionen Beamtinnen und Beamten und Versorgungsempf\u00e4nger soll ein Ergebnis nach den Forderungen der Gewerkschaften sp\u00e4ter in den einzelnen L\u00e4ndern per Gesetz \u00fcbertragen werden. \u201eWir erwarten endlich ein Angebot, das der Bedeutung der Arbeit im \u00f6ffentlichen Dienst gerecht wird\u201c, erkl\u00e4rte Verdi-Landesbezirksleiterin Andrea K\u00fchnemann.<\/p>\n<p>            <img decoding=\"async\" src=\"https:\/\/www.europesays.com\/de\/wp-content\/uploads\/2026\/02\/411044784_1769618328_v16_9_1200.jpeg\" class=\"relative z-10 block w-full object-cover aspect-[4\/3]\" alt=\"Im \u00f6ffentlichen Dienst Berlins riefen Gewerkschaften seit Dezember schon mehrfach zu Warnstreiks auf, um ihre Tarifforderungen zu untermauern. (Archivbild)\" title=\"Im \u00f6ffentlichen Dienst Berlins riefen Gewerkschaften seit Dezember schon mehrfach zu Warnstreiks auf, um ihre Tarifforderungen zu untermauern. (Archivbild)\" loading=\"lazy\"\/><\/p>\n<p class=\"expressive-copy-lg-body\">Im Rahmen des Streiks zieht am Mittwoch ab 9.30 Uhr in Potsdam eine Demonstration vom Lustgarten zum Verhandlungsort, dem Kongresshotel. Dort findet ab 11.45 Uhr eine Abschlusskundgebung statt.<\/p>\n<p rel=\"author\" class=\"text-brand\">mit dpa<\/p>\n","protected":false},"excerpt":{"rendered":"Wegen eines Warnstreiks im \u00f6ffentlichen Dienst m\u00fcssen die Berliner heute mit Einschr\u00e4nkungen oder auch kompletten Schlie\u00dfungen in Kitas,&hellip;\n","protected":false},"author":2,"featured_media":788598,"comment_status":"","ping_status":"","sticky":false,"template":"","format":"standard","meta":{"footnotes":"","_share_on_mastodon":"0"},"categories":[1825],"tags":[1941,1939,296,1937,29,30,1940,1938],"class_list":["post-788597","post","type-post","status-publish","format-standard","has-post-thumbnail","category-berlin","tag-aktuelle-nachrichten-aus-berlin","tag-aktuelle-news-aus-berlin","tag-berlin","tag-berlin-news","tag-deutschland","tag-germany","tag-nachrichten-aus-berlin","tag-news-aus-berlin"],"share_on_mastodon":{"url":"https:\/\/pubeurope.com\/@de\/116050743306050030","error":""},"_links":{"self":[{"href":"https:\/\/www.europesays.com\/de\/wp-json\/wp\/v2\/posts\/788597","targetHints":{"allow":["GET"]}}],"collection":[{"href":"https:\/\/www.europesays.com\/de\/wp-json\/wp\/v2\/posts"}],"about":[{"href":"https:\/\/www.europesays.com\/de\/wp-json\/wp\/v2\/types\/post"}],"author":[{"embeddable":true,"href":"https:\/\/www.europesays.com\/de\/wp-json\/wp\/v2\/users\/2"}],"replies":[{"embeddable":true,"href":"https:\/\/www.europesays.com\/de\/wp-json\/wp\/v2\/comments?post=788597"}],"version-history":[{"count":0,"href":"https:\/\/www.europesays.com\/de\/wp-json\/wp\/v2\/posts\/788597\/revisions"}],"wp:featuredmedia":[{"embeddable":true,"href":"https:\/\/www.europesays.com\/de\/wp-json\/wp\/v2\/media\/788598"}],"wp:attachment":[{"href":"https:\/\/www.europesays.com\/de\/wp-json\/wp\/v2\/media?parent=788597"}],"wp:term":[{"taxonomy":"category","embeddable":true,"href":"https:\/\/www.europesays.com\/de\/wp-json\/wp\/v2\/categories?post=788597"},{"taxonomy":"post_tag","embeddable":true,"href":"https:\/\/www.europesays.com\/de\/wp-json\/wp\/v2\/tags?post=788597"}],"curies":[{"name":"wp","href":"https:\/\/api.w.org\/{rel}","templated":true}]}}