{"id":788605,"date":"2026-02-11T07:12:12","date_gmt":"2026-02-11T07:12:12","guid":{"rendered":"https:\/\/www.europesays.com\/de\/788605\/"},"modified":"2026-02-11T07:12:12","modified_gmt":"2026-02-11T07:12:12","slug":"brandenburg-berlin-vbb-geringfuegig-mehr-verspaetungen-bei-zuegen-in-berlin-und-brandenburg","status":"publish","type":"post","link":"https:\/\/www.europesays.com\/de\/788605\/","title":{"rendered":"Brandenburg Berlin: VBB: Geringf\u00fcgig mehr Versp\u00e4tungen bei Z\u00fcgen in Berlin und Brandenburg"},"content":{"rendered":"<p>            <img loading=\"lazy\" decoding=\"async\" class=\"ts-image\" src=\"https:\/\/www.europesays.com\/de\/wp-content\/uploads\/2026\/02\/rbb-audio-rbb24-inforadio-11-02-2026-werner-schoninger-100.jpg\" alt=\"Ein Regionalzug RE4 nach Falkenberg (Elster) f\u00e4hrt auf Bahnsteig 1 des Trebbiner Bahnhofs ein am 22.03.2024.(Quelle: picture alliance\/dpa\/Soeren Stache)\" title=\"Audio: rbb24 Inforadio | 11.02.2026 | Werner Schoninger | picture alliance\/dpa\/Soeren Stache\"\/><\/p>\n<p class=\"metatextline\">Stand: 11.02.2026 08:00 Uhr<\/p>\n<p class=\"textabsatz m-ten m-offset-one l-eight l-offset-two columns twelve\">Die P\u00fcnktlichkeit im Zugverkehr in Berlin und Brandenburg ist im vergangenen Jahr leicht zur\u00fcckgegangen. Wie aus Daten des Verkehrsverbunds Berlin-Brandenburg (VBB) hervorgeht, wurden lediglich 84,4 Prozent der Halte p\u00fcnktlich erreicht &#8211; 2024 waren es noch 85,0 Prozent.<\/p>\n<p>Besonders unp\u00fcnktlich waren Z\u00fcge der Linien<\/p>\n<ul class=\"bulletpoint-list \">\n<li>RB54 (Rheinsberg-L\u00f6wenberg, 64,2 Prozent)<\/li>\n<li>RE4 (Stendal-Falkenberg, 73,0 Prozent)<\/li>\n<li>RE7 (Dessau-Senftenberg, 73,3 Prozent)<\/li>\n<li>RE5 (Rostock\/Stralsund-Berlin, 73,8 Prozent)<\/li>\n<\/ul>\n<p class=\"textabsatz m-ten m-offset-one l-eight l-offset-two columns twelve\">Die Linien mit den p\u00fcnktlichsten Z\u00fcgen waren<\/p>\n<ul class=\"bulletpoint-list \">\n<li>RB35 (F\u00fcrstenwalde-Bad Saarow\/Pieskow, 98,1 Prozent)<\/li>\n<li>RB73 (Pritzwalk-Neustadt (Dosse), 96,9 Prozent)<\/li>\n<li>RB74 (Meyenburg-Pritzwalk, 96,5 Prozent)<\/li>\n<\/ul>\n<p class=\"textabsatz m-ten m-offset-one l-eight l-offset-two columns twelve\">Allesamt sehr kurze Linien mit wenigen Haltestellen. Die Zahlen sind auf der Internetseite des VBB <a href=\"https:\/\/unternehmen.vbb.de\/qualitaet-im-oepnv\/regionalverkehr\/\" title=\"[unternehmen.vbb.de\" class=\"textlink--extern js-link-dialog\" rel=\"noopener noreferrer nofollow\" target=\"_blank\" data-type=\"external\">[unternehmen.vbb.de<\/a>] einsehbar.<\/p>\n<p class=\"textabsatz m-ten m-offset-one l-eight l-offset-two columns twelve\">Als unp\u00fcnktlich geht ein Halt in die Statistik ein, wenn der Zug dort mit mindestens f\u00fcnf Minuten Versp\u00e4tung angekommen ist. Ber\u00fccksichtigt werden 67 Messpunkte, die im VBB-Liniennetz verteilt sind. Ausgefallene Z\u00fcge gehen nicht in diese Statistik ein.<\/p>\n<p class=\"textabsatz m-ten m-offset-one l-eight l-offset-two columns twelve\">Sendung: rbb24 Inforadio, 11.02.2026, 7 Uhr<\/p>\n<p>                                        <a class=\"backlink__link\" href=\"https:\/\/www.rbb24.de\/panorama\/beitrag\/2026\/02\/verkehrsverbund-berlin-brandenburg-zuege-verspaetungen-puenktlichkeit.html\" rel=\"nofollow noopener\" target=\"_blank\"><\/p>\n<p>                                                <img decoding=\"async\" src=\"https:\/\/images.tagesschau.de\/image\/898f19c3-6760-4be2-a33f-1fa765216ec2\/AAABlap_olM\/AAABmyZDc0k\/original\/lra-rbb-logo-100.svg\" alt=\"Rundfunk Berlin-Brandenburg\"\/><\/p>\n<p>                                        <\/a><\/p>\n","protected":false},"excerpt":{"rendered":"Stand: 11.02.2026 08:00 Uhr Die P\u00fcnktlichkeit im Zugverkehr in Berlin und Brandenburg ist im vergangenen Jahr leicht zur\u00fcckgegangen.&hellip;\n","protected":false},"author":2,"featured_media":788606,"comment_status":"","ping_status":"","sticky":false,"template":"","format":"standard","meta":{"footnotes":"","_share_on_mastodon":"0"},"categories":[1825],"tags":[296,1890,29,30,2239],"class_list":["post-788605","post","type-post","status-publish","format-standard","has-post-thumbnail","category-berlin","tag-berlin","tag-brandenburg","tag-deutschland","tag-germany","tag-rbb"],"share_on_mastodon":{"url":"https:\/\/pubeurope.com\/@de\/116050758718916387","error":""},"_links":{"self":[{"href":"https:\/\/www.europesays.com\/de\/wp-json\/wp\/v2\/posts\/788605","targetHints":{"allow":["GET"]}}],"collection":[{"href":"https:\/\/www.europesays.com\/de\/wp-json\/wp\/v2\/posts"}],"about":[{"href":"https:\/\/www.europesays.com\/de\/wp-json\/wp\/v2\/types\/post"}],"author":[{"embeddable":true,"href":"https:\/\/www.europesays.com\/de\/wp-json\/wp\/v2\/users\/2"}],"replies":[{"embeddable":true,"href":"https:\/\/www.europesays.com\/de\/wp-json\/wp\/v2\/comments?post=788605"}],"version-history":[{"count":0,"href":"https:\/\/www.europesays.com\/de\/wp-json\/wp\/v2\/posts\/788605\/revisions"}],"wp:featuredmedia":[{"embeddable":true,"href":"https:\/\/www.europesays.com\/de\/wp-json\/wp\/v2\/media\/788606"}],"wp:attachment":[{"href":"https:\/\/www.europesays.com\/de\/wp-json\/wp\/v2\/media?parent=788605"}],"wp:term":[{"taxonomy":"category","embeddable":true,"href":"https:\/\/www.europesays.com\/de\/wp-json\/wp\/v2\/categories?post=788605"},{"taxonomy":"post_tag","embeddable":true,"href":"https:\/\/www.europesays.com\/de\/wp-json\/wp\/v2\/tags?post=788605"}],"curies":[{"name":"wp","href":"https:\/\/api.w.org\/{rel}","templated":true}]}}