{"id":788647,"date":"2026-02-11T07:36:19","date_gmt":"2026-02-11T07:36:19","guid":{"rendered":"https:\/\/www.europesays.com\/de\/788647\/"},"modified":"2026-02-11T07:36:19","modified_gmt":"2026-02-11T07:36:19","slug":"kuenstliche-intelligenz-ohne-teure-server-kostenloses-webinar-zeigt-unternehmen-cloud-loesungen-fuer-ki-anwendungen-viernheim-online","status":"publish","type":"post","link":"https:\/\/www.europesays.com\/de\/788647\/","title":{"rendered":"K\u00fcnstliche Intelligenz ohne teure Server \u2013 Kostenloses Webinar zeigt Unternehmen Cloud-L\u00f6sungen f\u00fcr KI-Anwendungen \u2013 Viernheim Online"},"content":{"rendered":"<p><a href=\"https:\/\/viernheim-online.de\/wordpress\/wp-content\/uploads\/2026\/02\/Schwarz_Zahnrad_hell_009.jpg\" rel=\"nofollow noopener\" target=\"_blank\"><img loading=\"lazy\" decoding=\"async\" class=\"size-medium wp-image-262681\" src=\"https:\/\/www.europesays.com\/de\/wp-content\/uploads\/2026\/02\/Schwarz_Zahnrad_hell_009-450x321.jpg\" alt=\"\" width=\"450\" height=\"321\"  \/><\/a>Wirtschaftsf\u00f6rderer Alexander Schwarz verweist auf ein kostenfreies Online-Angebot f\u00fcr Viernheimer Unternehmen.<br \/>Foto: Stadt Viernheim<\/p>\n<p>Viernheim (Stadt Viernheim) \u2013 Der Einsatz leistungsf\u00e4higer K\u00fcnstlicher Intelligenz (KI) stellt kleine und mittelst\u00e4ndische Unternehmen h\u00e4ufig vor infrastrukturelle Herausforderungen. Hohe Investitionen in eigene Server und IT-Systeme sind f\u00fcr viele Betriebe kaum realisierbar. Die st\u00e4dtische Wirtschaftsf\u00f6rderung weist daher auf ein kostenfreies Online-Seminar des Kooperationspartners Mittelstand-Digital Zentrum Darmstadt hin, das aufzeigt, wie KI-Anwendungen mithilfe von Cloud-Technologien wirtschaftlich umgesetzt werden k\u00f6nnen.<\/p>\n<p>\u00a0<\/p>\n<p>Das Webinar <strong>\u201eKI-Anwendungen mit Cloud-Technologien realisieren\u201c<\/strong> findet am <strong>Mittwoch, 18. Februar 2026<\/strong>, von <strong>9.00 bis 13.00 Uhr<\/strong> statt. Es richtet sich an Entscheidungstr\u00e4ger, IT-Administratoren sowie Fachkr\u00e4fte aus Forschung und Entwicklung und beleuchtet die zentrale Rolle der Cloud als Grundlage moderner KI-L\u00f6sungen.<\/p>\n<p>\u00a0<\/p>\n<p>Cloud-Dienste erm\u00f6glichen einen flexiblen Zugriff auf Rechenleistung und Speicher, ohne dass Unternehmen in kostenintensive lokale IT-Infrastrukturen investieren m\u00fcssen. Gerade f\u00fcr rechenintensive KI-Anwendungen, die gro\u00dfe Datenmengen verarbeiten, bieten Cloud-L\u00f6sungen erhebliche Vorteile in Bezug auf Skalierbarkeit und Wirtschaftlichkeit. Dadurch werden auch komplexe KI-Anwendungen f\u00fcr den Mittelstand zug\u00e4nglich.<\/p>\n<p>\u00a0<\/p>\n<p>Referent des Webinars ist <strong>Jonas Voges, M. Sc.<\/strong>. Er vermittelt grundlegendes Wissen zu Cloud-Technologien, zeigt konkrete Anwendungsbereiche und Potenziale auf und stellt unterschiedliche Cloud-Modelle vor. Dar\u00fcber hinaus werden Herausforderungen und Risiken, etwa in den Bereichen IT-Sicherheit, Datenmanagement und regulatorische Anforderungen, transparent beleuchtet.<\/p>\n<p>\u00a0<\/p>\n<p><strong>Alexander Schwarz<\/strong>, Wirtschaftsf\u00f6rderer der Stadt Viernheim, sieht in der Cloud den entscheidenden Faktor f\u00fcr die digitale Chancengleichheit: \u201eDie Cloud ist f\u00fcr den Mittelstand der Schl\u00fcssel, um KI-L\u00f6sungen bezahlbar und praktikabel umzusetzen. Das Webinar unterst\u00fctzt Unternehmen dabei, Chancen realistisch einzusch\u00e4tzen und zugleich notwendige Sicherheitsaspekte im Blick zu behalten.\u201c<\/p>\n<p>\u00a0<\/p>\n<p>\u00a0<\/p>\n<p>Die Teilnahme an der digitalen Veranstaltung ist kostenfrei. Interessierte Unternehmen k\u00f6nnen sich \u00fcber die Webseite des Mittelstand-Digital Zentrums Darmstadt unter <strong>digitalzentrum-darmstadt.de<\/strong> anmelden und ihre Kompetenzen in der digitalen Transformation weiter ausbauen.<\/p>\n<p>\u00a0<\/p>\n<p>\u00a0<\/p>\n","protected":false},"excerpt":{"rendered":"Wirtschaftsf\u00f6rderer Alexander Schwarz verweist auf ein kostenfreies Online-Angebot f\u00fcr Viernheimer Unternehmen.Foto: Stadt Viernheim Viernheim (Stadt Viernheim) \u2013 Der&hellip;\n","protected":false},"author":2,"featured_media":788648,"comment_status":"","ping_status":"","sticky":false,"template":"","format":"standard","meta":{"footnotes":"","_share_on_mastodon":"0"},"categories":[1845],"tags":[1634,3364,29,548,663,3934,30,13,2096,14,15,12],"class_list":["post-788647","post","type-post","status-publish","format-standard","has-post-thumbnail","category-mannheim","tag-baden-wuerttemberg","tag-de","tag-deutschland","tag-eu","tag-europa","tag-europe","tag-germany","tag-headlines","tag-mannheim","tag-nachrichten","tag-news","tag-schlagzeilen"],"share_on_mastodon":{"url":"https:\/\/pubeurope.com\/@de\/116050853051793726","error":""},"_links":{"self":[{"href":"https:\/\/www.europesays.com\/de\/wp-json\/wp\/v2\/posts\/788647","targetHints":{"allow":["GET"]}}],"collection":[{"href":"https:\/\/www.europesays.com\/de\/wp-json\/wp\/v2\/posts"}],"about":[{"href":"https:\/\/www.europesays.com\/de\/wp-json\/wp\/v2\/types\/post"}],"author":[{"embeddable":true,"href":"https:\/\/www.europesays.com\/de\/wp-json\/wp\/v2\/users\/2"}],"replies":[{"embeddable":true,"href":"https:\/\/www.europesays.com\/de\/wp-json\/wp\/v2\/comments?post=788647"}],"version-history":[{"count":0,"href":"https:\/\/www.europesays.com\/de\/wp-json\/wp\/v2\/posts\/788647\/revisions"}],"wp:featuredmedia":[{"embeddable":true,"href":"https:\/\/www.europesays.com\/de\/wp-json\/wp\/v2\/media\/788648"}],"wp:attachment":[{"href":"https:\/\/www.europesays.com\/de\/wp-json\/wp\/v2\/media?parent=788647"}],"wp:term":[{"taxonomy":"category","embeddable":true,"href":"https:\/\/www.europesays.com\/de\/wp-json\/wp\/v2\/categories?post=788647"},{"taxonomy":"post_tag","embeddable":true,"href":"https:\/\/www.europesays.com\/de\/wp-json\/wp\/v2\/tags?post=788647"}],"curies":[{"name":"wp","href":"https:\/\/api.w.org\/{rel}","templated":true}]}}