{"id":788738,"date":"2026-02-11T08:28:15","date_gmt":"2026-02-11T08:28:15","guid":{"rendered":"https:\/\/www.europesays.com\/de\/788738\/"},"modified":"2026-02-11T08:28:15","modified_gmt":"2026-02-11T08:28:15","slug":"berlin-verurteilter-vergewaltiger-frei-richter-versaeumt-frist","status":"publish","type":"post","link":"https:\/\/www.europesays.com\/de\/788738\/","title":{"rendered":"Berlin: Verurteilter Vergewaltiger frei \u2013 Richter vers\u00e4umt Frist"},"content":{"rendered":"<p>  <img decoding=\"async\" class=\"m-image-and-caption__image lazyload\" alt=\"Am Landgericht Berlin kam es zu einem schweren Fehler. (Symbolbild)\" src=\"https:\/\/www.europesays.com\/de\/wp-content\/uploads\/2026\/02\/4b948a8f-95bb-4eed-a06e-da3f6bea85fc.jpeg\"  data-\/><\/p>\n<p>      Am Landgericht Berlin kam es zu einem schweren Fehler. (Symbolbild)<\/p>\n<p>        Sebastian Christoph Gollnow\/dpa\n      <\/p>\n<p class=\"a-paragraph a-paragraph--lead\" data-t-name=\"Paragraph\">Ein rechtskr\u00e4ftig verurteilter Vergewaltiger ist in Berlin wieder auf freiem Fuss \u2013 weil ein Richter Fristen nicht einhielt. Das Opfer steht seither unter Polizeischutz.<\/p>\n<p>  Keine Zeit? blue News fasst f\u00fcr dich zusammen<\/p>\n<ul class=\"m-list m-list--content-list\">\n<li class=\"m-list__element\">Das Landgericht Berlin I verurteilte einen 37-j\u00e4hrigen Afghanen im Juni 2025 zu sieben Jahren und neun Monaten Haft wegen mehrfacher Vergewaltigung und Misshandlung.<\/li>\n<li class=\"m-list__element\">Weil der Vorsitzende Richter das Verhandlungsprotokoll nicht fristgerecht erstellte, konnte das Urteil nicht wirksam werden.<\/li>\n<li class=\"m-list__element\">Das Kammergericht hob den Haftbefehl auf, der Mann ist frei, w\u00e4hrend seine Ex-Partnerin unter Polizeischutz steht.<\/li>\n<\/ul>\n<p class=\"a-paragraph\" data-t-name=\"Paragraph\">Ein schwerer Fehler in der Berliner Justiz hat gravierende Folgen: Ein wegen mehrfacher Vergewaltigung verurteilter Mann ist wieder auf freiem Fuss. Wie der \u00ab<a target=\"_blank\" rel=\"nofollow noopener\" href=\"https:\/\/www.tagesspiegel.de\/berlin\/justizpanne-um-gefahrlichen-vergewaltiger-in-berlin-verurteilter-kommt-trotz-hohem-hafturteil-frei--weil-ein-richter-akten-verschleppte-15237980.html\">Tagesspiegel<\/a>\u00bb berichtet, scheiterte die Vollstreckung der Haftstrafe an einer vers\u00e4umten Frist.<\/p>\n<p class=\"a-paragraph\" data-t-name=\"Paragraph\">Das Landgericht Berlin I hatte den 37-j\u00e4hrigen Afghanen im Juni 2025 zu sieben Jahren und neun Monaten Gef\u00e4ngnis verurteilt. Nach \u00dcberzeugung des Gerichts hatte er seine fr\u00fchere Partnerin mehrfach vergewaltigt, geschlagen, schwer misshandelt und ihr mit dem Tod gedroht. Die Frau hatte ihn 2024 angezeigt.<\/p>\n<p class=\"a-paragraph\" data-t-name=\"Paragraph\">Doch das Urteil wurde nicht rechtskr\u00e4ftig. Der Vorsitzende Richter der zust\u00e4ndigen grossen Strafkammer vers\u00e4umte es nach der Urteilsverk\u00fcndung, das notwendige Verhandlungsprotokoll fristgerecht zu erstellen. Ohne diese Dokumentation konnte das Urteil nicht wirksam werden.<\/p>\n<p>Opfer steht unter Polizeischutz<\/p>\n<p class=\"a-paragraph\" data-t-name=\"Paragraph\">Die Verteidigung legte Revision ein. In der Folge hob das Berliner Kammergericht am 19. Januar den Haftbefehl auf, wie eine Gerichtssprecherin dem \u00abTagesspiegel\u00bb best\u00e4tigte. Seit rund drei Wochen ist der Mann daher wieder auf freiem Fuss.<\/p>\n<p class=\"a-paragraph\" data-t-name=\"Paragraph\">F\u00fcr das Opfer hat das drastische Konsequenzen: Seine Ex-Partnerin steht inzwischen unter Polizeischutz und wurde an einen sicheren Ort gebracht. Die Beh\u00f6rden pr\u00fcfen derzeit, ob der Mann mit einer elektronischen Fussfessel \u00fcberwacht oder in sein Herkunftsland abgeschoben werden kann.<\/p>\n<p class=\"a-paragraph\" data-t-name=\"Paragraph\">Wie der \u00abTagesspiegel\u00bb weiter berichtet, soll der zust\u00e4ndige Richter unter einer Suchterkrankung leiden und deshalb gesetzte Fristen vers\u00e4umt haben. Ihm wurde inzwischen der Vorsitz der grossen Strafkammer entzogen. Disziplinarische Schritte werden gepr\u00fcft, der Richter ist aktuell krankgeschrieben.<\/p>\n","protected":false},"excerpt":{"rendered":"Am Landgericht Berlin kam es zu einem schweren Fehler. (Symbolbild) Sebastian Christoph Gollnow\/dpa Ein rechtskr\u00e4ftig verurteilter Vergewaltiger ist&hellip;\n","protected":false},"author":2,"featured_media":788739,"comment_status":"","ping_status":"","sticky":false,"template":"","format":"standard","meta":{"footnotes":"","_share_on_mastodon":"0"},"categories":[1825],"tags":[1941,1939,296,1937,29,30,1940,1938],"class_list":["post-788738","post","type-post","status-publish","format-standard","has-post-thumbnail","category-berlin","tag-aktuelle-nachrichten-aus-berlin","tag-aktuelle-news-aus-berlin","tag-berlin","tag-berlin-news","tag-deutschland","tag-germany","tag-nachrichten-aus-berlin","tag-news-aus-berlin"],"share_on_mastodon":{"url":"https:\/\/pubeurope.com\/@de\/116051057507811902","error":""},"_links":{"self":[{"href":"https:\/\/www.europesays.com\/de\/wp-json\/wp\/v2\/posts\/788738","targetHints":{"allow":["GET"]}}],"collection":[{"href":"https:\/\/www.europesays.com\/de\/wp-json\/wp\/v2\/posts"}],"about":[{"href":"https:\/\/www.europesays.com\/de\/wp-json\/wp\/v2\/types\/post"}],"author":[{"embeddable":true,"href":"https:\/\/www.europesays.com\/de\/wp-json\/wp\/v2\/users\/2"}],"replies":[{"embeddable":true,"href":"https:\/\/www.europesays.com\/de\/wp-json\/wp\/v2\/comments?post=788738"}],"version-history":[{"count":0,"href":"https:\/\/www.europesays.com\/de\/wp-json\/wp\/v2\/posts\/788738\/revisions"}],"wp:featuredmedia":[{"embeddable":true,"href":"https:\/\/www.europesays.com\/de\/wp-json\/wp\/v2\/media\/788739"}],"wp:attachment":[{"href":"https:\/\/www.europesays.com\/de\/wp-json\/wp\/v2\/media?parent=788738"}],"wp:term":[{"taxonomy":"category","embeddable":true,"href":"https:\/\/www.europesays.com\/de\/wp-json\/wp\/v2\/categories?post=788738"},{"taxonomy":"post_tag","embeddable":true,"href":"https:\/\/www.europesays.com\/de\/wp-json\/wp\/v2\/tags?post=788738"}],"curies":[{"name":"wp","href":"https:\/\/api.w.org\/{rel}","templated":true}]}}