{"id":788740,"date":"2026-02-11T08:29:11","date_gmt":"2026-02-11T08:29:11","guid":{"rendered":"https:\/\/www.europesays.com\/de\/788740\/"},"modified":"2026-02-11T08:29:11","modified_gmt":"2026-02-11T08:29:11","slug":"solarunternehmen-aus-berlin-will-daecher-auf-dem-land-erobern-2","status":"publish","type":"post","link":"https:\/\/www.europesays.com\/de\/788740\/","title":{"rendered":"Solarunternehmen aus Berlin will D\u00e4cher auf dem Land erobern"},"content":{"rendered":"<p class=\"paragraph tw-mx-auto tw-mb-6\">Hauseigent\u00fcmer in der Feldberger Seenlandschaft hatten dieser Tage eine Postwurfsendung des Energieunternehmens Enpal mit Hauptsitz in Berlin in ihren Briefk\u00e4sten. \u201eUnser Regionalleiter Herr Brandt und sein Team sind aktuell rund um 17258 unterwegs, um das Solarpotenzial verschiedener Nachbarschaften einzusch\u00e4tzen\u201c, hei\u00dft es darin.<\/p>\n<p class=\"tw-text-neutral-10 tw-py-2 tw-border-t tw-mb-0 tw-text-title-md tw-font-medium tw-border-solid tw-border-b-neutral-10 tw-font-primary\">Empfohlene Artikel<\/p>\n<p class=\"paragraph tw-mx-auto tw-mb-6\">Und weiter: \u201eDabei wurde Ihre Stra\u00dfe positiv hervorgehoben, mit hervorragenden Voraussetzungen f\u00fcr eine Solaranlage.\u201c Demnach sind manche Stra\u00dfen geeignet f\u00fcr Energieerzeugung auf D\u00e4chern, andere nicht? Unternehmenssprecherin Lea Heck erkl\u00e4rte am Freitag auf Nachfrage die Kriterien.<\/p>\n<p>Kundschaft ist 60 +<\/p>\n<p class=\"paragraph tw-mx-auto tw-mb-6\">Zielgruppe seien vor allem \u00e4ltere Kunden mit gro\u00dfen D\u00e4chern. Daher sei die Ortswahl aufs Land und die Methode auf den Briefkasten-Flyer gefallen. Wer etwa in einem Wohnblock wohnt, werde wahrscheinlich kein Schreiben erhalten haben. \u201eWir beraten meistens Eigenheimbesitzer ab 60 aufw\u00e4rts mit den finanziellen M\u00f6glichkeiten und gro\u00dfer Dachfl\u00e4che, die oft in \u00e4lteren H\u00e4usern wohnen, nicht unbedingt in Neubauten.\u201c Sitzt bei der genannten Zielgruppe der Geldbeutel wirklich so locker?<\/p>\n<p class=\"paragraph tw-mx-auto tw-mb-6\">\u00dcber die Zahl der R\u00fcckmeldungen gab Lea Heck keine Auskunft. Das Projekt \u201eEnpal kommt in Ihre Stra\u00dfe\u201c sei \u201ein einer Pilotphase\u201c, Interesse sei aber durchaus vorhanden, sch\u00e4tzte sie ein. Es sei geplant, die Aktion auch auf andere Regionen im l\u00e4ndlichen Raum des Nordostens auszudehnen.<\/p>\n<p>Beratungsgespr\u00e4ch als Video-Konferenz<\/p>\n<p class=\"paragraph tw-mx-auto tw-mb-6\">Im weiteren Verlauf des sich m\u00f6glicherweise anbahnenden Gesch\u00e4ftes setze das Unternehmen dann aber doch auf eine Mischung aus Offline und Online. Zun\u00e4chst einmal k\u00f6nnen sich Interessenten auf einer Internetseite informieren, ob ihr Haus wirklich in Frage kommt und sich zugleich f\u00fcr ein erstes Beratungsgespr\u00e4ch anmelden. Dieses erfolgt, so nicht ausdr\u00fccklich anders gew\u00fcnscht, in einer Online-Video-Konferenz. Das sei, sagt Lea Heck, heutzutage dann doch sogar der betagteren Kundschaft lieber und praktischer, als sich erst irgendwohin begeben oder Besuch empfangen zu m\u00fcssen.<\/p>\n<p class=\"paragraph tw-mx-auto tw-mb-6\">Enpal ist nach eigenen Angaben \u201eseit der Gr\u00fcndung 2017 in Berlin Marktf\u00fchrer f\u00fcr Solaranlagen in Europa, f\u00fcr W\u00e4rmepumpen in Deutschland sowie gr\u00f6\u00dfter wettbewerblicher Messstellenbetreiber f\u00fcr Smart Meter\u201c, also digitale Gas-, Wasser- und Stromz\u00e4hler. Das Unternehmen spricht von rund 115.000 Kunden in Deutschland und Italien \u2013 man sei gerade dabei, weiter zu expandieren.<\/p>\n","protected":false},"excerpt":{"rendered":"Hauseigent\u00fcmer in der Feldberger Seenlandschaft hatten dieser Tage eine Postwurfsendung des Energieunternehmens Enpal mit Hauptsitz in Berlin in&hellip;\n","protected":false},"author":2,"featured_media":788741,"comment_status":"","ping_status":"","sticky":false,"template":"","format":"standard","meta":{"footnotes":"","_share_on_mastodon":"0"},"categories":[1825],"tags":[296,29,30],"class_list":["post-788740","post","type-post","status-publish","format-standard","has-post-thumbnail","category-berlin","tag-berlin","tag-deutschland","tag-germany"],"share_on_mastodon":{"url":"https:\/\/pubeurope.com\/@de\/116051061418502018","error":""},"_links":{"self":[{"href":"https:\/\/www.europesays.com\/de\/wp-json\/wp\/v2\/posts\/788740","targetHints":{"allow":["GET"]}}],"collection":[{"href":"https:\/\/www.europesays.com\/de\/wp-json\/wp\/v2\/posts"}],"about":[{"href":"https:\/\/www.europesays.com\/de\/wp-json\/wp\/v2\/types\/post"}],"author":[{"embeddable":true,"href":"https:\/\/www.europesays.com\/de\/wp-json\/wp\/v2\/users\/2"}],"replies":[{"embeddable":true,"href":"https:\/\/www.europesays.com\/de\/wp-json\/wp\/v2\/comments?post=788740"}],"version-history":[{"count":0,"href":"https:\/\/www.europesays.com\/de\/wp-json\/wp\/v2\/posts\/788740\/revisions"}],"wp:featuredmedia":[{"embeddable":true,"href":"https:\/\/www.europesays.com\/de\/wp-json\/wp\/v2\/media\/788741"}],"wp:attachment":[{"href":"https:\/\/www.europesays.com\/de\/wp-json\/wp\/v2\/media?parent=788740"}],"wp:term":[{"taxonomy":"category","embeddable":true,"href":"https:\/\/www.europesays.com\/de\/wp-json\/wp\/v2\/categories?post=788740"},{"taxonomy":"post_tag","embeddable":true,"href":"https:\/\/www.europesays.com\/de\/wp-json\/wp\/v2\/tags?post=788740"}],"curies":[{"name":"wp","href":"https:\/\/api.w.org\/{rel}","templated":true}]}}