{"id":788789,"date":"2026-02-11T08:56:11","date_gmt":"2026-02-11T08:56:11","guid":{"rendered":"https:\/\/www.europesays.com\/de\/788789\/"},"modified":"2026-02-11T08:56:11","modified_gmt":"2026-02-11T08:56:11","slug":"brand-in-der-riedfeldstrasse-50-000-euro-schaden-nach-naechtlichem-feuer-metropoljournal-com","status":"publish","type":"post","link":"https:\/\/www.europesays.com\/de\/788789\/","title":{"rendered":"Brand in der Riedfeldstra\u00dfe \u2013 50.000 Euro Schaden nach n\u00e4chtlichem Feuer \u2013 Metropoljournal.com"},"content":{"rendered":"<p style=\"text-align: center; font-style: italic; color: #555; font-size: 1.2rem; margin-bottom: 2rem;\">In der Nacht zu Mittwoch brannte in der Riedfeldstra\u00dfe ein Sperrm\u00fcllhaufen. Anwohner eines Mehrfamilienhauses wurden evakuiert, verletzt wurde niemand.<\/p>\n<p>&#13;<\/p>\n<p>Nach Angaben des Polizeipr\u00e4sidiums Mannheim kam es in der Nacht von Dienstag auf Mittwoch, 11. Februar 2026, gegen 00.45 Uhr zu einem Brand in der Riedfeldstra\u00dfe in Mannheim. Polizei, Feuerwehr und Rettungsdienst waren im Einsatz.<\/p>\n<p>&#13;<\/p>\n<p>Nach aktuellem Ermittlungsstand geriet ein vor einem Mehrfamilienhaus gelagerter Sperrm\u00fcllhaufen in Vollbrand. Als m\u00f6gliche Ursache wird ein technischer Defekt an einem in unmittelbarer N\u00e4he befindlichen Stromkasten gepr\u00fcft.<\/p>\n<p>&#13;<br \/>\nAnwohner vorsorglich evakuiert&#13;<\/p>\n<p>Da sich der Brand direkt vor dem Geb\u00e4ude entwickelte, wurden die Bewohnerinnen und Bewohner des Mehrfamilienhauses vorsorglich aus ihren Wohnungen gebracht und w\u00e4hrend der L\u00f6scharbeiten betreut. Durch das schnelle Eingreifen der Feuerwehr konnte ein \u00dcbergreifen der Flammen auf das Geb\u00e4ude verhindert werden.<\/p>\n<p>&#13;<\/p>\n<p>Nach Abschluss der Ma\u00dfnahmen konnten die Anwohner in ihre Wohnungen zur\u00fcckkehren. Personen wurden nach bisherigen Erkenntnissen nicht verletzt.<\/p>\n<p>&#13;<br \/>\nFahrzeuge und Fassade besch\u00e4digt&#13;<\/p>\n<p>Im unmittelbaren Nahbereich geparkte Fahrzeuge sowie Teile der Geb\u00e4udefassade wurden durch das Feuer besch\u00e4digt. Der entstandene Sachschaden wird derzeit auf rund 50.000 Euro gesch\u00e4tzt.<\/p>\n<p>&#13;<\/p>\n<p>W\u00e4hrend des Einsatzes wurden mehrere Stra\u00dfen im Umfeld des Brandortes gesperrt. Aufgrund des geringen Verkehrsaufkommens in den Nachtstunden kam es jedoch zu keinen nennenswerten Verkehrsbeeintr\u00e4chtigungen.<\/p>\n<p>&#13;<\/p>\n<p>Die weiteren Ermittlungen zur genauen Brandursache hat das Polizeirevier Mannheim-Neckarstadt \u00fcbernommen.<\/p>\n<p>&#13;<\/p>\n<p>Leserhinweis: Sperrm\u00fcll sollte nicht in unmittelbarer N\u00e4he von Geb\u00e4uden oder technischen Anlagen gelagert werden. Bei Rauchentwicklung oder Brandgeruch sollte umgehend der Notruf verst\u00e4ndigt werden.<\/p>\n<p>&#13;<\/p>\n","protected":false},"excerpt":{"rendered":"In der Nacht zu Mittwoch brannte in der Riedfeldstra\u00dfe ein Sperrm\u00fcllhaufen. Anwohner eines Mehrfamilienhauses wurden evakuiert, verletzt wurde&hellip;\n","protected":false},"author":2,"featured_media":645461,"comment_status":"","ping_status":"","sticky":false,"template":"","format":"standard","meta":{"footnotes":"","_share_on_mastodon":"0"},"categories":[1845],"tags":[1634,3364,29,548,663,3934,30,13,2096,14,15,12],"class_list":["post-788789","post","type-post","status-publish","format-standard","has-post-thumbnail","category-mannheim","tag-baden-wuerttemberg","tag-de","tag-deutschland","tag-eu","tag-europa","tag-europe","tag-germany","tag-headlines","tag-mannheim","tag-nachrichten","tag-news","tag-schlagzeilen"],"share_on_mastodon":{"url":"https:\/\/pubeurope.com\/@de\/116051167516816766","error":""},"_links":{"self":[{"href":"https:\/\/www.europesays.com\/de\/wp-json\/wp\/v2\/posts\/788789","targetHints":{"allow":["GET"]}}],"collection":[{"href":"https:\/\/www.europesays.com\/de\/wp-json\/wp\/v2\/posts"}],"about":[{"href":"https:\/\/www.europesays.com\/de\/wp-json\/wp\/v2\/types\/post"}],"author":[{"embeddable":true,"href":"https:\/\/www.europesays.com\/de\/wp-json\/wp\/v2\/users\/2"}],"replies":[{"embeddable":true,"href":"https:\/\/www.europesays.com\/de\/wp-json\/wp\/v2\/comments?post=788789"}],"version-history":[{"count":0,"href":"https:\/\/www.europesays.com\/de\/wp-json\/wp\/v2\/posts\/788789\/revisions"}],"wp:featuredmedia":[{"embeddable":true,"href":"https:\/\/www.europesays.com\/de\/wp-json\/wp\/v2\/media\/645461"}],"wp:attachment":[{"href":"https:\/\/www.europesays.com\/de\/wp-json\/wp\/v2\/media?parent=788789"}],"wp:term":[{"taxonomy":"category","embeddable":true,"href":"https:\/\/www.europesays.com\/de\/wp-json\/wp\/v2\/categories?post=788789"},{"taxonomy":"post_tag","embeddable":true,"href":"https:\/\/www.europesays.com\/de\/wp-json\/wp\/v2\/tags?post=788789"}],"curies":[{"name":"wp","href":"https:\/\/api.w.org\/{rel}","templated":true}]}}