{"id":788883,"date":"2026-02-11T09:50:16","date_gmt":"2026-02-11T09:50:16","guid":{"rendered":"https:\/\/www.europesays.com\/de\/788883\/"},"modified":"2026-02-11T09:50:16","modified_gmt":"2026-02-11T09:50:16","slug":"mann-von-u-bahn-erfasst-und-verletzt","status":"publish","type":"post","link":"https:\/\/www.europesays.com\/de\/788883\/","title":{"rendered":"Mann von U-Bahn erfasst und verletzt"},"content":{"rendered":"<p class=\"tspCCnp tspCCnq\">Ein Mann ist in Berlin-Friedrichshain von einer U-Bahn erfasst und verletzt worden. Nach Polizeiangaben fiel er gegen die anfahrende U-Bahn. Die Feuerwehr versorgte ihn am Dienstagabend zun\u00e4chst vor Ort. Anschlie\u00dfend wurde er in ein Krankenhaus gebracht. Seine Identit\u00e4t ist den Angaben nach bislang noch nicht bekannt. Der Unfall ereignete sich an der Samariterstra\u00dfe.<\/p>\n<p>Weitere aktuelle Nachrichten aus Berlin:<a href=\"https:\/\/www.tagesspiegel.de\/berlin\/betroffen-sind-s3-s5-s7-und-s9-s-bahn-verkehr-in-der-mittwochnacht-in-berlin-unterbrochen-15238416.html?icid=topic-list_15238464___\" data-gtm-class=\"article-mzt-link\" data-hydrate-fingerprint=\"09740a54944caac75fd2c0c63fd5c5df\" data-hydrate-props=\"{&amp;escapedquot;element&amp;escapedquot;:{&amp;escapedquot;type&amp;escapedquot;:&amp;escapedquot;relatedContent&amp;escapedquot;,&amp;escapedquot;fieldMap&amp;escapedquot;:{},&amp;escapedquot;relation&amp;escapedquot;:{&amp;escapedquot;fields&amp;escapedquot;:{&amp;escapedquot;isPaid&amp;escapedquot;:null},&amp;escapedquot;href&amp;escapedquot;:&amp;escapedquot;\/berlin\/betroffen-sind-s3-s5-s7-und-s9-s-bahn-verkehr-in-der-mittwochnacht-in-berlin-unterbrochen-15238416.html&amp;escapedquot;,&amp;escapedquot;teaserTitle&amp;escapedquot;:{&amp;escapedquot;kicker&amp;escapedquot;:&amp;escapedquot;Betroffen sind S3, S5, S7 und S9&amp;escapedquot;,&amp;escapedquot;headline&amp;escapedquot;:&amp;escapedquot;S-Bahn-Verkehr in der Mittwochnacht in Berlin unterbrochen&amp;escapedquot;},&amp;escapedquot;id&amp;escapedquot;:&amp;escapedquot;15238416&amp;escapedquot;,&amp;escapedquot;type&amp;escapedquot;:&amp;escapedquot;story&amp;escapedquot;},&amp;escapedquot;isPartOfList&amp;escapedquot;:true,&amp;escapedquot;topicListType&amp;escapedquot;:&amp;escapedquot;topic-list&amp;escapedquot;},&amp;escapedquot;showArrow&amp;escapedquot;:true}\" data-hydrate-slots=\"{&#039;default&#039;:[]}\" class=\"tspC3qb tspC2p9\" rel=\"nofollow noopener\" target=\"_blank\">Betroffen sind S3, S5, S7 und S9 S-Bahn-Verkehr in der Mittwochnacht in Berlin unterbrochen <\/a><a href=\"https:\/\/www.tagesspiegel.de\/berlin\/manche-linien-sind-besonders-unpunktlich-mehr-verspatungen-bei-zugen-in-berlin-und-brandenburg-15238123.html?icid=topic-list_15238464___\" data-gtm-class=\"article-mzt-link\" data-hydrate-fingerprint=\"09740a54944caac75fd2c0c63fd5c5df\" data-hydrate-props=\"{&amp;escapedquot;element&amp;escapedquot;:{&amp;escapedquot;type&amp;escapedquot;:&amp;escapedquot;relatedContent&amp;escapedquot;,&amp;escapedquot;fieldMap&amp;escapedquot;:{},&amp;escapedquot;relation&amp;escapedquot;:{&amp;escapedquot;fields&amp;escapedquot;:{&amp;escapedquot;isPaid&amp;escapedquot;:null},&amp;escapedquot;href&amp;escapedquot;:&amp;escapedquot;\/berlin\/manche-linien-sind-besonders-unpunktlich-mehr-verspatungen-bei-zugen-in-berlin-und-brandenburg-15238123.html&amp;escapedquot;,&amp;escapedquot;teaserTitle&amp;escapedquot;:{&amp;escapedquot;kicker&amp;escapedquot;:&amp;escapedquot;Manche Linien sind besonders unp\u00fcnktlich&amp;escapedquot;,&amp;escapedquot;headline&amp;escapedquot;:&amp;escapedquot;Mehr Versp\u00e4tungen bei Z\u00fcgen in Berlin und Brandenburg&amp;escapedquot;},&amp;escapedquot;id&amp;escapedquot;:&amp;escapedquot;15238123&amp;escapedquot;,&amp;escapedquot;type&amp;escapedquot;:&amp;escapedquot;story&amp;escapedquot;},&amp;escapedquot;isPartOfList&amp;escapedquot;:true,&amp;escapedquot;topicListType&amp;escapedquot;:&amp;escapedquot;topic-list&amp;escapedquot;},&amp;escapedquot;showArrow&amp;escapedquot;:true}\" data-hydrate-slots=\"{&#039;default&#039;:[]}\" class=\"tspC3qb tspC2p9\" rel=\"nofollow noopener\" target=\"_blank\">Manche Linien sind besonders unp\u00fcnktlich Mehr Versp\u00e4tungen bei Z\u00fcgen in Berlin und Brandenburg <\/a><a href=\"https:\/\/www.tagesspiegel.de\/berlin\/zwei-millionen-beschaftigte-betroffen-warnstreiks-in-kitas-schulen-und-behorden--was-tun-15238091.html?icid=topic-list_15238464___\" data-gtm-class=\"article-mzt-link\" data-hydrate-fingerprint=\"09740a54944caac75fd2c0c63fd5c5df\" data-hydrate-props=\"{&amp;escapedquot;element&amp;escapedquot;:{&amp;escapedquot;type&amp;escapedquot;:&amp;escapedquot;relatedContent&amp;escapedquot;,&amp;escapedquot;fieldMap&amp;escapedquot;:{},&amp;escapedquot;relation&amp;escapedquot;:{&amp;escapedquot;fields&amp;escapedquot;:{&amp;escapedquot;isPaid&amp;escapedquot;:null},&amp;escapedquot;href&amp;escapedquot;:&amp;escapedquot;\/berlin\/zwei-millionen-beschaftigte-betroffen-warnstreiks-in-kitas-schulen-und-behorden--was-tun-15238091.html&amp;escapedquot;,&amp;escapedquot;teaserTitle&amp;escapedquot;:{&amp;escapedquot;kicker&amp;escapedquot;:&amp;escapedquot;Zwei Millionen Besch\u00e4ftigte betroffen&amp;escapedquot;,&amp;escapedquot;headline&amp;escapedquot;:&amp;escapedquot;Warnstreiks in Kitas, Schulen und Beh\u00f6rden\u00a0\u2013\u00a0was tun?&amp;escapedquot;},&amp;escapedquot;id&amp;escapedquot;:&amp;escapedquot;15238091&amp;escapedquot;,&amp;escapedquot;type&amp;escapedquot;:&amp;escapedquot;story&amp;escapedquot;},&amp;escapedquot;isPartOfList&amp;escapedquot;:true,&amp;escapedquot;topicListType&amp;escapedquot;:&amp;escapedquot;topic-list&amp;escapedquot;},&amp;escapedquot;showArrow&amp;escapedquot;:true}\" data-hydrate-slots=\"{&#039;default&#039;:[]}\" class=\"tspC3qb tspC2p9\" rel=\"nofollow noopener\" target=\"_blank\">Zwei Millionen Besch\u00e4ftigte betroffen Warnstreiks in Kitas, Schulen und Beh\u00f6rden\u00a0\u2013\u00a0was tun? <\/a><\/p>\n<p class=\"tspCCnp\">W\u00e4hrend der medizinischen Versorgung war der U-Bahn-Verkehr vor\u00fcbergehend unterbrochen. Wenig sp\u00e4ter wurde der Betrieb wieder aufgenommen. (dpa)<\/p>\n","protected":false},"excerpt":{"rendered":"Ein Mann ist in Berlin-Friedrichshain von einer U-Bahn erfasst und verletzt worden. Nach Polizeiangaben fiel er gegen die&hellip;\n","protected":false},"author":2,"featured_media":788884,"comment_status":"","ping_status":"","sticky":false,"template":"","format":"standard","meta":{"footnotes":"","_share_on_mastodon":"0"},"categories":[1825],"tags":[1941,1939,296,1937,29,527,30,1940,1938],"class_list":["post-788883","post","type-post","status-publish","format-standard","has-post-thumbnail","category-berlin","tag-aktuelle-nachrichten-aus-berlin","tag-aktuelle-news-aus-berlin","tag-berlin","tag-berlin-news","tag-deutschland","tag-friedrichshain-kreuzberg","tag-germany","tag-nachrichten-aus-berlin","tag-news-aus-berlin"],"share_on_mastodon":{"url":"https:\/\/pubeurope.com\/@de\/116051379733439700","error":""},"_links":{"self":[{"href":"https:\/\/www.europesays.com\/de\/wp-json\/wp\/v2\/posts\/788883","targetHints":{"allow":["GET"]}}],"collection":[{"href":"https:\/\/www.europesays.com\/de\/wp-json\/wp\/v2\/posts"}],"about":[{"href":"https:\/\/www.europesays.com\/de\/wp-json\/wp\/v2\/types\/post"}],"author":[{"embeddable":true,"href":"https:\/\/www.europesays.com\/de\/wp-json\/wp\/v2\/users\/2"}],"replies":[{"embeddable":true,"href":"https:\/\/www.europesays.com\/de\/wp-json\/wp\/v2\/comments?post=788883"}],"version-history":[{"count":0,"href":"https:\/\/www.europesays.com\/de\/wp-json\/wp\/v2\/posts\/788883\/revisions"}],"wp:featuredmedia":[{"embeddable":true,"href":"https:\/\/www.europesays.com\/de\/wp-json\/wp\/v2\/media\/788884"}],"wp:attachment":[{"href":"https:\/\/www.europesays.com\/de\/wp-json\/wp\/v2\/media?parent=788883"}],"wp:term":[{"taxonomy":"category","embeddable":true,"href":"https:\/\/www.europesays.com\/de\/wp-json\/wp\/v2\/categories?post=788883"},{"taxonomy":"post_tag","embeddable":true,"href":"https:\/\/www.europesays.com\/de\/wp-json\/wp\/v2\/tags?post=788883"}],"curies":[{"name":"wp","href":"https:\/\/api.w.org\/{rel}","templated":true}]}}