{"id":788889,"date":"2026-02-11T09:53:17","date_gmt":"2026-02-11T09:53:17","guid":{"rendered":"https:\/\/www.europesays.com\/de\/788889\/"},"modified":"2026-02-11T09:53:17","modified_gmt":"2026-02-11T09:53:17","slug":"tote-frau-in-berliner-park-verdaechtiger-in-haft-2","status":"publish","type":"post","link":"https:\/\/www.europesays.com\/de\/788889\/","title":{"rendered":"Tote Frau in Berliner Park \u2013 Verd\u00e4chtiger in Haft"},"content":{"rendered":"<p class=\"tspCCnp tspCCnq\">Nach dem gewaltsamen Tod einer 40-j\u00e4hrigen Frau in Berlin sitzt ein Verd\u00e4chtiger in Untersuchungshaft. Gegen den 46-J\u00e4hrigen wird wegen eines T\u00f6tungsdeliktes ermittelt, wie ein Sprecher der Staatsanwaltschaft sagte. Weitere Angaben machte er mit Verweis auf die laufenden Ermittlungen nicht.<\/p>\n<p class=\"tspCCnp\">Die tote Frau war in der Nacht zum Montag in einem Park an der Altenhofer Stra\u00dfe im Ortsteil Alt-Hohensch\u00f6nhausen gefunden. Eine Obduktion der Leiche ergab, dass die 40-J\u00e4hrige an Verletzungen starb, die sie am Oberk\u00f6rper erlitt. Opfer und mutma\u00dflicher T\u00e4ter sollen sich nach Angaben der Staatsanwaltschaft gekannt haben. Beide haben demnach die ukrainische Staatsb\u00fcrgerschaft.<\/p>\n<p class=\"tspCCnp\">\u00a9 dpa-infocom, dpa:260211-930-671050\/1<\/p>\n<p class=\"tspCCnp\">Das ist eine Nachricht direkt aus dem dpa-Newskanal.<\/p>\n","protected":false},"excerpt":{"rendered":"Nach dem gewaltsamen Tod einer 40-j\u00e4hrigen Frau in Berlin sitzt ein Verd\u00e4chtiger in Untersuchungshaft. Gegen den 46-J\u00e4hrigen wird&hellip;\n","protected":false},"author":2,"featured_media":788890,"comment_status":"","ping_status":"","sticky":false,"template":"","format":"standard","meta":{"footnotes":"","_share_on_mastodon":"0"},"categories":[1825],"tags":[296,29,30],"class_list":["post-788889","post","type-post","status-publish","format-standard","has-post-thumbnail","category-berlin","tag-berlin","tag-deutschland","tag-germany"],"share_on_mastodon":{"url":"https:\/\/pubeurope.com\/@de\/116051391706464705","error":""},"_links":{"self":[{"href":"https:\/\/www.europesays.com\/de\/wp-json\/wp\/v2\/posts\/788889","targetHints":{"allow":["GET"]}}],"collection":[{"href":"https:\/\/www.europesays.com\/de\/wp-json\/wp\/v2\/posts"}],"about":[{"href":"https:\/\/www.europesays.com\/de\/wp-json\/wp\/v2\/types\/post"}],"author":[{"embeddable":true,"href":"https:\/\/www.europesays.com\/de\/wp-json\/wp\/v2\/users\/2"}],"replies":[{"embeddable":true,"href":"https:\/\/www.europesays.com\/de\/wp-json\/wp\/v2\/comments?post=788889"}],"version-history":[{"count":0,"href":"https:\/\/www.europesays.com\/de\/wp-json\/wp\/v2\/posts\/788889\/revisions"}],"wp:featuredmedia":[{"embeddable":true,"href":"https:\/\/www.europesays.com\/de\/wp-json\/wp\/v2\/media\/788890"}],"wp:attachment":[{"href":"https:\/\/www.europesays.com\/de\/wp-json\/wp\/v2\/media?parent=788889"}],"wp:term":[{"taxonomy":"category","embeddable":true,"href":"https:\/\/www.europesays.com\/de\/wp-json\/wp\/v2\/categories?post=788889"},{"taxonomy":"post_tag","embeddable":true,"href":"https:\/\/www.europesays.com\/de\/wp-json\/wp\/v2\/tags?post=788889"}],"curies":[{"name":"wp","href":"https:\/\/api.w.org\/{rel}","templated":true}]}}