{"id":788891,"date":"2026-02-11T09:54:17","date_gmt":"2026-02-11T09:54:17","guid":{"rendered":"https:\/\/www.europesays.com\/de\/788891\/"},"modified":"2026-02-11T09:54:17","modified_gmt":"2026-02-11T09:54:17","slug":"trainer-leitl-kritisiert-wegner-doch-der-reagiert-gelassen","status":"publish","type":"post","link":"https:\/\/www.europesays.com\/de\/788891\/","title":{"rendered":"Trainer Leitl kritisiert Wegner\u00a0\u2013 doch der reagiert gelassen"},"content":{"rendered":"<p class=\"expressive-copy-lg-body\">Herthas Trainer Stefan Leitl hat <a href=\"https:\/\/www.morgenpost.de\/berlin\/kai-wegner\/\" target=\"_blank\" rel=\"nofollow noopener\">Berlins Regierenden B\u00fcrgermeister Kai Wegner (CDU)<\/a> daf\u00fcr kritisiert, dass dieser das <a href=\"https:\/\/www.morgenpost.de\/sport\/hertha\/article411169593\/grosser-kampf-ohne-lohn-hertha-bsc-scheidet-gegen-freiburg-erstklassig-aus.html\" data-category-full-path=\"https:\/\/www.morgenpost.de\/sport\/hertha\/\" data-paid-status=\"premium\" data-article-publish-date=\"1770763576\" rel=\"nofollow noopener\" target=\"_blank\">Pokalspiel gegen den SC Freiburg<\/a> aufgrund eines Besuchs bei den Olympischen Winterspielen verpasst. \u201eSein Support w\u00e4re heute auch wichtig gewesen. Da kritisiere ich ihn schon. Vielleicht kommt er ja Samstag dann gegen Hannover\u201c, sagte Leitl vor dem Anpfiff bei Sky.<\/p>\n<p>            Morgenpost der Chefredaktion<\/p>\n<p>Die ersten News des Tages \u2013 direkt von der Chefredaktion. Montag bis Samstag um 6:30 Uhr.<\/p>\n<p>            <img decoding=\"async\" src=\"https:\/\/www.europesays.com\/de\/wp-content\/uploads\/2026\/02\/1770726675_545_newsletter-envelope.png\" alt=\"Newsletter Illustration\" class=\"h-full w-full max-w-full object-cover md:max-w-[226px] lg:max-w-[234px]\" loading=\"lazy\"\/><\/p>\n<p>              Morgenpost der Chefredaktion<\/p>\n<p>Die ersten News des Tages \u2013 direkt von der Chefredaktion. Montag bis Samstag um 6:30 Uhr.<\/p>\n<p>              Mit meiner Anmeldung zum Newsletter stimme ich der<br \/>\n              <a href=\"https:\/\/www.morgenpost.de\/service\/newsletter-adconsent\" class=\"text-copy-accent underline decoration-solid underline-offset-1 hover:text-primary-700\" rel=\"nofollow noopener\" target=\"_blank\">Werbevereinbarung<\/a><br \/>\n              zu.<\/p>\n<p class=\"expressive-copy-lg-body\">Wegner reagierte gelassen auf die Kritik: \u201eIch finde das ja nett. Er hat das ja mit einem Augenzwinkern gesagt und ihm ist durchaus bewusst, dass meine Gedanken jetzt bei <a href=\"https:\/\/www.morgenpost.de\/sport\/hertha\/\" target=\"_blank\" rel=\"nofollow noopener\">Hertha BSC<\/a> sind\u201c, \u00e4u\u00dferte Wegner in Mailand. Doch das hat nicht geholfen. Hertha verlor 5:4 im Elfmeterschie\u00dfen.<\/p>\n<p class=\"expressive-copy-lg-body\"><a href=\"https:\/\/www.morgenpost.de\/berlin\/article411153418\/olympia-in-berlin-wegner-wirbt-in-mailand-fuer-konzept.html\" data-category-full-path=\"https:\/\/www.morgenpost.de\/berlin\/\" data-paid-status=\"free\" data-article-publish-date=\"1770650040\" rel=\"nofollow noopener\" target=\"_blank\">Am Nachmittag hatte sich Wegner unter anderem den Sieg der deutschen Eishockey-Frauen live in Mailand angesehen<\/a>. \u201eBei dieser Reise geht es darum, ein klares Signal an die olympische Familie zu senden: Berlin ist bereit f\u00fcr Olympische und Paralympische Spiele\u201c, hatte Wegner erkl\u00e4rt. \u201eDie Begeisterung, die wir in Italien erleben, wollen wir auch in unsere Stadt tragen.\u201c<\/p>\n<p>            <img decoding=\"async\" src=\"https:\/\/www.europesays.com\/de\/wp-content\/uploads\/2026\/02\/411170085_1770771929_v16_9_1200.jpeg\" class=\"relative z-10 block w-full object-cover aspect-[4\/3]\" alt=\"DFB-Pokal: Hertha BSC - SC Freiburg, 10.02.2026 \" title=\"Die Profis von Hertha BSC bangen beim Elfmeterschie\u00dfen mit ihren Teamkollegen.\" loading=\"lazy\"\/><\/p>\n<p>  Hertha-Trainer Leitl: \u201eDann soll der aber auch nicht in Italien Sport gucken\u201c<\/p>\n<p class=\"expressive-copy-lg-body\">Berlin will die Olympischen Sommerspiele bald in die Hauptstadt holen. Die finale Entscheidung \u00fcber den deutschen Bewerber soll auf einer au\u00dferordentlichen Mitgliederversammlung des Deutschen Olympischen Sportbundes (DOSB) am 26. September getroffen werden. Offen ist, ob der DOSB sich f\u00fcr die Spiele 2036, 2040 oder 2044 bewirbt.\u00a0<\/p>\n<p class=\"expressive-copy-lg-body\">Vergangene Woche hatte Wegner in der \u201eBild\u201c-Zeitung erkl\u00e4rt, dass es sein Kindheitstraum sei, Hertha im Pokalfinale zu erleben. Daraufhin antwortete Leitl: \u201eDann soll der aber auch nicht in Italien Sport gucken, sondern hier in Berlin im Stadion sein.\u201c Die Hertha-Profis standen zu Hause noch nie im Pokalfinale.<\/p>\n<p rel=\"author\" class=\"text-brand\">dpa<\/p>\n","protected":false},"excerpt":{"rendered":"Herthas Trainer Stefan Leitl hat Berlins Regierenden B\u00fcrgermeister Kai Wegner (CDU) daf\u00fcr kritisiert, dass dieser das Pokalspiel gegen&hellip;\n","protected":false},"author":2,"featured_media":788892,"comment_status":"","ping_status":"","sticky":false,"template":"","format":"standard","meta":{"footnotes":"","_share_on_mastodon":"0"},"categories":[1825],"tags":[296,29,30],"class_list":["post-788891","post","type-post","status-publish","format-standard","has-post-thumbnail","category-berlin","tag-berlin","tag-deutschland","tag-germany"],"share_on_mastodon":{"url":"https:\/\/pubeurope.com\/@de\/116051395775455265","error":""},"_links":{"self":[{"href":"https:\/\/www.europesays.com\/de\/wp-json\/wp\/v2\/posts\/788891","targetHints":{"allow":["GET"]}}],"collection":[{"href":"https:\/\/www.europesays.com\/de\/wp-json\/wp\/v2\/posts"}],"about":[{"href":"https:\/\/www.europesays.com\/de\/wp-json\/wp\/v2\/types\/post"}],"author":[{"embeddable":true,"href":"https:\/\/www.europesays.com\/de\/wp-json\/wp\/v2\/users\/2"}],"replies":[{"embeddable":true,"href":"https:\/\/www.europesays.com\/de\/wp-json\/wp\/v2\/comments?post=788891"}],"version-history":[{"count":0,"href":"https:\/\/www.europesays.com\/de\/wp-json\/wp\/v2\/posts\/788891\/revisions"}],"wp:featuredmedia":[{"embeddable":true,"href":"https:\/\/www.europesays.com\/de\/wp-json\/wp\/v2\/media\/788892"}],"wp:attachment":[{"href":"https:\/\/www.europesays.com\/de\/wp-json\/wp\/v2\/media?parent=788891"}],"wp:term":[{"taxonomy":"category","embeddable":true,"href":"https:\/\/www.europesays.com\/de\/wp-json\/wp\/v2\/categories?post=788891"},{"taxonomy":"post_tag","embeddable":true,"href":"https:\/\/www.europesays.com\/de\/wp-json\/wp\/v2\/tags?post=788891"}],"curies":[{"name":"wp","href":"https:\/\/api.w.org\/{rel}","templated":true}]}}