{"id":788970,"date":"2026-02-11T10:37:23","date_gmt":"2026-02-11T10:37:23","guid":{"rendered":"https:\/\/www.europesays.com\/de\/788970\/"},"modified":"2026-02-11T10:37:23","modified_gmt":"2026-02-11T10:37:23","slug":"fuehrerschein-jeder-dritte-teilnehmer-scheitert-an-der-fahrpruefung","status":"publish","type":"post","link":"https:\/\/www.europesays.com\/de\/788970\/","title":{"rendered":"F\u00fchrerschein: Jeder dritte Teilnehmer scheitert an der Fahrpr\u00fcfung"},"content":{"rendered":"<p class=\"paragraph article__item\">Im vergangenen Jahr hat es erneut eine <a href=\"https:\/\/www.zeit.de\/campus\/2025-04\/angst-fahrpruefung-fuehrerschein-fahrlehrer-psychologie\" class=\"\" target=\"_blank\" rel=\"nofollow noopener\">hohe Durchfallquote bei Fahrsch\u00fclerinnen und Fahrsch\u00fclern<\/a> gegeben. Zahlen aus dem aktuellen Datenreport des T\u00dcV-Verbands zeigen, dass 44 Prozent an der Theoriepr\u00fcfung und 37 Prozent an der praktischen Pr\u00fcfung scheiterten. Die Zahlen kommen mitten in der Debatte dar\u00fcber, wie der <a class=\"rtr-entity\" href=\"https:\/\/www.zeit.de\/thema\/fuehrerschein\" rel=\"nofollow noopener\" target=\"_blank\">F\u00fchrerschein<\/a> g\u00fcnstiger werden kann. Bundesverkehrsminister Patrick Schnieder (CDU) will dazu im Laufe des Tages <a href=\"https:\/\/www.zeit.de\/mobilitaet\/2025-12\/fuehrerschein-reform-kosten-bundesverkehrsminister-gxe\" class=\"\" target=\"_blank\" rel=\"nofollow noopener\">Eckpunkte einer Reform der Fahrschulausbildung<\/a> vorstellen.\n<\/p>\n<p class=\"paragraph article__item\">Der T\u00dcV-Verband sprach von einem hohen, aber weitgehend konstanten Niveau bei der Nichtbestehensquote. Diese umfasst sowohl Erst- als auch Wiederholungspr\u00fcfungen. Im Vergleich zum Vorjahr hat sich nur wenig an den Zahlen ge\u00e4ndert: 2024 lag die Durchfallquote bei 45 Prozent in der Theorie und ebenfalls bei 37 Prozent in der Praxis. Im Zehnjahresvergleich zeigt sich jedoch ein deutlicher Unterschied: 2016 waren es nur 37 Prozent in der Theorie- und 32 Prozent in der praktischen Pr\u00fcfung.\n<\/p>\n<p class=\"paragraph article__item\">Au\u00dferdem zeigen die Zahlen, dass <a href=\"https:\/\/www.zeit.de\/politik\/deutschland\/2026-01\/csu-fuehrerschein-16-jaehrige\" class=\"\" target=\"_blank\" rel=\"nofollow noopener\">junge Menschen besser abschneiden<\/a>. Nur 35 Prozent der unter 18-J\u00e4hrigen fielen durch die theoretische und 24 Prozent durch die praktische Pr\u00fcfung. Zudem weisen die Daten darauf hin, dass deutlich weniger Fahrsch\u00fclerinnen und Fahrsch\u00fcler beim ersten Versuch scheitern.\n<\/p>\n<p>        F\u00fchrerscheinpr\u00fcfungen im Jahr 2025 auf einen neuen H\u00f6chststand        <\/p>\n<p class=\"paragraph article__item\">Laut T\u00dcV-Verband lagen die Bestehensquoten im Erstversuch im Jahr 2025 bei 63 Prozent in der Theorie und 65 Prozent in der Praxis. Die Erfolgsquoten bei Wiederholungsversuchen waren deutlich niedriger. &#8222;Die Gruppe der Wiederholenden tut sich schwer und scheitert h\u00e4ufig sogar mehrfach&#8220;, teilte Richard Goebelt, Fachbereichsleiter Fahrzeug und Mobilit\u00e4t beim T\u00dcV-Verband, mit. Jede nicht bestandene Pr\u00fcfung bedeute zudem eine zus\u00e4tzliche <a href=\"https:\/\/www.zeit.de\/zeit-magazin\/2025\/31\/fueherschein-pruefung-nervositaet-pruefers-toechter\" class=\"\" target=\"_blank\" rel=\"nofollow noopener\">mentale, finanzielle und zeitliche Belastung f\u00fcr die Betroffenen<\/a>. &#8222;Wer den F\u00fchrerscheinerwerb effizienter und kosteng\u00fcnstiger gestalten will, muss alles daransetzen, den ersten Pr\u00fcfungsversuch zum Erfolg zu machen.&#8220;\n<\/p>\n<p class=\"paragraph article__item\">Insgesamt haben im letzten Jahr deutlich mehr Menschen eine F\u00fchrerscheinpr\u00fcfung absolviert. Laut T\u00dcV wurden 2025 2,04 Millionen Theoriepr\u00fcfungen und rund 1,89 Millionen Praxispr\u00fcfungen abgelegt. Die Zahlen des Datenreportes beziehen sich auf den Pkw-F\u00fchrerschein der Klassen B und B17 \u2013 letzteres steht f\u00fcr begleitetes Fahren ab 17.\n<\/p>\n<p>        Weniger Anmeldungen bei Fahrschulen seit Ank\u00fcndigung der Reformen        <\/p>\n<p class=\"paragraph article__item\">In den vergangenen Jahren sind die <a href=\"https:\/\/www.zeit.de\/mobilitaet\/2026-01\/fuehrerschein-junge-menschen-kosten-arbeitsmarkt-unternehmen\" class=\"\" target=\"_blank\" rel=\"nofollow noopener\">Kosten f\u00fcr den F\u00fchrerschein gestiegen<\/a>. Dagegen will Verkehrsminister Schnieder etwas unternehmen. Bereits im <a href=\"https:\/\/www.zeit.de\/mobilitaet\/2025-10\/fahrschule-reform-kosten-senkung-bundesverkehrsminister-patrick-schnieder\" class=\"\" target=\"_blank\" rel=\"nofollow noopener\">vergangenen Oktober hatte er Reformvorschl\u00e4ge f\u00fcr einen g\u00fcnstigeren F\u00fchrerschein vorgelegt<\/a>. Geplant sind unter anderem Vereinfachungen und digitale L\u00f6sungen f\u00fcr die theoretischen und praktischen Teile.\n<\/p>\n<p class=\"paragraph article__item\">Seit der Ank\u00fcndigung der Reform ist laut Fahrlehrerverb\u00e4nden in vielen Fahrschulen die Zahl der Anmeldungen eingebrochen, da potenzielle neue Fahrsch\u00fcler abwarten wollen, bis der F\u00fchrerschein g\u00fcnstiger wird.\n<\/p>\n<p class=\"paragraph article__item\">Der T\u00dcV-Verband sieht einen Vorteil darin, dass digitale Lernmittel gest\u00e4rkt werden sollen. Dazu sollten jedoch verbindliche, einheitliche digitale Lernstandskontrollen als Voraussetzung f\u00fcr die Pr\u00fcfungszulassung eingef\u00fchrt werden. Kritisch bewertet der T\u00dcV hingegen Vorschl\u00e4ge, die Anforderungen in der Fahranf\u00e4ngervorbereitung pauschal abzusenken, da dies die Verkehrssicherheit gef\u00e4hrden k\u00f6nnte.\n<\/p>\n<p>Mehr zu diesem Thema<\/p>\n<p>            F\u00fchrerscheinpr\u00fcfung        <\/p>\n<p>                <a href=\"https:\/\/www.zeit.de\/wirtschaft\/2025-10\/verkehrsministerkonferenz-fuehrerschein-kosten-digitalisierung-fahrschulen-strassenverkehr\" data-ct-label=\"Verkehrsministerkonferenz: Kann man Autofahren am Bildschirm lernen?\" data-uuid=\"4f6c662a-2087-4874-af7e-9c39d3e87518\" rel=\"nofollow noopener\" target=\"_blank\"><\/p>\n<p>                        Verkehrsministerkonferenz:<br \/>\n                        Kann man Autofahren am Bildschirm lernen?<\/p>\n<p>                <\/a><\/p>\n<p>                <a href=\"https:\/\/www.zeit.de\/2025\/50\/mein-fuehrerschein-ist-mir-wichtiger-als-mein-deutscher-pass\" data-ct-label=\"Kida Ramadan: &quot;Mein F\u00fchrerschein ist mir wichtiger als mein deutscher Pass&quot;\" data-uuid=\"1843d315-1580-4d28-9ab2-c45f21e8028f\" rel=\"nofollow noopener\" target=\"_blank\"><\/p>\n<p>        Z+ (abopflichtiger Inhalt);<\/p>\n<p>    Kida Ramadan:<br \/>\n                        &#8222;Mein F\u00fchrerschein ist mir wichtiger als mein deutscher Pass&#8220;<\/p>\n<p>                <\/a><\/p>\n<p>                <a href=\"https:\/\/www.zeit.de\/kultur\/2026-02\/fuehrerschein-kosten-preis-junge-menschen-staat\" data-ct-label=\"F\u00fchrerschein-Kosten: Warum im F\u00fchrerschein so viel Gegenwartskrise steckt\" data-uuid=\"af3f0e4e-d0c8-472d-bc4a-eb42890e562a\" rel=\"nofollow noopener\" target=\"_blank\"><\/p>\n<p>        Z+ (abopflichtiger Inhalt);<\/p>\n<p>    F\u00fchrerschein-Kosten:<br \/>\n                        Warum im F\u00fchrerschein so viel Gegenwartskrise steckt<\/p>\n<p>                <\/a><\/p>\n","protected":false},"excerpt":{"rendered":"Im vergangenen Jahr hat es erneut eine hohe Durchfallquote bei Fahrsch\u00fclerinnen und Fahrsch\u00fclern gegeben. Zahlen aus dem aktuellen&hellip;\n","protected":false},"author":2,"featured_media":788971,"comment_status":"","ping_status":"","sticky":false,"template":"","format":"standard","meta":{"footnotes":"","_share_on_mastodon":"0"},"categories":[5],"tags":[331,332,6175,3364,29,2641,35,30,13,1466,14,15,24341,12,601,6773],"class_list":["post-788970","post","type-post","status-publish","format-standard","has-post-thumbnail","category-nachrichten","tag-aktuelle-nachrichten","tag-aktuelle-news","tag-autofahrer","tag-de","tag-deutschland","tag-fahrschule","tag-fuehrerschein","tag-germany","tag-headlines","tag-mobilitaet","tag-nachrichten","tag-news","tag-reform","tag-schlagzeilen","tag-verkehr","tag-verkehrsministerium"],"share_on_mastodon":{"url":"https:\/\/pubeurope.com\/@de\/116051564647724662","error":""},"_links":{"self":[{"href":"https:\/\/www.europesays.com\/de\/wp-json\/wp\/v2\/posts\/788970","targetHints":{"allow":["GET"]}}],"collection":[{"href":"https:\/\/www.europesays.com\/de\/wp-json\/wp\/v2\/posts"}],"about":[{"href":"https:\/\/www.europesays.com\/de\/wp-json\/wp\/v2\/types\/post"}],"author":[{"embeddable":true,"href":"https:\/\/www.europesays.com\/de\/wp-json\/wp\/v2\/users\/2"}],"replies":[{"embeddable":true,"href":"https:\/\/www.europesays.com\/de\/wp-json\/wp\/v2\/comments?post=788970"}],"version-history":[{"count":0,"href":"https:\/\/www.europesays.com\/de\/wp-json\/wp\/v2\/posts\/788970\/revisions"}],"wp:featuredmedia":[{"embeddable":true,"href":"https:\/\/www.europesays.com\/de\/wp-json\/wp\/v2\/media\/788971"}],"wp:attachment":[{"href":"https:\/\/www.europesays.com\/de\/wp-json\/wp\/v2\/media?parent=788970"}],"wp:term":[{"taxonomy":"category","embeddable":true,"href":"https:\/\/www.europesays.com\/de\/wp-json\/wp\/v2\/categories?post=788970"},{"taxonomy":"post_tag","embeddable":true,"href":"https:\/\/www.europesays.com\/de\/wp-json\/wp\/v2\/tags?post=788970"}],"curies":[{"name":"wp","href":"https:\/\/api.w.org\/{rel}","templated":true}]}}