{"id":789013,"date":"2026-02-11T11:00:14","date_gmt":"2026-02-11T11:00:14","guid":{"rendered":"https:\/\/www.europesays.com\/de\/789013\/"},"modified":"2026-02-11T11:00:14","modified_gmt":"2026-02-11T11:00:14","slug":"vorfall-in-stuttgart-mann-steigt-mit-offener-hose-in-stadtbahn-und-belaestigt-31-jaehrige-sexuell","status":"publish","type":"post","link":"https:\/\/www.europesays.com\/de\/789013\/","title":{"rendered":"Vorfall in Stuttgart: Mann steigt mit offener Hose in Stadtbahn und bel\u00e4stigt 31-J\u00e4hrige sexuell"},"content":{"rendered":"<p>\t\t\t\t\t\t\t\t\t\t\t\t\t\t\t\t\t\t\t\t\t\t\t\t\t\t\t\t      \t\t            \t\t             \t\t\t\t   \t\t\t\t\t   <img decoding=\"async\" id=\"article-image\" fetchpriority=\"high\" alt=\"Vorfall in Stuttgart: Mann steigt mit offener Hose in Stadtbahn und bel\u00e4stigt 31-J\u00e4hrige sexuell\" title=\"Vorfall in Stuttgart: Mann steigt mit offener Hose in Stadtbahn und bel\u00e4stigt 31-J\u00e4hrige sexuell\" src=\"https:\/\/www.europesays.com\/de\/wp-content\/uploads\/2026\/02\/media.media.82813c9a-44fb-4449-a08a-4456bbf06cf0.16x9_700.jpg\" data-linkto=\"https:\/\/www.stuttgarter-nachrichten.de\/javascript:void(0);\"\/>\t\t\t\t\t\t\t\t\t\t\t\t\t\t\t\t\t\t\t\t\t\t\t\tEin Mann hat eine 31-J\u00e4hrige in einer Stadtbahn sexuell bel\u00e4stigt (Symbolbild).\u00a0Foto: Helena Dolderer\/dpa\t\t\t<\/p>\n<p>Ein Unbekannter betritt eine Stuttgarter Stadtbahn \u2013 dabei h\u00e4ngt sein Glied aus der Hose. Der Mann setzt sich offenbar neben eine 31-J\u00e4hrige. Die Polizei sucht nun Zeugen.<\/p>\n<p>Ein unbekannter Mann hat offenbar am Dienstag eine 31-J\u00e4hrige in einer Stuttgarter <a href=\"https:\/\/www.stuttgarter-nachrichten.de\/thema\/Stadtbahn\" title=\"Stadtbahn\" class=\"art_thema\" rel=\"nofollow noopener\" target=\"_blank\">Stadtbahn<\/a> der Linie U7 Richtung Ostfildern-Nellingen sexuell bel\u00e4stigt. Der Mann stieg der Mitteilung der <a href=\"https:\/\/www.stuttgarter-nachrichten.de\/thema\/Polizei\" title=\"Polizei\" class=\"art_thema\" rel=\"nofollow noopener\" target=\"_blank\">Polizei<\/a> zufolge gegen 7.30 Uhr an der Stadtbahnhaltestelle Olgaeck in die Bahn, dabei hing sein Glied aus der Hose.<\/p>\n<p>W\u00e4hrend der Fahrt setzte er sich neben die 31-J\u00e4hrige und stieg an der Stadtbahnhaltestelle \u201eWaldau\u201c wieder aus. Der Mann war laut Polizei circa 40 bis 50 Jahre alt, hatte kurze hellgraue Haare, einen Drei-Tage-Bart und blaue Augen. Er war bekleidet mit einem grauen Kapuzenpulli, einer Jeanshose und Wanderstiefeln.<\/p>\n<p>Die Polizei bittet Zeugen und m\u00f6gliche weitere Gesch\u00e4digte, sich unter der Rufnummer 0711 89903300 beim Polizeirevier 3 Gutenbergstra\u00dfe zu melden.<\/p>\n","protected":false},"excerpt":{"rendered":"Ein Mann hat eine 31-J\u00e4hrige in einer Stadtbahn sexuell bel\u00e4stigt (Symbolbild).\u00a0Foto: Helena Dolderer\/dpa Ein Unbekannter betritt eine Stuttgarter&hellip;\n","protected":false},"author":2,"featured_media":789014,"comment_status":"","ping_status":"","sticky":false,"template":"","format":"standard","meta":{"footnotes":"","_share_on_mastodon":"0"},"categories":[1830],"tags":[1634,3364,29,30,121,8248,14389,11238,1441],"class_list":["post-789013","post","type-post","status-publish","format-standard","has-post-thumbnail","category-stuttgart","tag-baden-wuerttemberg","tag-de","tag-deutschland","tag-germany","tag-polizei","tag-polizeibericht-stuttgart","tag-sexuell-belaestigt","tag-stadtbahn","tag-stuttgart"],"share_on_mastodon":{"url":"https:\/\/pubeurope.com\/@de\/116051655103580795","error":""},"_links":{"self":[{"href":"https:\/\/www.europesays.com\/de\/wp-json\/wp\/v2\/posts\/789013","targetHints":{"allow":["GET"]}}],"collection":[{"href":"https:\/\/www.europesays.com\/de\/wp-json\/wp\/v2\/posts"}],"about":[{"href":"https:\/\/www.europesays.com\/de\/wp-json\/wp\/v2\/types\/post"}],"author":[{"embeddable":true,"href":"https:\/\/www.europesays.com\/de\/wp-json\/wp\/v2\/users\/2"}],"replies":[{"embeddable":true,"href":"https:\/\/www.europesays.com\/de\/wp-json\/wp\/v2\/comments?post=789013"}],"version-history":[{"count":0,"href":"https:\/\/www.europesays.com\/de\/wp-json\/wp\/v2\/posts\/789013\/revisions"}],"wp:featuredmedia":[{"embeddable":true,"href":"https:\/\/www.europesays.com\/de\/wp-json\/wp\/v2\/media\/789014"}],"wp:attachment":[{"href":"https:\/\/www.europesays.com\/de\/wp-json\/wp\/v2\/media?parent=789013"}],"wp:term":[{"taxonomy":"category","embeddable":true,"href":"https:\/\/www.europesays.com\/de\/wp-json\/wp\/v2\/categories?post=789013"},{"taxonomy":"post_tag","embeddable":true,"href":"https:\/\/www.europesays.com\/de\/wp-json\/wp\/v2\/tags?post=789013"}],"curies":[{"name":"wp","href":"https:\/\/api.w.org\/{rel}","templated":true}]}}