{"id":789374,"date":"2026-02-11T14:18:13","date_gmt":"2026-02-11T14:18:13","guid":{"rendered":"https:\/\/www.europesays.com\/de\/789374\/"},"modified":"2026-02-11T14:18:13","modified_gmt":"2026-02-11T14:18:13","slug":"baden-wuerttemberg-zugstrecke-wegen-spielhandgranate-gesperrt","status":"publish","type":"post","link":"https:\/\/www.europesays.com\/de\/789374\/","title":{"rendered":"Baden-W\u00fcrttemberg: Zugstrecke wegen Spielhandgranate gesperrt"},"content":{"rendered":"<p>Baden-W\u00fcrttembergZugstrecke wegen Spielhandgranate gesperrt<img decoding=\"async\" class=\"Image_img__fQCi0 Image_Img_16_9__4BLfH\" loading=\"eager\" fetchpriority=\"high\" src=\"https:\/\/www.europesays.com\/de\/wp-content\/uploads\/2026\/02\/Die-Gleise-zwischen-dem-Hauptbahnhof-und-Mannheim-Rheinau-waren-gesperrt.webp.webp\" alt=\"Die-Gleise-zwischen-dem-Hauptbahnhof-und-Mannheim-Rheinau-waren-gesperrt\"\/>(Foto: Priebe\/pr-video\/dpa)TeilenFolgen auf:<a href=\"https:\/\/www.whatsapp.com\/channel\/0029Va5cdVJD8SDp5YZgYF01\" title=\"Auf WhatsApp folgen\" target=\"_blank\" rel=\"nofollow noopener\"><img decoding=\"async\" src=\"https:\/\/www.n-tv.de\/socialIcons\/whatsapp.svg\" alt=\"whatsapp\" class=\"ArticleShare_icon__FsrC2\"\/><\/a><a href=\"https:\/\/news.google.com\/publications\/CAAiEPMdif5mpRNxiLOeUpHCwwsqFAgKIhDzHYn-ZqUTcYiznlKRwsML?hl=de&amp;gl=DE&amp;ceid=DE%3Ade\" title=\"Auf Google News folgen\" target=\"_blank\" rel=\"nofollow noopener\"><img decoding=\"async\" src=\"https:\/\/www.n-tv.de\/socialIcons\/google.svg\" alt=\"whatsapp\" class=\"ArticleShare_icon__FsrC2\"\/><\/a><\/p>\n<p class=\"Typography_text-m__XI0da Typography_weight-bold__uT6mq storyline_lead_text_leadtext__q_wg8\">Zugreisende hatten in Mannheim mit Einschr\u00e4nkungen zu k\u00e4mpfen. Die Strecke zwischen dem Hauptbahnhof und Rheinau war zwischenzeitig gesperrt &#8211; aus kuriosem Grund.<\/p>\n<p class=\"Typography_text-default__P3otY Typography_weight-normal__pqUbH storyline_paragraph_p__qSR5N\">Mannheim (dpa\/lsw) &#8211; Wegen einer Spielhandgranate haben Bahnreisende bei Mannheim Einschr\u00e4nkungen in Kauf nehmen m\u00fcssen. Ein Mitarbeiter der Bahn hatte am Vormittag bei Mannheim-Neckarau einen Gegenstand gefunden, wie die Bundespolizei mitteilte. Anfangs konnte nicht ausgeschlossen werden, dass dieser gef\u00e4hrlich ist. Spezialkr\u00e4fte der Bundespolizei h\u00e4tten ihn untersucht und festgestellt, dass es sich um eine Spielhandgranate handele, wie sie beispielsweise bei Soft-Air-Veranstaltungen zum Einsatz k\u00e4men.<\/p>\n<p class=\"Typography_text-default__P3otY Typography_weight-normal__pqUbH storyline_paragraph_p__qSR5N\">Die Strecke zwischen dem Mannheimer Hauptbahnhof und Schwetzingen war wegen des Polizeieinsatzes am Vormittag gesperrt gewesen. Inzwischen k\u00f6nnen die S-Bahnen dort wieder regul\u00e4r verkehren.<\/p>\n<p class=\"Typography_text-s__wu_cm Typography_weight-normal__pqUbH Typography_color-darkgrey__sZEnP article-detail-footer_source__KslPc\">Quelle: dpa<\/p>\n","protected":false},"excerpt":{"rendered":"Baden-W\u00fcrttembergZugstrecke wegen Spielhandgranate gesperrt(Foto: Priebe\/pr-video\/dpa)TeilenFolgen auf: Zugreisende hatten in Mannheim mit Einschr\u00e4nkungen zu k\u00e4mpfen. Die Strecke zwischen dem&hellip;\n","protected":false},"author":2,"featured_media":789375,"comment_status":"","ping_status":"","sticky":false,"template":"","format":"standard","meta":{"footnotes":"","_share_on_mastodon":"0"},"categories":[1845],"tags":[1634,3364,29,548,663,3934,30,13,2096,14,15,12],"class_list":["post-789374","post","type-post","status-publish","format-standard","has-post-thumbnail","category-mannheim","tag-baden-wuerttemberg","tag-de","tag-deutschland","tag-eu","tag-europa","tag-europe","tag-germany","tag-headlines","tag-mannheim","tag-nachrichten","tag-news","tag-schlagzeilen"],"share_on_mastodon":{"url":"https:\/\/pubeurope.com\/@de\/116052433936594598","error":""},"_links":{"self":[{"href":"https:\/\/www.europesays.com\/de\/wp-json\/wp\/v2\/posts\/789374","targetHints":{"allow":["GET"]}}],"collection":[{"href":"https:\/\/www.europesays.com\/de\/wp-json\/wp\/v2\/posts"}],"about":[{"href":"https:\/\/www.europesays.com\/de\/wp-json\/wp\/v2\/types\/post"}],"author":[{"embeddable":true,"href":"https:\/\/www.europesays.com\/de\/wp-json\/wp\/v2\/users\/2"}],"replies":[{"embeddable":true,"href":"https:\/\/www.europesays.com\/de\/wp-json\/wp\/v2\/comments?post=789374"}],"version-history":[{"count":0,"href":"https:\/\/www.europesays.com\/de\/wp-json\/wp\/v2\/posts\/789374\/revisions"}],"wp:featuredmedia":[{"embeddable":true,"href":"https:\/\/www.europesays.com\/de\/wp-json\/wp\/v2\/media\/789375"}],"wp:attachment":[{"href":"https:\/\/www.europesays.com\/de\/wp-json\/wp\/v2\/media?parent=789374"}],"wp:term":[{"taxonomy":"category","embeddable":true,"href":"https:\/\/www.europesays.com\/de\/wp-json\/wp\/v2\/categories?post=789374"},{"taxonomy":"post_tag","embeddable":true,"href":"https:\/\/www.europesays.com\/de\/wp-json\/wp\/v2\/tags?post=789374"}],"curies":[{"name":"wp","href":"https:\/\/api.w.org\/{rel}","templated":true}]}}