{"id":789379,"date":"2026-02-11T14:21:13","date_gmt":"2026-02-11T14:21:13","guid":{"rendered":"https:\/\/www.europesays.com\/de\/789379\/"},"modified":"2026-02-11T14:21:13","modified_gmt":"2026-02-11T14:21:13","slug":"pressemitteilung-herz-jesu-krankenhaus-organisiert-geburtshilfe-neu-hebammen-wieder","status":"publish","type":"post","link":"https:\/\/www.europesays.com\/de\/789379\/","title":{"rendered":"PRESSEMITTEILUNG Herz-Jesu-Krankenhaus organisiert Geburtshilfe neu: Hebammen wieder &#8230;"},"content":{"rendered":"<p class=\"date\">11.02.2026 \u2013 15:08<\/p>\n<p class=\"customer\">\n                        <a class=\"story-customer\" title=\"weiter zum newsroom von Alexianer-Verbund\" href=\"https:\/\/www.presseportal.de\/nr\/170866\" rel=\"nofollow noopener\" target=\"_blank\">Alexianer-Verbund<\/a>\n                    <\/p>\n<p class=\"story-download-headline\">Ein Dokument<\/p>\n<ul class=\"story-download-list\">\n<li class=\"story-download-list-item\"><a href=\"https:\/\/www.presseportal.de\/download\/document\/698c8d4d270000fd2cb03f88-260210-pm-herz-jesu-fest-angestellt.pdf\" rel=\"nofollow noopener\" target=\"_blank\">260210_PM Herz-Jesu-~fest angestellt.pdf<br \/>PDF &#8211; 254 kB<\/a><\/li>\n<\/ul>\n<p><b>Herz-Jesu-Krankenhaus organisiert Geburtshilfe neu: Hebammen wieder fest angestellt<\/b><\/p>\n<p>Dernbach, 11. Februar 2026: <b>Das Herz-Jesu-Krankenhaus informiert \u00fcber eine strukturelle Ver\u00e4nderung in der Geburtshilfe: Seit dem 1. Februar wird der Krei\u00dfsaal wieder durch angestellte Hebammen des Krankenhauses betreut. Damit endet das bislang bestehende Beleghebammensystem. <\/b><\/p>\n<p>Hintergrund dieser Entscheidung ist der zum 1. November in Kraft getretene neue Hebammenhilfevertrag. Die damit verbundenen strukturellen Vorgaben und finanziellen Rahmenbedingungen machten eine Fortf\u00fchrung des freiberuflichen Dienstbelegsystems f\u00fcr die Hebammen nicht mehr leistbar. Nach intensiven Gespr\u00e4chen zwischen Hebammen und Betriebsleitung wurde gemeinsam entschieden, die Geburtshilfe organisatorisch neu aufzustellen. \u201eEs war uns wichtig gemeinsam mit den Hebammen eine L\u00f6sung zu finden, die den Krei\u00dfsaal langfristig stabil, verl\u00e4sslich und zukunftsf\u00e4hig aufstellt. Vor allem auch unter den ver\u00e4nderten gesetzlichen Rahmenbedingungen\u201c, erkl\u00e4rt Sabine Raimund, Gesch\u00e4ftsf\u00fchrerin des Herz-Jesu-Krankenhauses. <\/p>\n<p>F\u00fcr werdende Eltern bleibt die verl\u00e4ssliche Betreuung im Krei\u00dfsaal weiterhin gesichert. Alle Hebammen bleiben im selben Team zusammen um Familien rund um die Geburt bestm\u00f6glich zu begleiten. Auch an der engen interdisziplin\u00e4ren Zusammenarbeit zwischen Hebammen, \u00c4rztinnen und \u00c4rzten sowie dem Pflegepersonal \u00e4ndert sich nichts. <\/p>\n<p>Mit freundlichen Gr\u00fc\u00dfen<\/p>\n<p>Unternehmenskommunikation &amp; Marketing <\/p>\n<p> <a target=\"_blank\" class=\"uri-ext outbound\" rel=\"noopener nofollow\" href=\"https:\/\/www.presseportal.de\/pm\/170866\/mailto:m.lenz@katharina-kasper-gruppe.de\">m.lenz@katharina-kasper-gruppe.de<\/a><br \/>\nTel.:    +49 (0) 02602 8346-173<br \/>\nMobil: +49 (0) 151 51683983<\/p>\n<p> <a target=\"_blank\" class=\"uri-ext outbound\" rel=\"noopener\" href=\"www.katharina-kasper-gruppe.de\">www.katharina-kasper-gruppe.de<\/a><\/p>\n<p>&#8212;&#8212;&#8212;&#8212;&#8212;&#8212;&#8212;&#8212;&#8212;&#8212;&#8212;&#8212;&#8212;&#8212;&#8212;&#8212;&#8212;&#8212;&#8212;&#8212;&#8212;&#8211;<\/p>\n<p>DERNBACHER GRUPPE KATHARINA KASPER<br \/>\nKatharina Kasper Gruppe GmbH<br \/>\nRheinstra\u00dfe 9<br \/>\n56428 Dernbach<br \/>\n ________________________________________________Amtsgericht: Montabaur, HRB 4885<br \/>\nUSt-IdNr.: DE 227667967<br \/>\nGesch\u00e4ftsf\u00fchrer: Manfred Sunderhaus <\/p>\n<p>Ein Unternehmen der Alexianer<\/p>\n<p><b>Das sind wir:<\/b> Rund 6.500 Menschen in den Bundesl\u00e4ndern Hessen, Rheinland-Pfalz und Nordrhein-Westfalen, an mehr als 130 Standorten \u2013 das ist die Dernbacher Gruppe Katharina Kasper. Wir helfen und unterst\u00fctzen mit unseren Krankenh\u00e4usern, Senioreneinrichtungen, dem Hospiz, Pl\u00e4tzen in der Tages-, Kurzzeit- und ambulanten Pflege, Einrichtungen der Jugend- und Behindertenhilfe, Schulen, Bildungseinrichtungen und hauswirtschaftlichen Dienstleistungen:  <a target=\"_blank\" class=\"uri-ext outbound\" rel=\"noopener nofollow\" href=\"http:\/\/www.katharina-kasper-gruppe.de\/\">www.katharina-kasper-gruppe.de<\/a><\/p>\n","protected":false},"excerpt":{"rendered":"11.02.2026 \u2013 15:08 Alexianer-Verbund Ein Dokument 260210_PM Herz-Jesu-~fest angestellt.pdfPDF &#8211; 254 kB Herz-Jesu-Krankenhaus organisiert Geburtshilfe neu: Hebammen wieder&hellip;\n","protected":false},"author":2,"featured_media":386213,"comment_status":"","ping_status":"","sticky":false,"template":"","format":"standard","meta":{"footnotes":"","_share_on_mastodon":"0"},"categories":[1843],"tags":[3364,29,30,8970,1209,178,180,179,181],"class_list":["post-789379","post","type-post","status-publish","format-standard","has-post-thumbnail","category-muenster","tag-de","tag-deutschland","tag-germany","tag-muenster","tag-nordrhein-westfalen","tag-presse","tag-pressemeldung","tag-pressemitteilung","tag-pressemitteilungen"],"share_on_mastodon":{"url":"https:\/\/pubeurope.com\/@de\/116052445400800285","error":""},"_links":{"self":[{"href":"https:\/\/www.europesays.com\/de\/wp-json\/wp\/v2\/posts\/789379","targetHints":{"allow":["GET"]}}],"collection":[{"href":"https:\/\/www.europesays.com\/de\/wp-json\/wp\/v2\/posts"}],"about":[{"href":"https:\/\/www.europesays.com\/de\/wp-json\/wp\/v2\/types\/post"}],"author":[{"embeddable":true,"href":"https:\/\/www.europesays.com\/de\/wp-json\/wp\/v2\/users\/2"}],"replies":[{"embeddable":true,"href":"https:\/\/www.europesays.com\/de\/wp-json\/wp\/v2\/comments?post=789379"}],"version-history":[{"count":0,"href":"https:\/\/www.europesays.com\/de\/wp-json\/wp\/v2\/posts\/789379\/revisions"}],"wp:featuredmedia":[{"embeddable":true,"href":"https:\/\/www.europesays.com\/de\/wp-json\/wp\/v2\/media\/386213"}],"wp:attachment":[{"href":"https:\/\/www.europesays.com\/de\/wp-json\/wp\/v2\/media?parent=789379"}],"wp:term":[{"taxonomy":"category","embeddable":true,"href":"https:\/\/www.europesays.com\/de\/wp-json\/wp\/v2\/categories?post=789379"},{"taxonomy":"post_tag","embeddable":true,"href":"https:\/\/www.europesays.com\/de\/wp-json\/wp\/v2\/tags?post=789379"}],"curies":[{"name":"wp","href":"https:\/\/api.w.org\/{rel}","templated":true}]}}