{"id":789449,"date":"2026-02-11T15:00:12","date_gmt":"2026-02-11T15:00:12","guid":{"rendered":"https:\/\/www.europesays.com\/de\/789449\/"},"modified":"2026-02-11T15:00:12","modified_gmt":"2026-02-11T15:00:12","slug":"vfb-stuttgart-gegen-1-fc-koeln-live-im-tv-und-stream-hier-laeuft-die-bundesliga","status":"publish","type":"post","link":"https:\/\/www.europesays.com\/de\/789449\/","title":{"rendered":"VfB Stuttgart gegen 1. FC K\u00f6ln live im TV und Stream: Hier l\u00e4uft die Bundesliga"},"content":{"rendered":"<ol class=\"id-DonaldBreadcrumb lp_west_breadcrumb id-DonaldBreadcrumb--default\" data-k5a-pos=\"west_breadcrumb\">\n<li class=\"id-Breadcrumb-item\"><a href=\"https:\/\/www.fr.de\/\" class=\"id-Breadcrumb-link\" data-id-ec=\"{\" shn=\"\" textlink=\"\" data-k5a-pos=\"1_startseite\" rel=\"nofollow noopener\" target=\"_blank\">Startseite<\/a><\/li>\n<li class=\"id-Breadcrumb-item\"><a href=\"https:\/\/www.fr.de\/sport\/\" class=\"id-Breadcrumb-link\" data-id-ec=\"{\" shn=\"\" textlink=\"\" data-k5a-pos=\"2_sport\" rel=\"nofollow noopener\" target=\"_blank\">Sport<\/a><\/li>\n<li class=\"id-Breadcrumb-item\"><a href=\"https:\/\/www.fr.de\/sport\/fussball\/\" class=\"id-Breadcrumb-link\" data-id-ec=\"{\" shn=\"\" textlink=\"\" data-k5a-pos=\"3_fussball\" rel=\"nofollow noopener\" target=\"_blank\">Fu\u00dfball<\/a><\/li>\n<\/ol>\n<p class=\"id-Story-timestamp id-Story-timestamp--default\">Stand: 11.02.2026, 15:48 Uhr<\/p>\n<p class=\"id-Story-authors id-Story-authors--default\">Von: <a class=\"id-Story-authors-link lp_west_author\" href=\"https:\/\/www.fr.de\/autor\/sascha-mehr-zdt0ydhal.html\" title=\"Zur Autorenseite von Sascha Mehr\" data-id-ec=\"{\" shn=\"\" author-link=\"\" mehr=\"\" data-k5a-pos=\"west_author\" rel=\"nofollow noopener\" target=\"_blank\">Sascha Mehr<\/a><\/p>\n<p class=\"id-Story-interactionBar id-Story-interactionBar--default\">DruckenTeilen<\/p>\n<p class=\"id-StoryElement-leadText\">Am 22. Spieltag der Fu\u00dfball-Bundesliga empf\u00e4ngt der VfB Stuttgart den 1. FC K\u00f6ln. So sehen Sie die Partie live im TV und Stream.<\/p>\n<p class=\"id-StoryElement-paragraph\">Stuttgart \u2013 Das Spiel des 22. Spieltags der Fu\u00dfball-Bundesliga zwischen dem VfB Stuttgart und dem 1. FC K\u00f6ln findet am Samstag, 14. Februar 2026, in Stuttgart statt. Anpfiff ist um 18.30 Uhr. Wir sagen Ihnen, wie Sie die Partie live im TV und Live-Stream verfolgen k\u00f6nnen. <\/p>\n<p>VfB Stuttgart gegen 1. FC K\u00f6ln: Bundesliga live im Free-TV?<\/p>\n<ul class=\"id-StoryElement-list id-StoryElement-list--unordered\">\n<li class=\"id-StoryElement-list-item\">Das Spiel des 22. Spieltags der Fu\u00dfball-Bundesliga zwischen dem <strong>VfB Stuttgart und dem 1. FC K\u00f6ln <\/strong>wird nicht<strong>\u00a0<\/strong>live und in voller L\u00e4nge im Free-TV \u00fcbertragen<strong>. <\/strong><\/li>\n<\/ul>\n<p>VfB Stuttgart gegen 1. FC K\u00f6ln: Bundesliga live im Pay-TV bei Sky<\/p>\n<ul class=\"id-StoryElement-list id-StoryElement-list--unordered\">\n<li class=\"id-StoryElement-list-item\">Die Partie<strong> VfB Stuttgart gegen 1. FC K\u00f6ln <\/strong>wird vom Pay-TV-Sender Sky<strong> live im TV \u00fcbertragen.<\/strong><\/li>\n<li class=\"id-StoryElement-list-item\">Der Countdown zum Spiel in Stuttgart steigt am <strong>Samstag, 14. Februar 2026,<\/strong> um <strong>18.00 Uhr auf Sky Sport mit den Vorberichten<\/strong>.<\/li>\n<li class=\"id-StoryElement-list-item\">Um<strong> 18.30 Uhr <\/strong>ert\u00f6nt der <strong>Anpfiff<\/strong>.<\/li>\n<li class=\"id-StoryElement-list-item\">Um das Match <strong>live <\/strong>schauen zu k\u00f6nnen, ben\u00f6tigen Sie <strong>Sky<\/strong><\/li>\n<\/ul>\n<p>VfB Stuttgart gegen 1. FC K\u00f6ln: Bundesliga im Live-Stream von Sky Go<\/p>\n<ul class=\"id-StoryElement-list id-StoryElement-list--unordered\">\n<li class=\"id-StoryElement-list-item\">Wenn Sie ein Pay-TV-Abo bei Sky haben, k\u00f6nnen Sie das Spiel auch im <strong>Live-Stream<\/strong> bei <strong>Sky Go<\/strong> verfolgen. Die App gibt es zum Download f\u00fcr Apple- und Android-Ger\u00e4te im jeweiligen Store.<\/li>\n<li class=\"id-StoryElement-list-item\">WOW TV, ehemals Sky Ticket, \u00fcbertr\u00e4gt das Spiel<strong> VfB Stuttgart gegen 1. FC K\u00f6ln<\/strong> ebenfalls im <strong>Live-Stream<\/strong>. Auch daf\u00fcr ben\u00f6tigen Sie allerdings ein Abonnement.<\/li>\n<\/ul>\n<p>VfB Stuttgart gegen 1. FC K\u00f6ln: Wer holt sich den Sieg?<\/p>\n<p class=\"id-StoryElement-paragraph\">Am 14. Februar 2026 steht in der Bundesliga das Duell zwischen dem VfB Stuttgart und dem 1. FC K\u00f6ln in der Stuttgarter MHPArena an. Beide Mannschaften gehen mit unterschiedlichen Ausgangslagen in diese Begegnung, die f\u00fcr beide Seiten sportlich von gro\u00dfer Bedeutung ist. Der VfB Stuttgart spielt bislang eine starke Saison und rangiert nach 21 Spieltagen mit 39 Punkten auf dem f\u00fcnften Tabellenplatz. <\/p>\n<p class=\"id-StoryElement-paragraph\">In den letzten f\u00fcnf Partien sammelten die Schwaben drei Siege, ein Unentschieden und eine Niederlage und unterstreichen damit ihre Ambitionen, in der kommenden Spielzeit erneut im internationalen Wettbewerb vertreten zu sein. Trainer Sebastian Hoene\u00df kann auf eine eingespielte Mannschaft bauen, die vor allem durch ihre offensive Variabilit\u00e4t \u00fcberzeugt. Zuletzt zeigte der VfB allerdings kleinere Schw\u00e4chen im Defensivverhalten, was beim j\u00fcngsten Ausw\u00e4rtsspiel in St. Pauli zu einer Niederlage f\u00fchrte.<\/p>\n<p class=\"id-StoryElement-paragraph\">Dennoch d\u00fcrfte die Mannschaft vor heimischem Publikum als Favorit ins Spiel gehen \u2013 insbesondere, da sie in der MHPArena bislang eine starke Heimbilanz aufweist. Anders sieht die Lage beim 1. FC K\u00f6ln aus. Die Mannschaft von Trainer Lukas Kwasniok steht nach 21 Spielen auf dem zehnten Tabellenplatz und hat bisher 23 Punkte gesammelt.<\/p>\n<p><img decoding=\"async\" class=\"id-RatioPlaceholder-element wv_story_el_image\" src=\"https:\/\/www.europesays.com\/de\/wp-content\/uploads\/2026\/02\/41463964-der-vfb-stuttgart-trifft-auf-den-fc-koeln-Q4BG.jpg\" loading=\"lazy\"   height=\"733\" width=\"1100\" alt=\"Der VfB Stuttgart trifft auf den 1. FC K&#xF6;ln.\"\/>Der VfB Stuttgart trifft auf den 1. FC K\u00f6ln. \u00a9\u00a0IMAGO\/Fernando Soares<\/p>\n<p class=\"id-StoryElement-paragraph\"> In den letzten f\u00fcnf Bundesligaspielen kassierten die K\u00f6lner drei Niederlagen, konnten aber immerhin zwei Heimsiege einfahren \u2013 ein Zeichen daf\u00fcr, dass im RheinEnergieStadion die Stabilit\u00e4t besser funktioniert als in der Fremde. Gerade ausw\u00e4rts tat sich der Effzeh in dieser Saison h\u00e4ufig schwer, was den kommenden Auftritt in Stuttgart zu einer echten Herausforderung macht. (smr)<\/p>\n","protected":false},"excerpt":{"rendered":"Startseite Sport Fu\u00dfball Stand: 11.02.2026, 15:48 Uhr Von: Sascha Mehr DruckenTeilen Am 22. Spieltag der Fu\u00dfball-Bundesliga empf\u00e4ngt der&hellip;\n","protected":false},"author":2,"featured_media":789450,"comment_status":"","ping_status":"","sticky":false,"template":"","format":"standard","meta":{"footnotes":"","_share_on_mastodon":"0"},"categories":[1830],"tags":[1634,3364,29,30,1441],"class_list":["post-789449","post","type-post","status-publish","format-standard","has-post-thumbnail","category-stuttgart","tag-baden-wuerttemberg","tag-de","tag-deutschland","tag-germany","tag-stuttgart"],"share_on_mastodon":{"url":"https:\/\/pubeurope.com\/@de\/116052599124251668","error":""},"_links":{"self":[{"href":"https:\/\/www.europesays.com\/de\/wp-json\/wp\/v2\/posts\/789449","targetHints":{"allow":["GET"]}}],"collection":[{"href":"https:\/\/www.europesays.com\/de\/wp-json\/wp\/v2\/posts"}],"about":[{"href":"https:\/\/www.europesays.com\/de\/wp-json\/wp\/v2\/types\/post"}],"author":[{"embeddable":true,"href":"https:\/\/www.europesays.com\/de\/wp-json\/wp\/v2\/users\/2"}],"replies":[{"embeddable":true,"href":"https:\/\/www.europesays.com\/de\/wp-json\/wp\/v2\/comments?post=789449"}],"version-history":[{"count":0,"href":"https:\/\/www.europesays.com\/de\/wp-json\/wp\/v2\/posts\/789449\/revisions"}],"wp:featuredmedia":[{"embeddable":true,"href":"https:\/\/www.europesays.com\/de\/wp-json\/wp\/v2\/media\/789450"}],"wp:attachment":[{"href":"https:\/\/www.europesays.com\/de\/wp-json\/wp\/v2\/media?parent=789449"}],"wp:term":[{"taxonomy":"category","embeddable":true,"href":"https:\/\/www.europesays.com\/de\/wp-json\/wp\/v2\/categories?post=789449"},{"taxonomy":"post_tag","embeddable":true,"href":"https:\/\/www.europesays.com\/de\/wp-json\/wp\/v2\/tags?post=789449"}],"curies":[{"name":"wp","href":"https:\/\/api.w.org\/{rel}","templated":true}]}}