{"id":789670,"date":"2026-02-11T17:00:13","date_gmt":"2026-02-11T17:00:13","guid":{"rendered":"https:\/\/www.europesays.com\/de\/789670\/"},"modified":"2026-02-11T17:00:13","modified_gmt":"2026-02-11T17:00:13","slug":"mannheimer-ziel-und-boveristrasse-ab-16-februar-gesperrt","status":"publish","type":"post","link":"https:\/\/www.europesays.com\/de\/789670\/","title":{"rendered":"Mannheimer Ziel- und Boveristra\u00dfe ab 16. Februar gesperrt"},"content":{"rendered":"<p class=\"ar-p\"><strong>Mannheim.<\/strong> Autofahrerinnen und Autofahrer m\u00fcssen Geduld mitbringen: Aufgrund des Neubaus der BBC-Br\u00fccke in <a class=\"rtr-entity\" data-rtr-entity=\"Mannheim\" data-rtr-id=\"8e39f98d121d00ffdaf4f78a2ae2e7dea2653ba7\" data-rtr-score=\"70.3972602739726\" data-rtr-etype=\"location\" href=\"https:\/\/www.mannheimer-morgen.de\/orte\/mannheim.html\" rel=\"nofollow noopener\" target=\"_blank\">Mannheim<\/a> m\u00fcssen die Ziel- und die Boveristra\u00dfe erneut zeitweise gesperrt werden. Wie die Stadt Mannheim mitteilte, sind ein weiterer Anhub des bestehenden Br\u00fcckenbauwerks sowie das Einschieben von Tr\u00e4gern der Grund daf\u00fcr. Die Sperrungen erfolgen in der Zeit vom 16. Februar bis 8. M\u00e4rz. <\/p>\n<p>AdUnit Mobile_Pos2<\/p>\n<p>AdUnit Content_1<\/p>\n<p class=\"ar-p\">So ist die Zielstra\u00dfe am Montag, 16. Februar, und Dienstag, 17. Februar, jeweils von 9 bis 15 Uhr sowie von 18 bis 22 Uhr nicht befahrbar. Am Mittwoch, 18. Februar, und Donnerstag, 19. Februar, wird dann jeweils von 9 bis 15 Uhr sowie von 18 bis 22 Uhr die Boveristra\u00dfe gesperrt. Beide Stra\u00dfen sind dann am Freitag, 20. Februar, bis Dienstag, 3. M\u00e4rz, jeweils von 9 bis 15 Uhr sowie von 18 bis 22 Uhr (Ausnahme Samstag, 21. Februar 2026: 9 bis 18 Uhr) gleichzeitig f\u00fcr den Verkehr gesperrt. Von Mittwoch, 4. M\u00e4rz, bis Sonntag, 8. M\u00e4rz, jeweils von 9 bis 15 Uhr sowie von 18 bis 22 Uhr, ist dann erneut die Zielstra\u00dfe nicht befahrbar. Entsprechende Umleitungsbeschilderungen werden vor Ort eingerichtet, hie\u00df es von der Stadtverwaltung. Weitere Informationen finden sich auf <a href=\"https:\/\/www.mannheim.de\" target=\"_blank\" rel=\"nofollow noopener\">www.mannheim.de<\/a>.<\/p>\n","protected":false},"excerpt":{"rendered":"Mannheim. Autofahrerinnen und Autofahrer m\u00fcssen Geduld mitbringen: Aufgrund des Neubaus der BBC-Br\u00fccke in Mannheim m\u00fcssen die Ziel- und&hellip;\n","protected":false},"author":2,"featured_media":789671,"comment_status":"","ping_status":"","sticky":false,"template":"","format":"standard","meta":{"footnotes":"","_share_on_mastodon":"0"},"categories":[1845],"tags":[1634,3364,29,548,663,3934,30,13,2096,14,15,12],"class_list":["post-789670","post","type-post","status-publish","format-standard","has-post-thumbnail","category-mannheim","tag-baden-wuerttemberg","tag-de","tag-deutschland","tag-eu","tag-europa","tag-europe","tag-germany","tag-headlines","tag-mannheim","tag-nachrichten","tag-news","tag-schlagzeilen"],"share_on_mastodon":{"url":"https:\/\/pubeurope.com\/@de\/116053070597787720","error":""},"_links":{"self":[{"href":"https:\/\/www.europesays.com\/de\/wp-json\/wp\/v2\/posts\/789670","targetHints":{"allow":["GET"]}}],"collection":[{"href":"https:\/\/www.europesays.com\/de\/wp-json\/wp\/v2\/posts"}],"about":[{"href":"https:\/\/www.europesays.com\/de\/wp-json\/wp\/v2\/types\/post"}],"author":[{"embeddable":true,"href":"https:\/\/www.europesays.com\/de\/wp-json\/wp\/v2\/users\/2"}],"replies":[{"embeddable":true,"href":"https:\/\/www.europesays.com\/de\/wp-json\/wp\/v2\/comments?post=789670"}],"version-history":[{"count":0,"href":"https:\/\/www.europesays.com\/de\/wp-json\/wp\/v2\/posts\/789670\/revisions"}],"wp:featuredmedia":[{"embeddable":true,"href":"https:\/\/www.europesays.com\/de\/wp-json\/wp\/v2\/media\/789671"}],"wp:attachment":[{"href":"https:\/\/www.europesays.com\/de\/wp-json\/wp\/v2\/media?parent=789670"}],"wp:term":[{"taxonomy":"category","embeddable":true,"href":"https:\/\/www.europesays.com\/de\/wp-json\/wp\/v2\/categories?post=789670"},{"taxonomy":"post_tag","embeddable":true,"href":"https:\/\/www.europesays.com\/de\/wp-json\/wp\/v2\/tags?post=789670"}],"curies":[{"name":"wp","href":"https:\/\/api.w.org\/{rel}","templated":true}]}}