{"id":789699,"date":"2026-02-11T17:16:20","date_gmt":"2026-02-11T17:16:20","guid":{"rendered":"https:\/\/www.europesays.com\/de\/789699\/"},"modified":"2026-02-11T17:16:20","modified_gmt":"2026-02-11T17:16:20","slug":"wie-omv-bawag-sbo-vig-cpi-europe-ag-und-doco-fuer-gespraechsstoff-im-atx-sorgten","status":"publish","type":"post","link":"https:\/\/www.europesays.com\/de\/789699\/","title":{"rendered":"Wie OMV, Bawag, SBO, VIG, CPI Europe AG und DO&#038;CO f\u00fcr Gespr\u00e4chsstoff im ATX sorgten"},"content":{"rendered":"<p>  11.02.2026,<br \/>\n    3665 Zeichen<br \/>\n<br clear=\"all\"\/><\/p>\n<p><b>ATX:<\/b> +1,45%<\/p>\n<p>Social Comments zu den Gewinnern\/Verlierern<\/p>\n<tr>\n<td style=\"font-size:10px\" colspan=\"5\"><b>OMV<\/b><\/td>\n<\/tr>\n<tr>\n<td width=\"25%\" valign=\"top\" style=\"font-size:10px;\">\n                <a href=\"https:\/\/www.wikifolio.com\/de\/de\/w\/wfidivstar?utm_source=boerse-social.com&amp;utm_medium=gespraechsstoff&amp;utm_content=trader-name&amp;utm_campaign=social-trading-comment\" target=\"_blank\" rel=\"nofollow noopener\"><\/p>\n<p>                  11.02 11:03<br \/>\n                  <br \/>1Reinhard2EARtH | IDIVSTAR<br \/>Schwerpunkt Dividenden<\/p>\n<p>                <\/a>\n              <\/td>\n<td style=\"font-size:10px;\">Verkauft. F\u00fcr den Wert eigentlich positiv. Die aktuelle mittelfristige \u00d6lpreiserwartung d\u00fcrfte aber belastend wirken. So nehme ich knapp 10 % Gewinn mit und investiere in einen anderen Dividendenwert.<\/td>\n<\/tr>\n<tr>\n<td style=\"font-size:10px\" colspan=\"5\"><b>Bawag<\/b><\/td>\n<\/tr>\n<tr>\n<td width=\"25%\" valign=\"top\" style=\"font-size:10px;\">\n                <a href=\"https:\/\/www.wikifolio.com\/de\/de\/w\/wfqualbank?utm_source=boerse-social.com&amp;utm_medium=gespraechsstoff&amp;utm_content=trader-name&amp;utm_campaign=social-trading-comment\" target=\"_blank\" rel=\"nofollow noopener\"><\/p>\n<p>                  11.02 08:49<br \/>\n                  <br \/>CorpoFin | QUALBANK<br \/>&#8211; QUALITY BANKS GLOBAL &#8211; Banken<\/p>\n<p>                <\/a>\n              <\/td>\n<td style=\"font-size:10px;\">Die Bawag steigert den Gewinn 2025 um 13 Prozent. Die Integration der Knab Bank und des deutschen Barclays-Privatkundengesch\u00e4fts<br \/>\ngehen\u00a0nach Konzernangaben gut voran. F\u00fcr das heurige Jahr rechnet die Bawag mit einer weiteren Gewinnsteigerung. Im wiki Quality Banks Global bleiben wir investiert!<\/td>\n<\/tr>\n<tr>\n<td style=\"font-size:10px\" colspan=\"5\"><b>DO&amp;CO<\/b><\/td>\n<\/tr>\n<tr>\n<td width=\"25%\" valign=\"top\" style=\"font-size:10px;\">\n                <a href=\"https:\/\/www.wikifolio.com\/de\/de\/w\/wf00atat30?utm_source=boerse-social.com&amp;utm_medium=gespraechsstoff&amp;utm_content=trader-name&amp;utm_campaign=social-trading-comment\" target=\"_blank\" rel=\"nofollow noopener\"><\/p>\n<p>                  10.02 12:08<br \/>\n                  <br \/>Smeilinho | ATAT30<br \/>Austria 30 Private IR<\/p>\n<p>                <\/a>\n              <\/td>\n<td style=\"font-size:10px;\">Im Vorfeld der Zahlenpr\u00e4sentation am 12. Februar best\u00e4tigen die\u00a0Analysten der Berenberg Bank die Kauf-Empfehlung und das Kursziel von 250,0 Euro f\u00fcr die DO &amp; CO-Aktien.<br \/>\nhrend des laufenden Betriebs und mit minimalen Beeintra\u0308chtigungen fu\u0308r die Spielga\u0308ste.<\/td>\n<\/tr>\n<tr>\n<td style=\"font-size:10px\" colspan=\"5\"><b>VIG<\/b><\/td>\n<\/tr>\n<tr>\n<td width=\"25%\" valign=\"top\" style=\"font-size:10px;\">\n                <a href=\"https:\/\/www.wikifolio.com\/de\/de\/w\/wf00atat30?utm_source=boerse-social.com&amp;utm_medium=gespraechsstoff&amp;utm_content=trader-name&amp;utm_campaign=social-trading-comment\" target=\"_blank\" rel=\"nofollow noopener\"><\/p>\n<p>                  10.02 12:09<br \/>\n                  <br \/>Smeilinho | ATAT30<br \/>Austria 30 Private IR<\/p>\n<p>                <\/a>\n              <\/td>\n<td style=\"font-size:10px;\">Kniazha Vienna Insurance Group (Kniazha VIG), eine der ukrainischen Versicherungsgesellschaften der Vienna Insurance Group (VIG), hat einen R\u00fcckversicherungsvertrag mit der U.S. International Development Finance Corporation (DFC) abgeschlossen\u00a0und f\u00fchrt damit eine umfassende L\u00f6sung zum Schutz von Sachwerten von Versicherungsnehmern gegen Kriegsrisiken ein. Der Vertrag wurde in Zusammenarbeit mit Aon geschlossen, einem weltweit f\u00fchrenden Unternehmen f\u00fcr professionelle Dienstleistungen, das bereits zuvor mit DFC an einer neuartigen R\u00fcckversicherungsfazilit\u00e4t zur Unterst\u00fctzung von Kriegsrisikopolizzen f\u00fcr Unternehmen in der Ukraine gearbeitet hatte. Konkret schliessen Kniazha VIG und Aon einen R\u00fcckversicherungsvertrags mit der DFC \u00fcber 25 Mio. US-Dollar ab, der am 1. Februar 2026 in Kraft getreten ist. Die Vereinbarung, die eine R\u00fcckversicherungsdeckung durch die DFC f\u00fcr ein Portfolio von\u00a0Kriegsrisiko-Polizzen in der H\u00f6he von bis zu 100 Mio. US-Dollar\u00a0vorsieht, erm\u00f6glicht Kniazha VIG,\u00a0umfassende und innovative Versicherungsl\u00f6sungen f\u00fcr Kriegsrisiken f\u00fcr KMU und Privatpersonen in der gesamten Ukraine anzubieten.<\/td>\n<\/tr>\n<p>\n BSN Podcasts\n<\/p>\n<p><a href=\"https:\/\/audio-cd.at\/page\/podcast\/8394\/\" style=\"text-decoration:none;line-height:1px;font-size:14px;color:#333\" rel=\"nofollow noopener\" target=\"_blank\"><br \/>\n      <b>Christian Drastil: Wiener B\u00f6rse Plausch<\/b><br \/>\n      <img decoding=\"async\" src=\"https:\/\/www.europesays.com\/de\/wp-content\/uploads\/2026\/02\/1770830174_695_100.jpeg\" style=\"width:50px; float:left;margin-right:10px;margin-top:2px\"\/><\/p>\n<p style=\"font-size:14px;margin-bottom:0;font-weight:normal;margin-top:6px;line-height:13px\">Wiener B\u00f6rse Party #1092: ATX im Plus, Bawag nach Zahlen und Polytec nach Aufregung gesucht, Emissionsantrag Austria 30 Private IR gestellt\n        <\/p>\n<p>      <\/a><\/p>\n<p>\u00a0<\/p>\n<p>    <br clear=\"all\"\/><br \/>\n        Bildnachweis<\/p>\n<p style=\"font-size:12px;margin-bottom:8px\">\n          1.<br \/>\n          OMV am 11.2. 3,75%, Volumen 163% normaler Tage <\/p>\n<p style=\"font-size:12px;margin-bottom:8px\">\n          2.<br \/>\n          Bawag am 11.2. 3,55%, Volumen 133% normaler Tage <\/p>\n<p style=\"font-size:12px;margin-bottom:8px\">\n          3.<br \/>\n          SBO am 11.2. 2,37%, Volumen 83% normaler Tage <\/p>\n<p style=\"font-size:12px;margin-bottom:8px\">\n          4.<br \/>\n          DO&amp;CO am 11.2. -1,26%, Volumen 238% normaler Tage <\/p>\n<p style=\"font-size:12px;margin-bottom:8px\">\n          5.<br \/>\n          CPI Europe AG am 11.2. -1,31%, Volumen 82% normaler Tage <\/p>\n<p style=\"font-size:12px;margin-bottom:8px\">\n          6.<br \/>\n          VIG am 11.2. -1,52%, Volumen 120% normaler Tage <\/p>\n<p><a href=\"https:\/\/boerse-social.com\/radar\/11.02.2026\" rel=\"nofollow noopener\" target=\"_blank\"><\/p>\n<p><b style=\"color:#333\">Aktien auf dem Radar:<\/b>Polytec Group, Zumtobel, Kapsch TrafficCom, EuroTeleSites AG, Addiko Bank, Rosenbauer, voestalpine, Porr, Wienerberger, CA Immo, OMV, SBO, Frequentis, DO&amp;CO, Austriacard Holdings AG, Bawag, RHI Magnesita, BKS Bank Stamm, Telekom Austria, SW Umwelttechnik, Oberbank AG Stamm, Josef Manner &amp; Comp. AG, UBM, Flughafen Wien, Agrana, Amag, EVN, FACC, CPI Europe AG, \u00d6sterreichische Post, Verbund.\n    <\/p>\n<p><\/a> <\/p>\n<p>  <a href=\"https:\/\/boerse-social.com\/partner\" rel=\"nofollow noopener\" target=\"_blank\">Random Partner<\/a><\/p>\n<p>            <a href=\"https:\/\/cpi-europe.com\" target=\"_blank\" style=\"border:0\" rel=\"nofollow noopener\"><br \/>\n                <img decoding=\"async\" src=\"https:\/\/www.europesays.com\/de\/wp-content\/uploads\/2026\/02\/1770830175_917_200.jpeg\" style=\"width:100px;\"\/><br \/>\n            <\/a><\/p>\n<p class=\"content\">\n            <a href=\"https:\/\/cpi-europe.com\" target=\"_blank\" rel=\"nofollow noopener\"><b style=\"font-weight:500;border-bottom:1px dotted #999\">CPI Europe AG<\/b><\/a><br \/>Die CPI Europe AG ist ein b\u00f6rsenotierter gewerblicher Immobilienkonzern, der seine Aktivit\u00e4ten auf die Segmente Einzelhandel und B\u00fcro in sieben Kernm\u00e4rkten in Europa (\u00d6sterreich, Deutschland, Tschechien, Slowakei, Ungarn, Rum\u00e4nien und Polen) fokussiert. Zum Kerngesch\u00e4ft z\u00e4hlen die Bewirtschaftung und die Entwicklung von Immobilien.\n        <\/p>\n<p style=\"padding-left:8px\">&gt;&gt; Besuchen Sie 59 weitere Partner auf <a href=\"http:\/\/boerse-social.com\/partner\" style=\"border-bottom:1px dotted #999\" rel=\"nofollow noopener\" target=\"_blank\">boerse-social.com\/partner<\/a><\/p>\n<p><br clear=\"all\"\/><\/p>\n<p>      <a href=\"#\" target=\"_blank\" style=\"border:0\" data-overlayer=\"effect:bottom;invert:on;overlaySelector:.overlay_bild\"><br \/>\n      <img decoding=\"async\" src=\"https:\/\/www.europesays.com\/de\/wp-content\/uploads\/2026\/02\/1770830176_389_1024;.jpeg\" data-retina=\"https:\/\/boerse-social.com\/media\/Content\/CD_Image\/image\/280811\/scalex\/2048;\"\/><\/p>\n<p>        OMV am 11.2. 3,75%, Volumen 163% normaler Tage\n      <\/p>\n<p>    <\/a><\/p>\n<p><a href=\"#\" target=\"_blank\" style=\"border:0\" data-overlayer=\"effect:bottom;invert:on;overlaySelector:.overlay_bild\"><br \/>\n      <img decoding=\"async\" src=\"https:\/\/www.europesays.com\/de\/wp-content\/uploads\/2026\/02\/1770830177_663_1024;.jpeg\" data-retina=\"https:\/\/boerse-social.com\/media\/Content\/CD_Image\/image\/280812\/scalex\/2048;\"\/><\/p>\n<p>        Bawag am 11.2. 3,55%, Volumen 133% normaler Tage\n      <\/p>\n<p>    <\/a>\n    <\/p>\n<p><a href=\"#\" target=\"_blank\" style=\"border:0\" data-overlayer=\"effect:bottom;invert:on;overlaySelector:.overlay_bild\"><br \/>\n      <img decoding=\"async\" src=\"https:\/\/www.europesays.com\/de\/wp-content\/uploads\/2026\/02\/1770830178_789_1024;.jpeg\" data-retina=\"https:\/\/boerse-social.com\/media\/Content\/CD_Image\/image\/280813\/scalex\/2048;\"\/><\/p>\n<p>        SBO am 11.2. 2,37%, Volumen 83% normaler Tage\n      <\/p>\n<p>    <\/a>\n    <\/p>\n<p><a href=\"#\" target=\"_blank\" style=\"border:0\" data-overlayer=\"effect:bottom;invert:on;overlaySelector:.overlay_bild\"><br \/>\n      <img decoding=\"async\" src=\"https:\/\/www.europesays.com\/de\/wp-content\/uploads\/2026\/02\/1770830178_207_1024;.jpeg\" data-retina=\"https:\/\/boerse-social.com\/media\/Content\/CD_Image\/image\/280814\/scalex\/2048;\"\/><\/p>\n<p>        DO&amp;CO am 11.2. -1,26%, Volumen 238% normaler Tage\n      <\/p>\n<p>    <\/a>\n    <\/p>\n<p><a href=\"#\" target=\"_blank\" style=\"border:0\" data-overlayer=\"effect:bottom;invert:on;overlaySelector:.overlay_bild\"><br \/>\n      <img decoding=\"async\" src=\"https:\/\/www.europesays.com\/de\/wp-content\/uploads\/2026\/02\/1770830179_379_1024;.jpeg\" data-retina=\"https:\/\/boerse-social.com\/media\/Content\/CD_Image\/image\/280815\/scalex\/2048;\"\/><\/p>\n<p>        CPI Europe AG am 11.2. -1,31%, Volumen 82% normaler Tage\n      <\/p>\n<p>    <\/a>\n    <\/p>\n<p><a href=\"#\" target=\"_blank\" style=\"border:0\" data-overlayer=\"effect:bottom;invert:on;overlaySelector:.overlay_bild\"><br \/>\n      <img decoding=\"async\" src=\"https:\/\/www.europesays.com\/de\/wp-content\/uploads\/2026\/02\/1770830180_945_1024;.jpeg\" data-retina=\"https:\/\/boerse-social.com\/media\/Content\/CD_Image\/image\/280816\/scalex\/2048;\"\/><\/p>\n<p>        VIG am 11.2. -1,52%, Volumen 120% normaler Tage\n      <\/p>\n<p>    <\/a>\n    <\/p>\n","protected":false},"excerpt":{"rendered":"11.02.2026, 3665 Zeichen ATX: +1,45% Social Comments zu den Gewinnern\/Verlierern OMV 11.02 11:03 1Reinhard2EARtH | IDIVSTARSchwerpunkt Dividenden Verkauft.&hellip;\n","protected":false},"author":2,"featured_media":789700,"comment_status":"","ping_status":"","sticky":false,"template":"","format":"standard","meta":{"footnotes":"","_share_on_mastodon":"0"},"categories":[3933],"tags":[19836,11554,331,332,18099,18104,18105,18112,26017,26018,548,663,158,3934,3935,13,19837,14,15,18108,18102,19838,12,18101,18100,19835],"class_list":["post-789699","post","type-post","status-publish","format-standard","has-post-thumbnail","category-eu","tag-ag","tag-aktie","tag-aktuelle-nachrichten","tag-aktuelle-news","tag-atx","tag-bawag","tag-bg","tag-cpi","tag-doco","tag-doc","tag-eu","tag-europa","tag-europaeische-union","tag-europe","tag-european-union","tag-headlines","tag-iia","tag-nachrichten","tag-news","tag-omv","tag-perf","tag-sbo","tag-schlagzeilen","tag-sk","tag-symbol","tag-vig"],"share_on_mastodon":{"url":"https:\/\/pubeurope.com\/@de\/116053133825376868","error":""},"_links":{"self":[{"href":"https:\/\/www.europesays.com\/de\/wp-json\/wp\/v2\/posts\/789699","targetHints":{"allow":["GET"]}}],"collection":[{"href":"https:\/\/www.europesays.com\/de\/wp-json\/wp\/v2\/posts"}],"about":[{"href":"https:\/\/www.europesays.com\/de\/wp-json\/wp\/v2\/types\/post"}],"author":[{"embeddable":true,"href":"https:\/\/www.europesays.com\/de\/wp-json\/wp\/v2\/users\/2"}],"replies":[{"embeddable":true,"href":"https:\/\/www.europesays.com\/de\/wp-json\/wp\/v2\/comments?post=789699"}],"version-history":[{"count":0,"href":"https:\/\/www.europesays.com\/de\/wp-json\/wp\/v2\/posts\/789699\/revisions"}],"wp:featuredmedia":[{"embeddable":true,"href":"https:\/\/www.europesays.com\/de\/wp-json\/wp\/v2\/media\/789700"}],"wp:attachment":[{"href":"https:\/\/www.europesays.com\/de\/wp-json\/wp\/v2\/media?parent=789699"}],"wp:term":[{"taxonomy":"category","embeddable":true,"href":"https:\/\/www.europesays.com\/de\/wp-json\/wp\/v2\/categories?post=789699"},{"taxonomy":"post_tag","embeddable":true,"href":"https:\/\/www.europesays.com\/de\/wp-json\/wp\/v2\/tags?post=789699"}],"curies":[{"name":"wp","href":"https:\/\/api.w.org\/{rel}","templated":true}]}}