{"id":789766,"date":"2026-02-11T17:52:13","date_gmt":"2026-02-11T17:52:13","guid":{"rendered":"https:\/\/www.europesays.com\/de\/789766\/"},"modified":"2026-02-11T17:52:13","modified_gmt":"2026-02-11T17:52:13","slug":"business-liveticker-lufthansa-kritisiert-gewerkschaften-fuer-ploetzliche-streikaufrufe","status":"publish","type":"post","link":"https:\/\/www.europesays.com\/de\/789766\/","title":{"rendered":"Business-Liveticker: Lufthansa kritisiert Gewerkschaften f\u00fcr pl\u00f6tzliche Streikaufrufe"},"content":{"rendered":"<p>\u00a0<\/p>\n<p><strong>Kabelspezialist Lapp als Seismograf der Wirtschaft:<\/strong> In den Zahlen des Stuttgarter Unternehmens spiegelt sich die Verfassung der Industrie im S\u00fcdwesten. Geht es den Unternehmen gut und investieren sie in ihre deutschen Fabriken und Werke, l\u00e4uft das Gesch\u00e4ft bei Lapp, weil die Kunden Stromkabel und Datenleitungen brauchen. Ist das nicht der Fall, sinken die Ums\u00e4tze des Familienunternehmens. <strong>\u201eDie Deindustrialisierung, die ich bei uns wahrnehme, ist eine gro\u00dfe Herausforderung\u201c<\/strong>, sagt Lapp-Chef Matthias Lapp im F.A.Z.-Interview.\u00a0<\/p>\n<p>\u00a0<\/p>\n<p>Die Bilanz, die das Unternehmen am Mittwoch vorgelegt hat, zeigt dementsprechend eine zweigeteilte Welt. Nach einem Umsatzr\u00fcckgang im Jahr zuvor sind die Erl\u00f6se im Ende Oktober zu Ende gegangenen Gesch\u00e4ftsjahr 2024\/25 wieder gestiegen \u2013 und zwar um sechs Prozent auf 1,93 Milliarden Euro. W\u00e4hrend vor allem das Gesch\u00e4ft im Heimatmarkt schw\u00e4chelt, hat Lapp sowohl in Amerika als auch in Asien zweistellig zugelegt. <strong>\u201eUnser Wachstum dort hilft durch schwierige Zeiten in den europ\u00e4ischen M\u00e4rkten\u201c<\/strong>, sagt Lapp.\u00a0<\/p>\n<p>\u00a0<\/p>\n<p>In den Vereinigten Staaten produziert Lapp seit mehr als 50 Jahren in einer eigenen Fabrik und ist so nur in geringem Ma\u00dfe bei der Einfuhr von Spezialkabeln in die USA von US-Z\u00f6llen betroffen. Auch in Asien unterh\u00e4lt Lapp eigene Werke \u2013 unter anderem in Indien, China, Korea und Indonesien \u2013 und hat Marktanteile hinzugewonnen. Dabei profitiert das Unternehmen von innerasiatischen Freihandelsvertr\u00e4gen, wie Lapp erl\u00e4utert. In Indien er\u00f6ffnete Lapp eine neue Fabrik, in China und in den USA liefen neue Produktionslinien an\u00a0<\/p>\n<p>\u00a0<\/p>\n<p>Auch wenn Matthias Lapp nicht zuletzt aufgrund der Freihandelsgespr\u00e4che der EU mit Indien und Lateinamerika in den Auslandsm\u00e4rkten von Lapp eine zunehmende Dynamik erwartet, blickt er mit Sorgen auf die heimische Industrie. <strong>\u201eDie Reformen der Bundesregierung bleiben bisher hinter den Erwartungen zur\u00fcck\u201c<\/strong>, sagt Lapp. \u201eJetzt gilt es parteipolitische Individualinteressen beiseitezulegen und Ergebnisse zu liefern. Vor uns liegen Jahre der Transformation, f\u00fcr die es Pragmatismus, Innovationsoffenheit und Mut braucht.\u201c\u00a0<\/p>\n<p>\u00a0<\/p>\n<p>Vor allem fordert er mehr Vertrauen in die Unternehmer. <strong>\u201eDer Staat entm\u00fcndigt die Unternehmer teilweise und versucht, alles vorzugeben\u201c<\/strong>, sagt Lapp. \u201eAber ich glaube, wir wissen schon, was wir tun.\u201c Mit dem Gewinn seines Unternehmens, den er nicht beziffert, ist der Lapp-Chef nicht zufrieden. Man mache keine Verluste, das Ergebnis sei positiv, gut, aber eben nicht gut genug. Auf die n\u00e4chsten Monate blickt der 43-J\u00e4hrige \u201evorsichtig optimistisch\u201c, weil f\u00fcr Datencenter und Energieinfrastruktur Kabel gebraucht werden.\u00a0<\/p>\n","protected":false},"excerpt":{"rendered":"\u00a0 Kabelspezialist Lapp als Seismograf der Wirtschaft: In den Zahlen des Stuttgarter Unternehmens spiegelt sich die Verfassung der&hellip;\n","protected":false},"author":2,"featured_media":789767,"comment_status":"","ping_status":"","sticky":false,"template":"","format":"standard","meta":{"footnotes":"","_share_on_mastodon":"0"},"categories":[1825],"tags":[1941,1939,296,1937,29,30,1940,1938],"class_list":["post-789766","post","type-post","status-publish","format-standard","has-post-thumbnail","category-berlin","tag-aktuelle-nachrichten-aus-berlin","tag-aktuelle-news-aus-berlin","tag-berlin","tag-berlin-news","tag-deutschland","tag-germany","tag-nachrichten-aus-berlin","tag-news-aus-berlin"],"share_on_mastodon":{"url":"https:\/\/pubeurope.com\/@de\/116053275263201987","error":""},"_links":{"self":[{"href":"https:\/\/www.europesays.com\/de\/wp-json\/wp\/v2\/posts\/789766","targetHints":{"allow":["GET"]}}],"collection":[{"href":"https:\/\/www.europesays.com\/de\/wp-json\/wp\/v2\/posts"}],"about":[{"href":"https:\/\/www.europesays.com\/de\/wp-json\/wp\/v2\/types\/post"}],"author":[{"embeddable":true,"href":"https:\/\/www.europesays.com\/de\/wp-json\/wp\/v2\/users\/2"}],"replies":[{"embeddable":true,"href":"https:\/\/www.europesays.com\/de\/wp-json\/wp\/v2\/comments?post=789766"}],"version-history":[{"count":0,"href":"https:\/\/www.europesays.com\/de\/wp-json\/wp\/v2\/posts\/789766\/revisions"}],"wp:featuredmedia":[{"embeddable":true,"href":"https:\/\/www.europesays.com\/de\/wp-json\/wp\/v2\/media\/789767"}],"wp:attachment":[{"href":"https:\/\/www.europesays.com\/de\/wp-json\/wp\/v2\/media?parent=789766"}],"wp:term":[{"taxonomy":"category","embeddable":true,"href":"https:\/\/www.europesays.com\/de\/wp-json\/wp\/v2\/categories?post=789766"},{"taxonomy":"post_tag","embeddable":true,"href":"https:\/\/www.europesays.com\/de\/wp-json\/wp\/v2\/tags?post=789766"}],"curies":[{"name":"wp","href":"https:\/\/api.w.org\/{rel}","templated":true}]}}