{"id":789796,"date":"2026-02-11T18:09:15","date_gmt":"2026-02-11T18:09:15","guid":{"rendered":"https:\/\/www.europesays.com\/de\/789796\/"},"modified":"2026-02-11T18:09:15","modified_gmt":"2026-02-11T18:09:15","slug":"datenanalyse-eu-grenzwerte-zur-luftverschmutzung-werden-wohl-ueberschritten","status":"publish","type":"post","link":"https:\/\/www.europesays.com\/de\/789796\/","title":{"rendered":"Datenanalyse: EU-Grenzwerte zur Luftverschmutzung werden wohl \u00fcberschritten"},"content":{"rendered":"<p>            <img loading=\"lazy\" decoding=\"async\" class=\"ts-image\" src=\"https:\/\/www.europesays.com\/de\/wp-content\/uploads\/2026\/02\/schornstein-wohnsiedlung-100.jpg\" alt=\"Schornsteine qualmen im fr\u00fchen Morgenlicht \u00fcber den D\u00e4chern von Leipzig. \" title=\"Schornsteine qualmen im fr\u00fchen Morgenlicht \u00fcber den D\u00e4chern von Leipzig.  | picture alliance\/dpa\"\/><\/p>\n<p class=\"metatextline\">Stand: 11.02.2026 14:48 Uhr<\/p>\n<p class=\"article-head__shorttext\">\n        <strong>Eine Datenanalyse des WDR zeigt: Trotz messbarer Fortschritte bleibt die Luftqualit\u00e4t in deutschen St\u00e4dten ein Problem. Neue EU-Grenzwerte k\u00f6nnten f\u00fcr einige Kommunen zur Herausforderung werden.<\/strong>\n    <\/p>\n<p>Von Mathias Tertilt, Leonhard Eckwert und Julian Budjan, WDR\n                    <\/p>\n<p class=\"textabsatz m-ten m-offset-one l-eight l-offset-two columns twelve\">Die Luftqualit\u00e4t in Deutschland hat sich in den vergangenen Jahren verbessert: Alle Grenzwerte der europ\u00e4ischen Luftqualit\u00e4tsrichtlinien wurden 2025 in Deutschland eingehalten. Das zeigt die vorl\u00e4ufige <a href=\"https:\/\/www.umweltbundesamt.de\/system\/files\/document\/260210_UBA_HGP_Luftqualitaet_2025_barrierefrei.pdf\" title=\"UBA\" class=\"textlink--extern js-link-dialog\" rel=\"noopener noreferrer nofollow\" target=\"_blank\" data-type=\"external\">Auswertung<\/a> der Messdaten der Bundesl\u00e4nder und des Umweltbundesamtes (UBA). F\u00fcr Feinstaub ist es demnach bereits das achte Jahr in Folge, f\u00fcr Stickstoffdioxid das zweite Jahr. Allerdings lag die durchschnittliche Belastung mit Feinstaub und Stickstoffdioxid \u00fcber der der Vorjahre.<\/p>\n<p class=\"textabsatz m-ten m-offset-one l-eight l-offset-two columns twelve\">Dirk Messner, Pr\u00e4sident des UBA, sagt, mit der Einhaltung aller Grenzwerte setze sich 2025 die positive Entwicklung der vergangenen Jahre fort. &#8222;Es bedarf dennoch weiterer Anstrengungen zur Verbesserung der Luftqualit\u00e4t.&#8220;<\/p>\n<p class=\"textabsatz m-ten m-offset-one l-eight l-offset-two columns twelve\">Denn ab 2030 gelten strengere <a href=\"https:\/\/www.tagesschau.de\/ausland\/europa\/luftqualitaet-grenzwerte-eu-100.html\" title=\"EU versch\u00e4rft Grenzwerte f\u00fcr Luftqualit\u00e4t - wohl keine Fahrverbote\" rel=\"nofollow noopener\" target=\"_blank\">EU-Grenzwerte<\/a> f\u00fcr die Luftqualit\u00e4t und schon im kommenden Jahr werden sie als Ma\u00dfstab herangezogen. \u00dcberschreiten die Messstationen den k\u00fcnftigen Wert, m\u00fcssen sogenannte Luftreinhaltepl\u00e4ne von den Kommunen aufgestellt werden, um 2030 die strengeren EU-Grenzwerte zu erreichen.<\/p>\n<p>    Fast die H\u00e4lfte verfehlt Grenzwerte<\/p>\n<p class=\"textabsatz m-ten m-offset-one l-eight l-offset-two columns twelve\">Eine Analyse der <a href=\"https:\/\/www.quarks.de\/umwelt\/luft-grenzwerte-feinstaub-stickstoffdioxid\/\" title=\"Quarks\" class=\"textlink--extern\" target=\"_blank\" rel=\"noopener nofollow\">Wissenschaftsredaktion Quarks<\/a> auf Basis von Daten des UBA zeigt, dass 46 Prozent aller Messstationen derzeit mindestens einen der ab 2030 geltenden Grenzwerte f\u00fcr Stickstoffdioxid oder Feinstaub \u00fcberschreiten.<\/p>\n<p class=\"textabsatz m-ten m-offset-one l-eight l-offset-two columns twelve\">Vor allem gro\u00dfe Ballungsgebiete mit dichtem Verkehr wie Berlin, Stuttgart und das Ruhrgebiet \u00fcberschreiten die neuen Grenzwerte f\u00fcr Stickstoffdioxid und Feinstaub deutlich. Demnach weisen einige Messstationen besonders hohe Konzentrationen von Stickstoffdioxid und Feinstaub aus.<\/p>\n<p class=\"textabsatz m-ten m-offset-one l-eight l-offset-two columns twelve\">&#8222;Wir werden es wohl nicht schaffen, 2030 die Grenzwerte fl\u00e4chendeckend \u00fcberall einzuhalten. Vor allem beim Stickstoffdioxid wird es in St\u00e4dten an stark verkehrsgepr\u00e4gten Standorten zu \u00dcberschreitungen kommen&#8220;, sagt Ute Dauert vom UBA.<\/p>\n<p>    Debatte um Ma\u00dfnahmen neu entfacht<\/p>\n<p class=\"textabsatz m-ten m-offset-one l-eight l-offset-two columns twelve\">Und das hat Folgen: Die neue EU-Richtlinie schreibt den Kommunen vor, fr\u00fchzeitig Konzepte auszuarbeiten. F\u00fcr die Verkehrsf\u00fchrung k\u00f6nnten die neuen Grenzwerte also an einigen Stellen f\u00fcr Ver\u00e4nderungen sorgen.<\/p>\n<p class=\"textabsatz m-ten m-offset-one l-eight l-offset-two columns twelve\">Kurzfristige Ma\u00dfnahmen wurden schon vor Jahren im Zuge der Dieselabgasaff\u00e4re debattiert. So wurden etwa im Ruhrgebiet manche Stra\u00dfen f\u00fcr den Schwerlastverkehr gesperrt, der Verkehr wurde umgeleitet. In Innenst\u00e4dten wie Stuttgart wurden Fahrverbote f\u00fcr alte Dieselfahrzeuge eingerichtet. M\u00fcnchen f\u00fchrte auf problematischen Stra\u00dfen zwischenzeitlich Tempo 30 ein.<\/p>\n<p>    Neue Grenzwerte nicht streng genug?<\/p>\n<p class=\"textabsatz m-ten m-offset-one l-eight l-offset-two columns twelve\">Die WHO empfiehlt viel strengere Grenzwerte f\u00fcr Schadstoffe in der Luft. Selbst minimale Mengen gelten wissenschaftlich nicht als v\u00f6llig ungef\u00e4hrlich.<\/p>\n<p class=\"textabsatz m-ten m-offset-one l-eight l-offset-two columns twelve\">Wenn die WHO-Empfehlungen auf die derzeitigen Werte in Deutschland angewendet werden w\u00fcrden, verfehlen 95 Prozent aller Stationen diese f\u00fcr mindestens einen Schadstoff, so die Quarks-Recherche.<\/p>\n<p class=\"textabsatz m-ten m-offset-one l-eight l-offset-two columns twelve\">Langfristig sollen die Grenzwerte vollst\u00e4ndig an die WHO-Richtwerte angepasst werden. Die Grenzwerte sollen Ende 2030 und danach alle f\u00fcnf Jahre \u00fcberpr\u00fcft werden. Bis 2050 ist angestrebt, die Luftschadstoffe soweit zu reduzieren, dass die Verschmutzung als nicht mehr sch\u00e4dlich f\u00fcr Mensch und Umwelt gilt. &#8222;Die neuen europ\u00e4ischen Grenzwerte n\u00e4hern sich zwar nur schrittweise an die deutlich ambitionierteren Empfehlungen der Weltgesundheitsorganisation an. Dennoch f\u00fchrt jede Verbesserung der Luftqualit\u00e4t dazu, dass das Gesundheitsrisikos f\u00fcr die Gesamtbev\u00f6lkerung sinkt&#8220;, so Messner.<\/p>\n<p>    Feinstaub als gr\u00f6\u00dfte Gesundheitsgefahr<\/p>\n<p class=\"textabsatz m-ten m-offset-one l-eight l-offset-two columns twelve\">Durch Stickstoffdioxid beispielsweise steigt das Risiko von chronischen Atemwegserkrankungen, Krebs oder Herz-Kreislauf-Erkrankungen.<\/p>\n<p class=\"textabsatz m-ten m-offset-one l-eight l-offset-two columns twelve\">Als besonders gesundheitsgef\u00e4hrdend werden sehr kleine Feinstaub-Partikel eingestuft. Sie verbleiben nicht nur in der Lunge, sondern k\u00f6nnen in den Blutkreislauf gelangen. Die Folge: <a href=\"https:\/\/www.tagesschau.de\/wissen\/gesundheit\/herzinsuffizienz-100.html\" title=\"Umwelt belastet Herz st\u00e4rker als gedacht\" rel=\"nofollow noopener\" target=\"_blank\">Herz-Kreislauf-Erkrankungen<\/a> wie Herzinfarkt oder Schlaganf\u00e4lle. Auch das Risiko f\u00fcr Diabetes Typ 2 sowie <a href=\"https:\/\/jamanetwork.com\/journals\/jamaneurology\/article-abstract\/2838665\" title=\"Luftverschmutzung und Alzheimer\" class=\"textlink--extern js-link-dialog\" rel=\"noopener noreferrer nofollow\" target=\"_blank\" data-type=\"external\">Alzheimer und Demenz<\/a> steigt. Besonders gef\u00e4hrdet sind Kinder, \u00e4ltere Menschen und Menschen mit Vorerkrankungen.<\/p>\n<p class=\"textabsatz m-ten m-offset-one l-eight l-offset-two columns twelve\">Neben den gesundheitlichen Aspekten verweisen <a href=\"https:\/\/www.sciencemediacenter.de\/angebote\/22156\" title=\"SMC\" class=\"textlink--extern js-link-dialog\" rel=\"noopener noreferrer nofollow\" target=\"_blank\" data-type=\"external\">Forschende<\/a> auf einen wirtschaftlichen Aspekt: Die durch Luftverschmutzung hervorgerufen Krankheiten erzeugen hohe Kosten im Gesundheitssystem.<\/p>\n","protected":false},"excerpt":{"rendered":"Stand: 11.02.2026 14:48 Uhr Eine Datenanalyse des WDR zeigt: Trotz messbarer Fortschritte bleibt die Luftqualit\u00e4t in deutschen St\u00e4dten&hellip;\n","protected":false},"author":2,"featured_media":789797,"comment_status":"","ping_status":"","sticky":false,"template":"","format":"standard","meta":{"footnotes":"","_share_on_mastodon":"0"},"categories":[2],"tags":[29,548,38293,30,13,1236,25814,14,15,12,3041,10,8,9,11,5494],"class_list":["post-789796","post","type-post","status-publish","format-standard","has-post-thumbnail","category-deutschland","tag-deutschland","tag-eu","tag-feinstaub","tag-germany","tag-headlines","tag-kommunen","tag-luftqualitaet","tag-nachrichten","tag-news","tag-schlagzeilen","tag-stadt","tag-top-news","tag-top-meldungen","tag-topmeldungen","tag-topnews","tag-who"],"share_on_mastodon":{"url":"https:\/\/pubeurope.com\/@de\/116053342094590231","error":""},"_links":{"self":[{"href":"https:\/\/www.europesays.com\/de\/wp-json\/wp\/v2\/posts\/789796","targetHints":{"allow":["GET"]}}],"collection":[{"href":"https:\/\/www.europesays.com\/de\/wp-json\/wp\/v2\/posts"}],"about":[{"href":"https:\/\/www.europesays.com\/de\/wp-json\/wp\/v2\/types\/post"}],"author":[{"embeddable":true,"href":"https:\/\/www.europesays.com\/de\/wp-json\/wp\/v2\/users\/2"}],"replies":[{"embeddable":true,"href":"https:\/\/www.europesays.com\/de\/wp-json\/wp\/v2\/comments?post=789796"}],"version-history":[{"count":0,"href":"https:\/\/www.europesays.com\/de\/wp-json\/wp\/v2\/posts\/789796\/revisions"}],"wp:featuredmedia":[{"embeddable":true,"href":"https:\/\/www.europesays.com\/de\/wp-json\/wp\/v2\/media\/789797"}],"wp:attachment":[{"href":"https:\/\/www.europesays.com\/de\/wp-json\/wp\/v2\/media?parent=789796"}],"wp:term":[{"taxonomy":"category","embeddable":true,"href":"https:\/\/www.europesays.com\/de\/wp-json\/wp\/v2\/categories?post=789796"},{"taxonomy":"post_tag","embeddable":true,"href":"https:\/\/www.europesays.com\/de\/wp-json\/wp\/v2\/tags?post=789796"}],"curies":[{"name":"wp","href":"https:\/\/api.w.org\/{rel}","templated":true}]}}