{"id":789810,"date":"2026-02-11T18:17:12","date_gmt":"2026-02-11T18:17:12","guid":{"rendered":"https:\/\/www.europesays.com\/de\/789810\/"},"modified":"2026-02-11T18:17:12","modified_gmt":"2026-02-11T18:17:12","slug":"nach-millionen-coup-wieder-alarm-in-der-sparkasse-gelsenkirchen-regional","status":"publish","type":"post","link":"https:\/\/www.europesays.com\/de\/789810\/","title":{"rendered":"Nach Millionen-Coup: Wieder Alarm in der Sparkasse Gelsenkirchen | Regional"},"content":{"rendered":"<p><a class=\"skip-content skip-content--link\" href=\"#in-content-skip-link-target-v-0-0\">TTS-Player \u00fcberspringen\u21b5<\/a><a id=\"in-content-skip-link-target-v-0-0\" class=\"skip-content--target-link-hidden skip-content skip-content--target-link\" href=\"#in-content-skip-link-target-v-0-0\">Artikel weiterlesen<\/a><\/p>\n<p>Gelsenkirchen (NRW) \u2013 <b>Die Filiale, in der Ende Dezember Einbrecher einen dreistelligen Millionenbetrag erbeuteten, hat schon wieder gravierende Probleme: Alarm in der Pannen-Sparkasse von Gelsenkirchen!<\/b><\/p>\n<p>Am Dienstag und Mittwoch mussten Polizei und Feuerwehr mehrmals nach Buer in den Norden von Gelsenkirchen (<a href=\"https:\/\/www.bild.de\/regional\/nordrhein-westfalen\/home-npIP0qL0giWP1ZFIOHn2\" class=\"text-link\" rel=\"nofollow noopener\" target=\"_blank\">Nordrhein-Westfalen<\/a>) ausr\u00fccken, nachdem in der Sparkasse die Feuermelder ausgel\u00f6st hatten. Laut Polizei gab es in der Zeit von etwa 20 Uhr am Dienstabend bis 9 Uhr am Mittwochmorgen insgesamt vier Alarme. <\/p>\n<p>Fachfirma soll Problem beheben<\/p>\n<p>Ausgerechnet diese Brandmeldeanlage hatte auch <a href=\"https:\/\/www.bild.de\/news\/inland\/nach-einbruch-in-tresorraum-kunden-sorgen-fuer-tumulte-vor-sparkasse-695268fbf6fc544dba9b668c\" class=\"text-link\" rel=\"nofollow noopener\" target=\"_blank\">beim Einbruch Ende Dezember 2025<\/a> eine unr\u00fchmliche Rolle gespielt: Sie l\u00f6ste am 27. Dezember aus, dieser Alarm wurde jedoch als Fehlalarm eingestuft \u2013 was sich letztlich als fataler Fehler herausstellte. <\/p>\n<p><img decoding=\"async\" width=\"992\" height=\"558\" alt=\"Der Haupteingang der Sparkassen-Filiale in Gelsenkirchen-Buer\" src=\"https:\/\/www.europesays.com\/de\/wp-content\/uploads\/2026\/02\/133827c65e181f9dab8352df523d513a,519e4999.jpeg\"   class=\"landscape\" loading=\"lazy\"\/><\/p>\n<p class=\"fig__caption__text\">Der Haupteingang der Sparkassen-Filiale in Gelsenkirchen-Buer<\/p>\n<p>Foto: Christoph Reichwein\/dpa<\/p>\n<p>Doch aktuell handelte es sich wirklich um Fehlalarme. \u201eGemeinsam mit der alarmierten Feuerwehr stellten Polizeibeamte die Fehlfunktionen fest und beendeten die Alarme\u201c, hei\u00dft es am Mittwoch von den <a href=\"https:\/\/www.bild.de\/regional\/aktuelles\/polizei\/polizeieinsatz-alle-infos-76681760.bild.html\" class=\"text-link\" rel=\"nofollow noopener\" target=\"_blank\">Ermittlern<\/a>. Die Brandmeldeanlage des Geb\u00e4udes hat offenbar eine St\u00f6rung. Eine Fachfirma wurde beauftragt, das Problem zu beheben.<\/p>\n<p>Mehr als 3000 Schlie\u00dff\u00e4cher gepl\u00fcndert<\/p>\n<p>Derweil laufen die Ermittlungen zu dem spektakul\u00e4ren Millionen-Coup auf Hochtouren. Einen Durchbruch gibt es aber noch nicht. Die T\u00e4ter sind weiterhin unbekannt. An dem Wochenende nach Weihnachten hatten sie bei dem Einbruch <a href=\"https:\/\/www.bild.de\/regional\/ruhrgebiet\/hier-stapeln-sich-die-schliessfaecher-der-sparkasse-nach-krassem-diebstahl-6989f4a201dfd613e9320a51\" class=\"text-link\" rel=\"nofollow noopener\" target=\"_blank\">mehr als 3000 Schlie\u00dff\u00e4cher aufgebrochen<\/a>. Sie flohen mit Gold, Bargeld und anderen Wertsachen im Wert von laut aktuellen Sch\u00e4tzungen bis zu 500 Millionen Euro. Der Schaden ist gigantisch, die Kunden geschockt.<\/p>\n<p>Mehr zum Thema<\/p>\n<p>Als die Anlage am 29. Dezember zum 2. Mal ausl\u00f6ste, wurde das Verbrechen erst bemerkt: Durch ein <a href=\"https:\/\/www.bild.de\/regional\/nordrhein-westfalen\/spektakulaerer-coup-einbrecher-bohren-loch-in-tresorraum-von-sparkasse-695233d7ba368aa0126a5ae1\" class=\"text-link\" rel=\"nofollow noopener\" target=\"_blank\">riesiges Loch in der Wand<\/a> waren die Diebe l\u00e4ngst verschwunden. Ein Anwalt hat bereits drei Musterklagen gegen die Sparkasse erhoben. Sein Vorwurf: Die Bank habe Sicherheitsvorkehrungen vernachl\u00e4ssigt. Die <a href=\"https:\/\/www.bild.de\/themen\/organisationen\/sparkasse\/organisation-news-fotos-videos-19932968.bild.html\" class=\"text-link\" rel=\"nofollow noopener\" target=\"_blank\">Sparkasse<\/a> hat die Kritik mehrfach zur\u00fcckgewiesen \u2013 und nun offenbar schon wieder Probleme.<\/p>\n","protected":false},"excerpt":{"rendered":"TTS-Player \u00fcberspringen\u21b5Artikel weiterlesen Gelsenkirchen (NRW) \u2013 Die Filiale, in der Ende Dezember Einbrecher einen dreistelligen Millionenbetrag erbeuteten, hat&hellip;\n","protected":false},"author":2,"featured_media":789811,"comment_status":"","ping_status":"","sticky":false,"template":"","format":"standard","meta":{"footnotes":"","_share_on_mastodon":"0"},"categories":[1848],"tags":[13479,111944,3364,29,2819,6212,548,663,3934,985,3658,30,13,14,15,1209,121,12,4787,138370,45,127143],"class_list":["post-789810","post","type-post","status-publish","format-standard","has-post-thumbnail","category-gelsenkirchen","tag-alarmanlage","tag-content-pipeline","tag-de","tag-deutschland","tag-einbruch","tag-ermittlungsverfahren","tag-eu","tag-europa","tag-europe","tag-feuerwehr","tag-gelsenkirchen","tag-germany","tag-headlines","tag-nachrichten","tag-news","tag-nordrhein-westfalen","tag-polizei","tag-schlagzeilen","tag-sparkasse","tag-team-first","tag-texttospeech","tag-vermoegensdelikt"],"share_on_mastodon":{"url":"https:\/\/pubeurope.com\/@de\/116053373530697299","error":""},"_links":{"self":[{"href":"https:\/\/www.europesays.com\/de\/wp-json\/wp\/v2\/posts\/789810","targetHints":{"allow":["GET"]}}],"collection":[{"href":"https:\/\/www.europesays.com\/de\/wp-json\/wp\/v2\/posts"}],"about":[{"href":"https:\/\/www.europesays.com\/de\/wp-json\/wp\/v2\/types\/post"}],"author":[{"embeddable":true,"href":"https:\/\/www.europesays.com\/de\/wp-json\/wp\/v2\/users\/2"}],"replies":[{"embeddable":true,"href":"https:\/\/www.europesays.com\/de\/wp-json\/wp\/v2\/comments?post=789810"}],"version-history":[{"count":0,"href":"https:\/\/www.europesays.com\/de\/wp-json\/wp\/v2\/posts\/789810\/revisions"}],"wp:featuredmedia":[{"embeddable":true,"href":"https:\/\/www.europesays.com\/de\/wp-json\/wp\/v2\/media\/789811"}],"wp:attachment":[{"href":"https:\/\/www.europesays.com\/de\/wp-json\/wp\/v2\/media?parent=789810"}],"wp:term":[{"taxonomy":"category","embeddable":true,"href":"https:\/\/www.europesays.com\/de\/wp-json\/wp\/v2\/categories?post=789810"},{"taxonomy":"post_tag","embeddable":true,"href":"https:\/\/www.europesays.com\/de\/wp-json\/wp\/v2\/tags?post=789810"}],"curies":[{"name":"wp","href":"https:\/\/api.w.org\/{rel}","templated":true}]}}