{"id":789816,"date":"2026-02-11T18:20:12","date_gmt":"2026-02-11T18:20:12","guid":{"rendered":"https:\/\/www.europesays.com\/de\/789816\/"},"modified":"2026-02-11T18:20:12","modified_gmt":"2026-02-11T18:20:12","slug":"streit-im-strassenverkehr-eskaliert-fahrradfahrer-schlaegt-autofahrer-metropoljournal-com","status":"publish","type":"post","link":"https:\/\/www.europesays.com\/de\/789816\/","title":{"rendered":"Streit im Stra\u00dfenverkehr eskaliert \u2013 Fahrradfahrer schl\u00e4gt Autofahrer \u2013 Metropoljournal.com"},"content":{"rendered":"<p>\t\t\t<img fetchpriority=\"high\" decoding=\"async\" src=\"https:\/\/www.europesays.com\/de\/wp-content\/uploads\/2025\/09\/pol76.jpg\" itemprop=\"image\" alt=\"Mannheim-Neuhermsheim: Streit im Stra\u00dfenverkehr eskaliert \u2013 Fahrradfahrer schl\u00e4gt Autofahrer\" width=\"640\" height=\"427\" loading=\"eager\"\/>\t\t<\/p>\n<p>\t\t\t<a href=\"https:\/\/www.metropoljournal.com\/lokales\/baden-wuerttemberg2\/news-mannheim.html\" rel=\"nofollow noopener\" target=\"_blank\">Mannheim<\/a><\/p>\n<p>\t\t11. Februar 2026\t<\/p>\n<p>\t\tMannheim-Neuhermsheim: Streit im Stra\u00dfenverkehr eskaliert \u2013 Fahrradfahrer schl\u00e4gt Autofahrer<\/p>\n<p style=\"text-align: center; font-style: italic; color: #555; font-size: 1.2rem; margin-bottom: 2rem;\">Ein zun\u00e4chst verbaler Konflikt zwischen einem Fahrradfahrer und einem Autofahrer endete Mitte Januar in Neuhermsheim mit einer K\u00f6rperverletzung. Die Polizei sucht weitere Zeugen.<\/p>\n<p>&#13;<\/p>\n<p>Wie das Polizeipr\u00e4sidium Mannheim mitteilt, kam es bereits am Freitag, 16. Januar 2026, gegen 18.40 Uhr im Bereich der Einm\u00fcndung Franz-Conrad-Linck-Stra\u00dfe\/Wilhelm-Lehmbruck-Weg zu einer Auseinandersetzung zwischen einem 21-j\u00e4hrigen Autofahrer und einem 35-j\u00e4hrigen Fahrradfahrer.<\/p>\n<p>&#13;<\/p>\n<p>Der 21-J\u00e4hrige hatte mit seinem Fahrzeug angehalten, um einem anderen Verkehrsteilnehmer das Einparken zu erm\u00f6glichen. Nach bisherigen Erkenntnissen zeigte sich der herannahende Radfahrer dar\u00fcber ver\u00e4rgert, \u00e4u\u00dferte lautstark seinen Unmut und schlug mit der Hand auf die Motorhaube des Pkw. Dabei entstand eine deutlich sichtbare Delle.<\/p>\n<p>&#13;<br \/>\nFaustschlag ins Gesicht&#13;<\/p>\n<p>Als ein Zeuge den 35-J\u00e4hrigen auf sein Verhalten ansprach, versuchte dieser zun\u00e4chst zu fl\u00fcchten. Der Autofahrer hielt ihn fest. In der Folge soll der Radfahrer dem 21-J\u00e4hrigen mit der Faust ins Gesicht geschlagen haben. Der Gesch\u00e4digte erlitt leichte Verletzungen.<\/p>\n<p>&#13;<\/p>\n<p>Anschlie\u00dfend stellte der 35-J\u00e4hrige sein Fahrrad an einer Laterne ab, schloss es an und entfernte sich vom Ort des Geschehens. Noch am selben Abend meldete er sich bei der Polizei und wollte im Zusammenhang mit dem Vorfall eine Unfallflucht anzeigen.<\/p>\n<p>&#13;<\/p>\n<p>Die weiteren Ermittlungen hat das Polizeirevier Mannheim-Oststadt \u00fcbernommen.<\/p>\n<p>&#13;<\/p>\n<p>Leserhinweis: Zeuginnen und Zeugen, die den Vorfall beobachtet haben und Angaben zum Ablauf machen k\u00f6nnen, werden gebeten, sich unter der Telefonnummer 0621 174 3310 beim Polizeirevier Mannheim-Oststadt zu melden.<\/p>\n<p>&#13;<\/p>\n","protected":false},"excerpt":{"rendered":"Mannheim 11. Februar 2026 Mannheim-Neuhermsheim: Streit im Stra\u00dfenverkehr eskaliert \u2013 Fahrradfahrer schl\u00e4gt Autofahrer Ein zun\u00e4chst verbaler Konflikt zwischen&hellip;\n","protected":false},"author":2,"featured_media":428248,"comment_status":"","ping_status":"","sticky":false,"template":"","format":"standard","meta":{"footnotes":"","_share_on_mastodon":"0"},"categories":[1845],"tags":[1634,3364,29,548,663,3934,30,13,2096,14,15,12],"class_list":["post-789816","post","type-post","status-publish","format-standard","has-post-thumbnail","category-mannheim","tag-baden-wuerttemberg","tag-de","tag-deutschland","tag-eu","tag-europa","tag-europe","tag-germany","tag-headlines","tag-mannheim","tag-nachrichten","tag-news","tag-schlagzeilen"],"share_on_mastodon":{"url":"https:\/\/pubeurope.com\/@de\/116053385176815044","error":""},"_links":{"self":[{"href":"https:\/\/www.europesays.com\/de\/wp-json\/wp\/v2\/posts\/789816","targetHints":{"allow":["GET"]}}],"collection":[{"href":"https:\/\/www.europesays.com\/de\/wp-json\/wp\/v2\/posts"}],"about":[{"href":"https:\/\/www.europesays.com\/de\/wp-json\/wp\/v2\/types\/post"}],"author":[{"embeddable":true,"href":"https:\/\/www.europesays.com\/de\/wp-json\/wp\/v2\/users\/2"}],"replies":[{"embeddable":true,"href":"https:\/\/www.europesays.com\/de\/wp-json\/wp\/v2\/comments?post=789816"}],"version-history":[{"count":0,"href":"https:\/\/www.europesays.com\/de\/wp-json\/wp\/v2\/posts\/789816\/revisions"}],"wp:featuredmedia":[{"embeddable":true,"href":"https:\/\/www.europesays.com\/de\/wp-json\/wp\/v2\/media\/428248"}],"wp:attachment":[{"href":"https:\/\/www.europesays.com\/de\/wp-json\/wp\/v2\/media?parent=789816"}],"wp:term":[{"taxonomy":"category","embeddable":true,"href":"https:\/\/www.europesays.com\/de\/wp-json\/wp\/v2\/categories?post=789816"},{"taxonomy":"post_tag","embeddable":true,"href":"https:\/\/www.europesays.com\/de\/wp-json\/wp\/v2\/tags?post=789816"}],"curies":[{"name":"wp","href":"https:\/\/api.w.org\/{rel}","templated":true}]}}