{"id":789863,"date":"2026-02-11T18:46:10","date_gmt":"2026-02-11T18:46:10","guid":{"rendered":"https:\/\/www.europesays.com\/de\/789863\/"},"modified":"2026-02-11T18:46:10","modified_gmt":"2026-02-11T18:46:10","slug":"lauf-verletzter-bei-angriff-an-s-bahn-station","status":"publish","type":"post","link":"https:\/\/www.europesays.com\/de\/789863\/","title":{"rendered":"Lauf: Verletzter bei Angriff an S-Bahn-Station"},"content":{"rendered":"<p class=\"desc-read\"><strong><br \/>\n           Zwei zun\u00e4chst Unbekannte attackieren einen Mann im Kreis N\u00fcrnberger Land. Rund einen Monat sp\u00e4ter sitzen zwei Verd\u00e4chtige in Haft. Sind sie auch f\u00fcr eine Tat in Erlangen verantwortlich?<br \/>\n          <\/strong>\n          <\/p>\n<p>Zwei M\u00e4nner stehen im Verdacht, einen 43-J\u00e4hrigen an der S-Bahn-Station in Lauf an der Pegnitz (Kreis N\u00fcrnberger Land) <a href=\"https:\/\/www.infranken.de\/lk\/nuernberg\/blaulicht\/ueberfall-auf-mann-43-in-lauf-zeugen-nach-s-bahn-angriff-gesucht-art-6309940\" target=\"_blank\" title=\"\u00dcberfall auf Mann (43) in Lauf: Zeugen nach S-Bahn-Angriff gesucht\" rel=\"nofollow noopener\">\u00fcberfallen und verletzt<\/a> zu haben. Das Opfer war am 13. Januar 2026 gegen 2026 von der Haltestelle Lauf West in Richtung K\u00e4rntner Stra\u00dfe unterwegs, als sich ihm zwei zun\u00e4chst Unbekannte in den Weg stellten, teilte die Polizei mit. Demnach h\u00e4tten sie seine Zigaretten und sein Handy gefordert. Als der Mann sich weigerte, schlugen sie ihm ins Gesicht und traten mit den F\u00fc\u00dfen gegen seinen Kopf., nachdem er zu Boden gegangen war. Danach fl\u00fcchteten die Angreifer ohne Beute.<\/p>\n<p>Durch die Ermittlungen gerieten die beiden Tatverd\u00e4chtigen im Alter von 18 und 20 Jahren in den Fokus der Ermittler. Beide sollen am Tag nach der Tat in einem Drogeriemarkt in Erlangen erneut gewaltt\u00e4tig geworden sein. Nach einem Ladendiebstahl sollen sie dort einen Ladendetektiv angegriffen haben. Die Staatsanwaltschaft N\u00fcrnberg-F\u00fcrth beantragte daraufhin Haftbefehle gegen die fl\u00fcchtigen Tatverd\u00e4chtigen.<\/p>\n<p>In der vergangenen Woche nahmen Beamte den 20-J\u00e4hrigen fest. Der zweite Tatverd\u00e4chtige stellte sich am 11. Februar 2026 selbst bei der Polizei. Beide M\u00e4nner wurden einem Ermittlungsrichter vorgef\u00fchrt. Anschlie\u00dfend brachte man sie in eine Justizvollzugsanstalt. Die beiden Tatverd\u00e4chtigen m\u00fcssen sich wegen des Verdachts von zwei Straftaten verantworten.<\/p>\n<p>     Wie wir k\u00fcnstliche Intelligenz einsetzen\u00a0<\/p>\n<p>Ein Redakteur hat diesen Artikel unter der teilweisen Verwendung eines KI-Sprachmodells verfasst und\/oder optimiert. S\u00e4mtliche Informationen wurden sorgf\u00e4ltig gepr\u00fcft.<\/p>\n<p><a href=\"https:\/\/www.infranken.de\/datenschutz\/die-ki-richtlinien-art-5869935\" target=\"_blank\" title=\"Die KI-Richtlinien inFranken.de \u00a0\" rel=\"nofollow noopener\">Erfahre hier mehr \u00fcber unsere KI-Richtlinien.\u00a0<\/a><\/p>\n<p>\nVorschaubild: \u00a9 Bits and Splits\/Adobe Stock (Symbolbild)<\/p>\n","protected":false},"excerpt":{"rendered":"Zwei zun\u00e4chst Unbekannte attackieren einen Mann im Kreis N\u00fcrnberger Land. Rund einen Monat sp\u00e4ter sitzen zwei Verd\u00e4chtige in&hellip;\n","protected":false},"author":2,"featured_media":179657,"comment_status":"","ping_status":"","sticky":false,"template":"","format":"standard","meta":{"footnotes":"","_share_on_mastodon":"0"},"categories":[1837],"tags":[772,3364,29,30,3783],"class_list":["post-789863","post","type-post","status-publish","format-standard","has-post-thumbnail","category-nuernberg","tag-bayern","tag-de","tag-deutschland","tag-germany","tag-nuernberg"],"share_on_mastodon":{"url":"https:\/\/pubeurope.com\/@de\/116053487463344357","error":""},"_links":{"self":[{"href":"https:\/\/www.europesays.com\/de\/wp-json\/wp\/v2\/posts\/789863","targetHints":{"allow":["GET"]}}],"collection":[{"href":"https:\/\/www.europesays.com\/de\/wp-json\/wp\/v2\/posts"}],"about":[{"href":"https:\/\/www.europesays.com\/de\/wp-json\/wp\/v2\/types\/post"}],"author":[{"embeddable":true,"href":"https:\/\/www.europesays.com\/de\/wp-json\/wp\/v2\/users\/2"}],"replies":[{"embeddable":true,"href":"https:\/\/www.europesays.com\/de\/wp-json\/wp\/v2\/comments?post=789863"}],"version-history":[{"count":0,"href":"https:\/\/www.europesays.com\/de\/wp-json\/wp\/v2\/posts\/789863\/revisions"}],"wp:featuredmedia":[{"embeddable":true,"href":"https:\/\/www.europesays.com\/de\/wp-json\/wp\/v2\/media\/179657"}],"wp:attachment":[{"href":"https:\/\/www.europesays.com\/de\/wp-json\/wp\/v2\/media?parent=789863"}],"wp:term":[{"taxonomy":"category","embeddable":true,"href":"https:\/\/www.europesays.com\/de\/wp-json\/wp\/v2\/categories?post=789863"},{"taxonomy":"post_tag","embeddable":true,"href":"https:\/\/www.europesays.com\/de\/wp-json\/wp\/v2\/tags?post=789863"}],"curies":[{"name":"wp","href":"https:\/\/api.w.org\/{rel}","templated":true}]}}