{"id":789893,"date":"2026-02-11T19:02:12","date_gmt":"2026-02-11T19:02:12","guid":{"rendered":"https:\/\/www.europesays.com\/de\/789893\/"},"modified":"2026-02-11T19:02:12","modified_gmt":"2026-02-11T19:02:12","slug":"neu-in-stuttgart-erste-handroll-bar-nori-bereitet-tamaki-live-vor-gaesten-zu-nachrichten-aus-stuttgart","status":"publish","type":"post","link":"https:\/\/www.europesays.com\/de\/789893\/","title":{"rendered":"Neu in Stuttgart: Erste Handroll Bar \u201eNori\u201c bereitet Tamaki live vor G\u00e4sten zu &#8211; Nachrichten aus Stuttgart"},"content":{"rendered":"<p><strong>Stuttgart. <\/strong> Die n\u00e4chste Neuer\u00f6ffnung l\u00e4sst in Stuttgart  bekanntlich nicht lange auf sich warten. Mit \u201eNori\u201c ist k\u00fcrzlich ein gastronomisches Konzept in die Calwer Passage eingezogen, die es so im Kessel noch nicht gegeben hat. Die Handroll Bar bringt einen leckeren Twist aus der japanischen K\u00fcche in die Gastromeile. Was hinter dem Konzept steckt, hat uns die Betriebsleitung, Carolina Futterer, verraten.<\/p>\n<p>Handrolls bei \u201eNori\u201c werden frisch vor G\u00e4sten <\/p>\n","protected":false},"excerpt":{"rendered":"Stuttgart. Die n\u00e4chste Neuer\u00f6ffnung l\u00e4sst in Stuttgart bekanntlich nicht lange auf sich warten. Mit \u201eNori\u201c ist k\u00fcrzlich ein&hellip;\n","protected":false},"author":2,"featured_media":789894,"comment_status":"","ping_status":"","sticky":false,"template":"","format":"standard","meta":{"footnotes":"","_share_on_mastodon":"0"},"categories":[1830],"tags":[10848,1634,3364,29,3593,30,178240,23710,3893,127771,1598,1441,6124],"class_list":["post-789893","post","type-post","status-publish","format-standard","has-post-thumbnail","category-stuttgart","tag-aud_gastro","tag-baden-wuerttemberg","tag-de","tag-deutschland","tag-gastro","tag-germany","tag-handroll","tag-japanisch","tag-neueroeffnung","tag-nori","tag-restaurant","tag-stuttgart","tag-sushi"],"share_on_mastodon":{"url":"https:\/\/pubeurope.com\/@de\/116053550414122194","error":""},"_links":{"self":[{"href":"https:\/\/www.europesays.com\/de\/wp-json\/wp\/v2\/posts\/789893","targetHints":{"allow":["GET"]}}],"collection":[{"href":"https:\/\/www.europesays.com\/de\/wp-json\/wp\/v2\/posts"}],"about":[{"href":"https:\/\/www.europesays.com\/de\/wp-json\/wp\/v2\/types\/post"}],"author":[{"embeddable":true,"href":"https:\/\/www.europesays.com\/de\/wp-json\/wp\/v2\/users\/2"}],"replies":[{"embeddable":true,"href":"https:\/\/www.europesays.com\/de\/wp-json\/wp\/v2\/comments?post=789893"}],"version-history":[{"count":0,"href":"https:\/\/www.europesays.com\/de\/wp-json\/wp\/v2\/posts\/789893\/revisions"}],"wp:featuredmedia":[{"embeddable":true,"href":"https:\/\/www.europesays.com\/de\/wp-json\/wp\/v2\/media\/789894"}],"wp:attachment":[{"href":"https:\/\/www.europesays.com\/de\/wp-json\/wp\/v2\/media?parent=789893"}],"wp:term":[{"taxonomy":"category","embeddable":true,"href":"https:\/\/www.europesays.com\/de\/wp-json\/wp\/v2\/categories?post=789893"},{"taxonomy":"post_tag","embeddable":true,"href":"https:\/\/www.europesays.com\/de\/wp-json\/wp\/v2\/tags?post=789893"}],"curies":[{"name":"wp","href":"https:\/\/api.w.org\/{rel}","templated":true}]}}