{"id":789913,"date":"2026-02-11T19:13:13","date_gmt":"2026-02-11T19:13:13","guid":{"rendered":"https:\/\/www.europesays.com\/de\/789913\/"},"modified":"2026-02-11T19:13:13","modified_gmt":"2026-02-11T19:13:13","slug":"tausende-stellen-in-berlin-bedroht","status":"publish","type":"post","link":"https:\/\/www.europesays.com\/de\/789913\/","title":{"rendered":"Tausende Stellen in Berlin bedroht"},"content":{"rendered":"<p class=\"article_paragraph__hXYKJ\">Der Chemiekonzern BASF will wesentliche Teile seiner internen Dienstleistungen k\u00fcnftig in Indien b\u00fcndeln. Wie <a target=\"_blank\" rel=\"nofollow noopener\" href=\"https:\/\/www.basf.com\/global\/de\/media\/news-releases\/2026\/02\/p-26-025\">das Unternehmen mitteilte<\/a>, sollen Finanz- und Personalservices in einem neuen globalen Hub zusammengef\u00fchrt werden. Ziel sei es, Kosteneffizienz zu steigern und wettbewerbsf\u00e4hige Servicestrukturen zu schaffen, erkl\u00e4rte Finanzvorstand Dirk Elvermann.<\/p>\n<p class=\"article_paragraph__hXYKJ\">Am Berliner Standort in Prenzlauer Berg arbeiten derzeit rund 2.800 Besch\u00e4ftigte im Bereich Global Business Services. Wie viele Stellen konkret verlagert werden, ist nach Unternehmensangaben noch unklar. Die Planungen bef\u00e4nden sich in einem fr\u00fchen Stadium, die Umsetzung solle schrittweise bis Ende 2028 erfolgen.<\/p>\n<p class=\"article_paragraph__hXYKJ\">BASF zielt nach eigenen Angaben auf einen umfassenden Umbau des Konzerns. Darin werden einerseits in China und Indien globale Hubs geschafft die weltweite Querschnittsaufgaben wahrnehmen. Standorte wie Berlin, <a target=\"_blank\" rel=\"nofollow noopener\" href=\"https:\/\/www.berliner-zeitung.de\/news\/flug-mh370-verschwand-vor-zehn-jahren-spurlos-suche-wird-wieder-aufgenommen-li.10008494\">Kuala Lumpur (Malaysia)<\/a> und Montevideo (Uruguay) sollen sich auf regionale Aufgaben konzentrieren.<\/p>\n<p>Scharfe Kritik von Politik und Gewerkschaft<\/p>\n<p class=\"article_paragraph__hXYKJ\">Berlins Regierender B\u00fcrgermeister Kai Wegner zeigte sich besorgt und forderte transparente Planungen sowie einen sozialvertr\u00e4glichen Umgang mit den Besch\u00e4ftigten. <a target=\"_blank\" rel=\"nofollow noopener\" href=\"https:\/\/www.berliner-zeitung.de\/news\/regionale-gespraeche-gescheitert-tarifverhandlungen-in-chemie-und-pharmaindustrie-starten-li.10017194\">Die Gewerkschaft IGBCE<\/a> nannte die Pl\u00e4ne verantwortungslos. Vorsitzender Michael Vassiliadis kritisierte, dass ein tarifliches Vorzeigeprojekt beendet werde, das seit 2005 Tausende Arbeitspl\u00e4tze in Berlin gesichert habe.<\/p>\n<p class=\"article_paragraph__hXYKJ\">BASF k\u00e4mpft seit l\u00e4ngerem mit Nachfrageschw\u00e4che und gesunkenen Preisen. Im Stammwerk Ludwigshafen wurden bereits Anlagen stillgelegt und mehrere Sparprogramme gestartet.<\/p>\n","protected":false},"excerpt":{"rendered":"Der Chemiekonzern BASF will wesentliche Teile seiner internen Dienstleistungen k\u00fcnftig in Indien b\u00fcndeln. Wie das Unternehmen mitteilte, sollen&hellip;\n","protected":false},"author":2,"featured_media":789914,"comment_status":"","ping_status":"","sticky":false,"template":"","format":"standard","meta":{"footnotes":"","_share_on_mastodon":"0"},"categories":[1825],"tags":[1941,1939,296,1937,29,30,1940,1938],"class_list":["post-789913","post","type-post","status-publish","format-standard","has-post-thumbnail","category-berlin","tag-aktuelle-nachrichten-aus-berlin","tag-aktuelle-news-aus-berlin","tag-berlin","tag-berlin-news","tag-deutschland","tag-germany","tag-nachrichten-aus-berlin","tag-news-aus-berlin"],"share_on_mastodon":{"url":"https:\/\/pubeurope.com\/@de\/116053593603146323","error":""},"_links":{"self":[{"href":"https:\/\/www.europesays.com\/de\/wp-json\/wp\/v2\/posts\/789913","targetHints":{"allow":["GET"]}}],"collection":[{"href":"https:\/\/www.europesays.com\/de\/wp-json\/wp\/v2\/posts"}],"about":[{"href":"https:\/\/www.europesays.com\/de\/wp-json\/wp\/v2\/types\/post"}],"author":[{"embeddable":true,"href":"https:\/\/www.europesays.com\/de\/wp-json\/wp\/v2\/users\/2"}],"replies":[{"embeddable":true,"href":"https:\/\/www.europesays.com\/de\/wp-json\/wp\/v2\/comments?post=789913"}],"version-history":[{"count":0,"href":"https:\/\/www.europesays.com\/de\/wp-json\/wp\/v2\/posts\/789913\/revisions"}],"wp:featuredmedia":[{"embeddable":true,"href":"https:\/\/www.europesays.com\/de\/wp-json\/wp\/v2\/media\/789914"}],"wp:attachment":[{"href":"https:\/\/www.europesays.com\/de\/wp-json\/wp\/v2\/media?parent=789913"}],"wp:term":[{"taxonomy":"category","embeddable":true,"href":"https:\/\/www.europesays.com\/de\/wp-json\/wp\/v2\/categories?post=789913"},{"taxonomy":"post_tag","embeddable":true,"href":"https:\/\/www.europesays.com\/de\/wp-json\/wp\/v2\/tags?post=789913"}],"curies":[{"name":"wp","href":"https:\/\/api.w.org\/{rel}","templated":true}]}}