{"id":789915,"date":"2026-02-11T19:14:11","date_gmt":"2026-02-11T19:14:11","guid":{"rendered":"https:\/\/www.europesays.com\/de\/789915\/"},"modified":"2026-02-11T19:14:11","modified_gmt":"2026-02-11T19:14:11","slug":"basf-verlagert-stellen-von-berlin-nach-indien-3","status":"publish","type":"post","link":"https:\/\/www.europesays.com\/de\/789915\/","title":{"rendered":"BASF verlagert Stellen von Berlin nach Indien"},"content":{"rendered":"<p>Weltweit besch\u00e4ftigt BASF rund 112.000 Mitarbeiterinnen und Mitarbeiter; im Bereich &#8222;Global Business Services&#8220; sind es rund 8.500. Bereits Ende Januar hatte BASF angek\u00fcndigt, im indischen Hyderabad einen &#8222;globalen Digital Hub&#8220; zu er\u00f6ffnen, um &#8222;Kompetenzen an einem kosteng\u00fcnstigen Standort&#8220; zusammenzuf\u00fchren.<\/p>\n<p>Berlins Regierender B\u00fcrgermeister Kai Wegner (CDU) kritisierte am Mittwoch, dass BASF angek\u00fcndigt habe, &#8222;wesentliche Teile ihrer Aktivit\u00e4ten aus Berlin und damit aus Deutschland nach Indien zu verlagern und viele gute Arbeitspl\u00e4tze am Standort abzubauen&#8220;. Dies nehme er mit &#8222;gro\u00dfer Sorge zur Kenntnis&#8220;.<\/p>\n<p>&#8222;Berlin hat sich \u00fcber Jahrzehnte hinweg als verl\u00e4sslicher, innovationsfreundlicher und stabiler Wirtschaftsstandort f\u00fcr die BASF erwiesen&#8220;, teilte Wegner mit. Vor diesem Hintergrund erwarte er von den Unternehmen &#8222;eine transparente und nachvollziehbare Darstellung der weiteren Planungen f\u00fcr den Standort Berlin&#8220;.<\/p>\n","protected":false},"excerpt":{"rendered":"Weltweit besch\u00e4ftigt BASF rund 112.000 Mitarbeiterinnen und Mitarbeiter; im Bereich &#8222;Global Business Services&#8220; sind es rund 8.500. Bereits&hellip;\n","protected":false},"author":2,"featured_media":789916,"comment_status":"","ping_status":"","sticky":false,"template":"","format":"standard","meta":{"footnotes":"","_share_on_mastodon":"0"},"categories":[1825],"tags":[296,29,30,134296],"class_list":["post-789915","post","type-post","status-publish","format-standard","has-post-thumbnail","category-berlin","tag-berlin","tag-deutschland","tag-germany","tag-rbb24tagesschau"],"share_on_mastodon":{"url":"https:\/\/pubeurope.com\/@de\/116053597481290034","error":""},"_links":{"self":[{"href":"https:\/\/www.europesays.com\/de\/wp-json\/wp\/v2\/posts\/789915","targetHints":{"allow":["GET"]}}],"collection":[{"href":"https:\/\/www.europesays.com\/de\/wp-json\/wp\/v2\/posts"}],"about":[{"href":"https:\/\/www.europesays.com\/de\/wp-json\/wp\/v2\/types\/post"}],"author":[{"embeddable":true,"href":"https:\/\/www.europesays.com\/de\/wp-json\/wp\/v2\/users\/2"}],"replies":[{"embeddable":true,"href":"https:\/\/www.europesays.com\/de\/wp-json\/wp\/v2\/comments?post=789915"}],"version-history":[{"count":0,"href":"https:\/\/www.europesays.com\/de\/wp-json\/wp\/v2\/posts\/789915\/revisions"}],"wp:featuredmedia":[{"embeddable":true,"href":"https:\/\/www.europesays.com\/de\/wp-json\/wp\/v2\/media\/789916"}],"wp:attachment":[{"href":"https:\/\/www.europesays.com\/de\/wp-json\/wp\/v2\/media?parent=789915"}],"wp:term":[{"taxonomy":"category","embeddable":true,"href":"https:\/\/www.europesays.com\/de\/wp-json\/wp\/v2\/categories?post=789915"},{"taxonomy":"post_tag","embeddable":true,"href":"https:\/\/www.europesays.com\/de\/wp-json\/wp\/v2\/tags?post=789915"}],"curies":[{"name":"wp","href":"https:\/\/api.w.org\/{rel}","templated":true}]}}