{"id":789919,"date":"2026-02-11T19:16:11","date_gmt":"2026-02-11T19:16:11","guid":{"rendered":"https:\/\/www.europesays.com\/de\/789919\/"},"modified":"2026-02-11T19:16:11","modified_gmt":"2026-02-11T19:16:11","slug":"ioc-verteidigt-verkauf-von-shirts-zu-olympia-1936-in-berlin","status":"publish","type":"post","link":"https:\/\/www.europesays.com\/de\/789919\/","title":{"rendered":"IOC verteidigt Verkauf von Shirts zu Olympia 1936 in Berlin"},"content":{"rendered":"<p class=\"tspCCnp tspCCnq\">Das Internationale Olympische Komitee verteidigt den Verkauf eines T-Shirts mit einem Motiv zu den Olympischen Spielen von 1936 in Berlin gegen Kritik. Im Onlineshop wird das Shirt im Rahmen der sogenannten \u201eHeritage Collection\u201c mit Artikeln, die Plakate fr\u00fcherer Olympischer Spiele zeigen, angeboten und ist derzeit ausverkauft. Auf dem Shirt ist unter den olympischen Ringen eine m\u00e4nnliche Figur mit Lorbeerkranz \u00fcber der Quadriga des Brandenburger Tors sowie unter anderem der Aufdruck \u201eGermany Berlin 1936 Olympic Games\u201c zu sehen.<\/p>\n<p> Gr\u00fcnen-Politiker fordert Stopp von Verkauf <\/p>\n<p class=\"tspCCnp\">Klara Schedlich, Sprecherin f\u00fcr Sportpolitik der Gr\u00fcnen-Fraktion im Berliner Abgeordnetenhaus, wirft dem IOC vor, \u201edass es seine eigene Geschichte offenbar nicht ausreichend reflektiert\u201c. Sie forderte, den Verkauf zu stoppen. \u201eDie Olympischen Spiele 1936 waren ein zentrales Propagandainstrument des NS-Regimes. Das T-Shirt erweckt optisch den Eindruck, an diese \u00c4sthetik anzukn\u00fcpfen.\u201c Ohne kritische Einordnung sei \u201ediese Bildwahl problematisch und f\u00fcr ein T-Shirt ungeeignet.\u201c<\/p>\n<p class=\"tspCCnp\">Das IOC betonte, dass man \u201eselbstverst\u00e4ndlich die historische Problematik der &#8222;NS-Propaganda&#8220; im Zusammenhang mit den Olympischen Spielen 1936 in Berlin\u201c anerkenne. \u201eGleichzeitig d\u00fcrfen wir nicht vergessen, dass in Berlin 4.483 Athleten aus 49 L\u00e4ndern in 149 Wettbewerben um Medaillen k\u00e4mpften.\u201c Der historische Zusammenhang dieser Spiele werde weiter im olympischen Museum in Lausanne erkl\u00e4rt. Die Anzahl der vom IOC produzierten T-Shirts zur Ausgabe von 1936 sei limitiert, \u201eweshalb sie derzeit ausverkauft sind\u201c.<\/p>\n<p class=\"tspCCnp\">\u00a9 dpa-infocom, dpa:260211-930-674518\/1<\/p>\n<p class=\"tspCCnp\">Das ist eine Nachricht direkt aus dem dpa-Newskanal.<\/p>\n","protected":false},"excerpt":{"rendered":"Das Internationale Olympische Komitee verteidigt den Verkauf eines T-Shirts mit einem Motiv zu den Olympischen Spielen von 1936&hellip;\n","protected":false},"author":2,"featured_media":789920,"comment_status":"","ping_status":"","sticky":false,"template":"","format":"standard","meta":{"footnotes":"","_share_on_mastodon":"0"},"categories":[1825],"tags":[296,29,30],"class_list":["post-789919","post","type-post","status-publish","format-standard","has-post-thumbnail","category-berlin","tag-berlin","tag-deutschland","tag-germany"],"share_on_mastodon":{"url":"https:\/\/pubeurope.com\/@de\/116053605446641513","error":""},"_links":{"self":[{"href":"https:\/\/www.europesays.com\/de\/wp-json\/wp\/v2\/posts\/789919","targetHints":{"allow":["GET"]}}],"collection":[{"href":"https:\/\/www.europesays.com\/de\/wp-json\/wp\/v2\/posts"}],"about":[{"href":"https:\/\/www.europesays.com\/de\/wp-json\/wp\/v2\/types\/post"}],"author":[{"embeddable":true,"href":"https:\/\/www.europesays.com\/de\/wp-json\/wp\/v2\/users\/2"}],"replies":[{"embeddable":true,"href":"https:\/\/www.europesays.com\/de\/wp-json\/wp\/v2\/comments?post=789919"}],"version-history":[{"count":0,"href":"https:\/\/www.europesays.com\/de\/wp-json\/wp\/v2\/posts\/789919\/revisions"}],"wp:featuredmedia":[{"embeddable":true,"href":"https:\/\/www.europesays.com\/de\/wp-json\/wp\/v2\/media\/789920"}],"wp:attachment":[{"href":"https:\/\/www.europesays.com\/de\/wp-json\/wp\/v2\/media?parent=789919"}],"wp:term":[{"taxonomy":"category","embeddable":true,"href":"https:\/\/www.europesays.com\/de\/wp-json\/wp\/v2\/categories?post=789919"},{"taxonomy":"post_tag","embeddable":true,"href":"https:\/\/www.europesays.com\/de\/wp-json\/wp\/v2\/tags?post=789919"}],"curies":[{"name":"wp","href":"https:\/\/api.w.org\/{rel}","templated":true}]}}