{"id":790087,"date":"2026-02-11T20:50:21","date_gmt":"2026-02-11T20:50:21","guid":{"rendered":"https:\/\/www.europesays.com\/de\/790087\/"},"modified":"2026-02-11T20:50:21","modified_gmt":"2026-02-11T20:50:21","slug":"fahrerlaubnis-bundesverkehrsministerium-will-fahrschulausbildung-vereinfachen","status":"publish","type":"post","link":"https:\/\/www.europesays.com\/de\/790087\/","title":{"rendered":"Fahrerlaubnis: Bundesverkehrsministerium will Fahrschulausbildung vereinfachen"},"content":{"rendered":"<p class=\"paragraph article__item\">Eine Arbeitsgruppe des Bundesverkehrsministeriums hat weitreichende Reformvorschl\u00e4ge f\u00fcr die <a href=\"https:\/\/www.zeit.de\/thema\/fuehrerschein\" class=\"\" target=\"_blank\" rel=\"nofollow noopener\">Fahrschulausbildung<\/a> vorgelegt. Im Zentrum steht der Abbau von B\u00fcrokratie und Vorgaben. K\u00fcnftig sollten Fahrschulen selbst entscheiden d\u00fcrfen, ob sie den Theorieunterricht in Pr\u00e4senz oder digital anbieten, hei\u00dft es in dem Entwurf, der der ZEIT vorliegt.\u00a0\n<\/p>\n<p class=\"paragraph article__item\">Der Fragenkatalog f\u00fcr die theoretische Pr\u00fcfung der Klasse B soll demnach um knapp 30 Prozent reduziert werden, von bisher 1.169 auf rund 840 Fragen. Zudem entfallen zahlreiche Dokumentationspflichten wie der Ausbildungsnachweis und die formale Feststellung der Pr\u00fcfungsreife.\n<\/p>\n<p class=\"paragraph article__item\">Auch bei der praktischen Ausbildung sind dem Entwurf zufolge zahlreiche \u00c4nderungen geplant. So wird die Zahl der verpflichtenden Sonderfahrten deutlich gek\u00fcrzt: F\u00fcr die Klassen bis 7,5 Tonnen, darunter der klassische Pkw-F\u00fchrerschein, ist k\u00fcnftig nur noch je eine Unterrichtseinheit f\u00fcr \u00dcberland-, Autobahn- und Nachtfahrt vorgeschrieben. Die Pr\u00fcfungszeit orientiert sich am EU-Minimum von 25 Minuten Fahrzeit. Fahrsimulatoren d\u00fcrfen k\u00fcnftig bei allen Klassen eingesetzt werden.\n<\/p>\n<p>        Experimentierklausel nach \u00f6sterreichischem Vorbild        <\/p>\n<p class=\"paragraph article__item\">Nach \u00f6sterreichischem Vorbild sollen Fahranf\u00e4nger einen Teil ihrer Ausbildung mit Angeh\u00f6rigen oder anderen nahestehenden Personen absolvieren k\u00f6nnen. Voraussetzung f\u00fcr die sogenannte Experimentierklausel sind eine bestandene Theoriepr\u00fcfung und sechs Pflichtstunden in der Fahrschule. Anschlie\u00dfend m\u00fcssen die Bewerber 1.000 Kilometer unter Aufsicht eines &#8222;Laienausbilders&#8220; zur\u00fccklegen. Dieser muss den F\u00fchrerschein seit mindestens sieben Jahren besitzen und darf h\u00f6chstens einen Punkt in Flensburg haben. W\u00e4hrend der \u00dcbungsfahrten soll f\u00fcr beide eine strikte Alkoholgrenze von 0,1 Promille gelten. Die Regelung ist zun\u00e4chst auf f\u00fcnf Jahre befristet und wird wissenschaftlich evaluiert.\n<\/p>\n<p class=\"paragraph article__item\">Im vergangenen Jahr war <a href=\"https:\/\/www.zeit.de\/mobilitaet\/2026-02\/fuehrerschein-pruefung-durchfallquoten-tuev\" class=\"\" target=\"_blank\" rel=\"nofollow noopener\">erneut eine gro\u00dfe Zahl an Fahrsch\u00fclerinnen und Fahrsch\u00fclern durch die Pr\u00fcfung gefallen<\/a>.<br \/>\n Zahlen aus dem aktuellen Datenreport des T\u00dcV-Verbands zeigen, dass 44<br \/>\nProzent an der Theoriepr\u00fcfung und 37 Prozent an der praktischen Pr\u00fcfung<br \/>\nscheiterten.\u00a0\n<\/p>\n<p>        Auskunftspflicht \u00fcber Durchschnittskosten entf\u00e4llt        <\/p>\n<p class=\"paragraph article__item\">&#8222;Der F\u00fchrerschein ist in Deutschland einfach zu teuer&#8220;, sagte\u00a0Bundesverkehrsminister Patrick\u00a0Schnieder. So will Schnieder mehr Preistransparenz schaffen: Fahrschulen sollen Preise online verf\u00fcgbar machen. Die Daten sollen dann Vergleichsportale aufbereiten k\u00f6nnen. Kein Vorschlag gehe zulasten der Verkehrssicherheit, sagte Schnieder. &#8222;Das ist und bleibt die rote Linie.&#8220;\n<\/p>\n<p class=\"paragraph article__item\">Die durchschnittlichen Gesamtkosten oder Anzahl der Fahrstunden m\u00fcssen nicht mehr gemeldet werden. Zus\u00e4tzlich sollen die Technischen Pr\u00fcfstellen Erfolgsquoten der praktischen Pr\u00fcfungen je Fahrschule ver\u00f6ffentlichen.\u00a0\n<\/p>\n<p class=\"paragraph article__item\">Die Reform betrifft auch die Fahrlehrerausbildung. Theoretische Inhalte d\u00fcrfen weitgehend digital vermittelt werden, die Vorgaben f\u00fcr Fort- und Weiterbildungen werden flexibler. Fahrlehrerinnen und Fahrlehrer m\u00fcssen sich k\u00fcnftig an mindestens drei Tagen innerhalb von vier Jahren fortbilden. Die regelm\u00e4\u00dfige beh\u00f6rdliche \u00dcberwachung von Fahrschulen soll dagegen entfallen; Kontrollen erfolgen k\u00fcnftig nur noch anlassbezogen. Mit der \u00d6ffnung der Qualifikationsanforderungen f\u00fcr Fahrpr\u00fcfer hofft das Ministerium zudem, die Wartezeiten auf Pr\u00fcfungstermine zu verk\u00fcrzen.\n<\/p>\n<p>        Zahl der Anmeldungen bricht ein        <\/p>\n<p class=\"paragraph article__item\">Laut Ministerium liegen die Kosten f\u00fcr einen Pkw-F\u00fchrerschein im Durchschnitt bei rund 3.400 Euro. Schnieder bekr\u00e4ftigte, es gebe nicht sofort ein neues &#8222;Preisschild&#8220; f\u00fcr den F\u00fchrerschein. Der Minister hofft auf eine Einigung auf ein Reformpaket bei der Verkehrsministerkonferenz mit den L\u00e4ndern Ende M\u00e4rz, danach k\u00f6nnten rechtliche \u00c4nderungen auf den Weg gebracht werden.\n<\/p>\n<p class=\"paragraph article__item\">Seit den Ank\u00fcndigungen Schnieders, dass der F\u00fchrerschein g\u00fcnstiger werden soll, ist laut Fahrlehrerverb\u00e4nden in vielen Fahrschulen die Zahl der Anmeldungen eingebrochen. Der Grund: viele potenziell neue Fahrsch\u00fcler warten ab, bis der F\u00fchrerschein g\u00fcnstiger wird.\n<\/p>\n<p>Mehr zum Thema<\/p>\n<p>                <a href=\"https:\/\/www.zeit.de\/kultur\/2026-02\/fuehrerschein-kosten-preis-junge-menschen-staat\" data-ct-label=\"F\u00fchrerschein-Kosten: Warum im F\u00fchrerschein so viel Gegenwartskrise steckt\" data-uuid=\"af3f0e4e-d0c8-472d-bc4a-eb42890e562a\" rel=\"nofollow noopener\" target=\"_blank\"><\/p>\n<p>        Z+ (abopflichtiger Inhalt);<\/p>\n<p>    F\u00fchrerschein-Kosten:<br \/>\n                        Warum im F\u00fchrerschein so viel Gegenwartskrise steckt<\/p>\n<p>                <\/a><\/p>\n<p>                <a href=\"https:\/\/www.zeit.de\/mobilitaet\/2026-01\/fuehrerschein-junge-menschen-kosten-arbeitsmarkt-unternehmen\" data-ct-label=\"F\u00fchrerschein: Wenn der Chef die Fahrstunden bezahlt\" data-uuid=\"c45a9b98-b520-4688-a9fd-29afcbfc4ba7\" rel=\"nofollow noopener\" target=\"_blank\"><\/p>\n<p>        Z+ (abopflichtiger Inhalt);<\/p>\n<p>    F\u00fchrerschein:<br \/>\n                        Wenn der Chef die Fahrstunden bezahlt<\/p>\n<p>                <\/a><\/p>\n<p>                <a href=\"https:\/\/www.zeit.de\/2025\/50\/mein-fuehrerschein-ist-mir-wichtiger-als-mein-deutscher-pass\" data-ct-label=\"Kida Ramadan: &quot;Mein F\u00fchrerschein ist mir wichtiger als mein deutscher Pass&quot;\" data-uuid=\"1843d315-1580-4d28-9ab2-c45f21e8028f\" rel=\"nofollow noopener\" target=\"_blank\"><\/p>\n<p>        Z+ (abopflichtiger Inhalt);<\/p>\n<p>    Kida Ramadan:<br \/>\n                        &#8222;Mein F\u00fchrerschein ist mir wichtiger als mein deutscher Pass&#8220;<\/p>\n<p>                <\/a><\/p>\n","protected":false},"excerpt":{"rendered":"Eine Arbeitsgruppe des Bundesverkehrsministeriums hat weitreichende Reformvorschl\u00e4ge f\u00fcr die Fahrschulausbildung vorgelegt. Im Zentrum steht der Abbau von B\u00fcrokratie&hellip;\n","protected":false},"author":2,"featured_media":790088,"comment_status":"","ping_status":"","sticky":false,"template":"","format":"standard","meta":{"footnotes":"","_share_on_mastodon":"0"},"categories":[2],"tags":[6175,29,23826,2641,35,30,13,1466,14,15,24341,12,10,8,9,11,601,6773],"class_list":["post-790087","post","type-post","status-publish","format-standard","has-post-thumbnail","category-deutschland","tag-autofahrer","tag-deutschland","tag-fahrerlaubnis","tag-fahrschule","tag-fuehrerschein","tag-germany","tag-headlines","tag-mobilitaet","tag-nachrichten","tag-news","tag-reform","tag-schlagzeilen","tag-top-news","tag-top-meldungen","tag-topmeldungen","tag-topnews","tag-verkehr","tag-verkehrsministerium"],"share_on_mastodon":{"url":"https:\/\/pubeurope.com\/@de\/116053974913482616","error":""},"_links":{"self":[{"href":"https:\/\/www.europesays.com\/de\/wp-json\/wp\/v2\/posts\/790087","targetHints":{"allow":["GET"]}}],"collection":[{"href":"https:\/\/www.europesays.com\/de\/wp-json\/wp\/v2\/posts"}],"about":[{"href":"https:\/\/www.europesays.com\/de\/wp-json\/wp\/v2\/types\/post"}],"author":[{"embeddable":true,"href":"https:\/\/www.europesays.com\/de\/wp-json\/wp\/v2\/users\/2"}],"replies":[{"embeddable":true,"href":"https:\/\/www.europesays.com\/de\/wp-json\/wp\/v2\/comments?post=790087"}],"version-history":[{"count":0,"href":"https:\/\/www.europesays.com\/de\/wp-json\/wp\/v2\/posts\/790087\/revisions"}],"wp:featuredmedia":[{"embeddable":true,"href":"https:\/\/www.europesays.com\/de\/wp-json\/wp\/v2\/media\/790088"}],"wp:attachment":[{"href":"https:\/\/www.europesays.com\/de\/wp-json\/wp\/v2\/media?parent=790087"}],"wp:term":[{"taxonomy":"category","embeddable":true,"href":"https:\/\/www.europesays.com\/de\/wp-json\/wp\/v2\/categories?post=790087"},{"taxonomy":"post_tag","embeddable":true,"href":"https:\/\/www.europesays.com\/de\/wp-json\/wp\/v2\/tags?post=790087"}],"curies":[{"name":"wp","href":"https:\/\/api.w.org\/{rel}","templated":true}]}}