{"id":79016,"date":"2025-05-02T17:16:11","date_gmt":"2025-05-02T17:16:11","guid":{"rendered":"https:\/\/www.europesays.com\/de\/79016\/"},"modified":"2025-05-02T17:16:11","modified_gmt":"2025-05-02T17:16:11","slug":"stuttgart-auto-faehrt-in-personengruppe","status":"publish","type":"post","link":"https:\/\/www.europesays.com\/de\/79016\/","title":{"rendered":"Stuttgart: Auto f\u00e4hrt in Personengruppe"},"content":{"rendered":"<p>Stuttgart (dpa) &#8211; In der Stuttgarter Innenstadt ist nach Polizeiangaben ein Auto in eine Personengruppe gefahren. Wie die Stuttgarter Feuerwehr auf der Plattform X schrieb, gab es mehrere Verletzte, darunter auch Schwerverletzte. Der Fahrer sei festgenommen worden, sagte eine Polizeisprecherin.<\/p>\n<p>W\u00e4hrend die Feuerwehr bei X von einem \u00abUnfall\u00bb sprach, wollte sich die Polizei noch nicht dazu \u00e4u\u00dfern, wie es zu dem Vorfall kam. \u00abWir k\u00f6nnen gerade nichts ausschlie\u00dfen.\u00bb<\/p>\n<p>Der Vorfall ereignete sich an der oberirdischen U-Bahn-Haltestelle Olgaeck. Feuerwehr, Rettungskr\u00e4fte und Polizei befanden sich in dem weitr\u00e4umig abgesperrten Bereich. Zeugen w\u00fcrden verh\u00f6rt, sagte die Polizeisprecherin. Unfallspezialisten schauen sich demnach den Ort genau an.<\/p>\n<p>Laut der Polizeisprecherin fahren auch die Bahnen nicht mehr. Die Haltestelle liegt mittig, auf dieser Seite f\u00fchrt die Stra\u00dfe stadtausw\u00e4rts, auf der anderen Seite stadteinw\u00e4rts.<\/p>\n<p>Auf dem Boden in dem abgesperrten Bereich unmittelbar vor dem dunklen Fahrzeug &#8211; laut Polizei eine Mercedes-G-Klasse &#8211; lagen Decken unter anderem Plastikhandschuhe, und mehrere Plastikt\u00fcten. Die Mercedes-G-Klasse ist eine Art Gel\u00e4ndewagen.<\/p>\n","protected":false},"excerpt":{"rendered":"Stuttgart (dpa) &#8211; In der Stuttgarter Innenstadt ist nach Polizeiangaben ein Auto in eine Personengruppe gefahren. Wie die&hellip;\n","protected":false},"author":2,"featured_media":79017,"comment_status":"","ping_status":"","sticky":false,"template":"","format":"standard","meta":{"footnotes":""},"categories":[1840],"tags":[6925,3364,29,30,1209,4338,4418],"class_list":{"0":"post-79016","1":"post","2":"type-post","3":"status-publish","4":"format-standard","5":"has-post-thumbnail","7":"category-wuppertal","8":"tag-baden-wrttemberg","9":"tag-de","10":"tag-deutschland","11":"tag-germany","12":"tag-nordrhein-westfalen","13":"tag-notfall","14":"tag-wuppertal"},"share_on_mastodon":{"url":"https:\/\/pubeurope.com\/@de\/114439375077080841","error":""},"_links":{"self":[{"href":"https:\/\/www.europesays.com\/de\/wp-json\/wp\/v2\/posts\/79016","targetHints":{"allow":["GET"]}}],"collection":[{"href":"https:\/\/www.europesays.com\/de\/wp-json\/wp\/v2\/posts"}],"about":[{"href":"https:\/\/www.europesays.com\/de\/wp-json\/wp\/v2\/types\/post"}],"author":[{"embeddable":true,"href":"https:\/\/www.europesays.com\/de\/wp-json\/wp\/v2\/users\/2"}],"replies":[{"embeddable":true,"href":"https:\/\/www.europesays.com\/de\/wp-json\/wp\/v2\/comments?post=79016"}],"version-history":[{"count":0,"href":"https:\/\/www.europesays.com\/de\/wp-json\/wp\/v2\/posts\/79016\/revisions"}],"wp:featuredmedia":[{"embeddable":true,"href":"https:\/\/www.europesays.com\/de\/wp-json\/wp\/v2\/media\/79017"}],"wp:attachment":[{"href":"https:\/\/www.europesays.com\/de\/wp-json\/wp\/v2\/media?parent=79016"}],"wp:term":[{"taxonomy":"category","embeddable":true,"href":"https:\/\/www.europesays.com\/de\/wp-json\/wp\/v2\/categories?post=79016"},{"taxonomy":"post_tag","embeddable":true,"href":"https:\/\/www.europesays.com\/de\/wp-json\/wp\/v2\/tags?post=79016"}],"curies":[{"name":"wp","href":"https:\/\/api.w.org\/{rel}","templated":true}]}}