{"id":790238,"date":"2026-02-11T22:11:15","date_gmt":"2026-02-11T22:11:15","guid":{"rendered":"https:\/\/www.europesays.com\/de\/790238\/"},"modified":"2026-02-11T22:11:15","modified_gmt":"2026-02-11T22:11:15","slug":"tesla-wirft-ig-metall-heimlichen-mitschnitt-einer-sitzung-vor","status":"publish","type":"post","link":"https:\/\/www.europesays.com\/de\/790238\/","title":{"rendered":"Tesla wirft IG Metall heimlichen Mitschnitt einer Sitzung vor"},"content":{"rendered":"<p>Tesla-Werksleiter Andr\u00e9 Thierig sagte dem rbb am Mittwoch: &#8222;Was da gestern passiert ist, wenn es sich im Rahmen der Ermittlungen als wahrheitsgem\u00e4\u00df herausstellen sollte, ist ein Skandal. Der Betriebsrat und die Betriebsratssitzung sind ein sehr, sehr gesch\u00fctzter Raum und das zu Recht und der unerlaubte Mitschnitt ist nat\u00fcrlich total verboten.&#8220;<\/p>\n<p>Was das f\u00fcr einen Einfluss auf die Wahl hat, sei schwer vorherzusagen, so Thierig. Man habe die Belegschaft am Dienstag \u00fcber den Vorfall in einer E-Mail informiert.<\/p>\n<p>Der Bezirksleiter der IG Metall Berlin-Brandenburg-Sachsen, Jan Otto, sieht die Sachlage anders: &#8222;F\u00fcr uns ist hier eine klare Grenz\u00fcberschreitung passiert. Das wirkt wie ein vorbereitetes Theaterst\u00fcck.&#8220; Es seien keine Aufnahmen erfolgt: &#8222;Die IG Metall ist die gr\u00f6\u00dfte Gewerkschaft dieses Landes. Ziemlich traditionsreich, ziemlich erfahren. Sie glauben doch nicht im Ernst, dass unsere Besch\u00e4ftigten so doof sind.&#8220;<\/p>\n<p>Otto hofft, dass es schnell zu einer Aufkl\u00e4rung und einem Abschluss der Ermittlungen kommt, &#8222;weil dann k\u00f6nnen wir dar\u00fcber sprechen, wer hier Behauptungen in die Welt stellt und wer am Ende hier auch dreist l\u00fcgt, um offensichtlich eine Betriebsratswahl zu beeinflussen&#8220;.<\/p>\n<p>\u00a0<\/p>\n","protected":false},"excerpt":{"rendered":"Tesla-Werksleiter Andr\u00e9 Thierig sagte dem rbb am Mittwoch: &#8222;Was da gestern passiert ist, wenn es sich im Rahmen&hellip;\n","protected":false},"author":2,"featured_media":790239,"comment_status":"","ping_status":"","sticky":false,"template":"","format":"standard","meta":{"footnotes":"","_share_on_mastodon":"0"},"categories":[5],"tags":[1890,13,14,15,122047,143522,12,7728,10,8,9,11],"class_list":["post-790238","post","type-post","status-publish","format-standard","has-post-thumbnail","category-nachrichten","tag-brandenburg","tag-headlines","tag-nachrichten","tag-news","tag-oder-spree","tag-rbb24tesla","tag-schlagzeilen","tag-tagesschau","tag-top-news","tag-top-meldungen","tag-topmeldungen","tag-topnews"],"share_on_mastodon":{"url":"https:\/\/pubeurope.com\/@de\/116054293486895236","error":""},"_links":{"self":[{"href":"https:\/\/www.europesays.com\/de\/wp-json\/wp\/v2\/posts\/790238","targetHints":{"allow":["GET"]}}],"collection":[{"href":"https:\/\/www.europesays.com\/de\/wp-json\/wp\/v2\/posts"}],"about":[{"href":"https:\/\/www.europesays.com\/de\/wp-json\/wp\/v2\/types\/post"}],"author":[{"embeddable":true,"href":"https:\/\/www.europesays.com\/de\/wp-json\/wp\/v2\/users\/2"}],"replies":[{"embeddable":true,"href":"https:\/\/www.europesays.com\/de\/wp-json\/wp\/v2\/comments?post=790238"}],"version-history":[{"count":0,"href":"https:\/\/www.europesays.com\/de\/wp-json\/wp\/v2\/posts\/790238\/revisions"}],"wp:featuredmedia":[{"embeddable":true,"href":"https:\/\/www.europesays.com\/de\/wp-json\/wp\/v2\/media\/790239"}],"wp:attachment":[{"href":"https:\/\/www.europesays.com\/de\/wp-json\/wp\/v2\/media?parent=790238"}],"wp:term":[{"taxonomy":"category","embeddable":true,"href":"https:\/\/www.europesays.com\/de\/wp-json\/wp\/v2\/categories?post=790238"},{"taxonomy":"post_tag","embeddable":true,"href":"https:\/\/www.europesays.com\/de\/wp-json\/wp\/v2\/tags?post=790238"}],"curies":[{"name":"wp","href":"https:\/\/api.w.org\/{rel}","templated":true}]}}