{"id":790267,"date":"2026-02-11T22:26:34","date_gmt":"2026-02-11T22:26:34","guid":{"rendered":"https:\/\/www.europesays.com\/de\/790267\/"},"modified":"2026-02-11T22:26:34","modified_gmt":"2026-02-11T22:26:34","slug":"tankstellenraub-an-der-bielefelder-strasse","status":"publish","type":"post","link":"https:\/\/www.europesays.com\/de\/790267\/","title":{"rendered":"Tankstellenraub an der Bielefelder Stra\u00dfe"},"content":{"rendered":"<p id=\"absatz1\" class=\"em_text\">G\u00fctersloh (ots) &#8211; <br \/>Rheda-Wiedenbr\u00fcck (FK) &#8211; Ein bislang unbekannter Mann betrat Dienstagabend (10.02., 20.55 Uhr) den Verkaufsraum einer Tankstelle an der Bielefelder Stra\u00dfe.<\/p>\n<p id=\"absatz2\" class=\"em_text\">Der Mann forderte unter Vorhalt einer Pistole Geld. Mit einer geringe Summe Bargeld fl\u00fcchtete er.<br \/>Er trug eine helle Jacke und eine Sturmhaube.<\/p>\n<p id=\"absatz3\" class=\"em_text\">Die Polizei hat ein Ermittlungsverfahren eingeleitet und pr\u00fcft Zusammenh\u00e4nge zu einer vergleichbaren Tat Ende Januar an der Bielefelder Stra\u00dfe.<br \/><a href=\"https:\/\/www.presseportal.de\/blaulicht\/pm\/23127\/6203979\" target=\"_blank\" rel=\"nofollow noopener\">https:\/\/www.presseportal.de\/blaulicht\/pm\/23127\/6203979<\/a><br \/>Hinweise und Angaben dazu nimmt die Polizei G\u00fctersloh unter der Rufnummer der Vermittlung 05241 869-0 entgegen.<\/p>\n<p id=\"absatz4\" class=\"em_text\">R\u00fcckfragen bitte an:<\/p>\n<p id=\"absatz5\" class=\"em_text\">Polizei G\u00fctersloh<br \/>Pressestelle Polizei G\u00fctersloh<br \/>Telefon: 05241 869-2271<br \/>E-Mail: <a href=\"https:\/\/www.nw.de\/lokal\/kreis_guetersloh\/thema\/polizeimeldungen_kreis_guetersloh\/mailto:pressestelle.guetersloh%40polizei.nrw.de\" rel=\"nofollow noopener\" target=\"_blank\">pressestelle.guetersloh@polizei.nrw.de<\/a><br \/>Internet: https:\/\/guetersloh.polizei.nrw\/<br \/>Twitter: <a href=\"https:\/\/twitter.com\/polizei_nrw_gt\" target=\"_blank\" rel=\"nofollow noopener\">https:\/\/twitter.com\/polizei_nrw_gt<\/a><br \/>Facebook: <a href=\"https:\/\/www.facebook.com\/polizei.nrw.gt\/\" target=\"_blank\" rel=\"nofollow noopener\">https:\/\/www.facebook.com\/polizei.nrw.gt\/<\/a><\/p>\n<p id=\"absatz7\" class=\"em_text\">Original-Content von: Polizei G\u00fctersloh, \u00fcbermittelt durch news aktuell<\/p>\n<p id=\"absatz8\" class=\"em_text\">Quelle: <a href=\"https:\/\/www.presseportal.de\/blaulicht\/pm\/23127\/6215099\" rel=\"nofollow noopener\" target=\"_blank\">https:\/\/www.presseportal.de\/blaulicht\/pm\/23127\/6215099<\/a> <\/p>\n<p>                                                    <script async src=\"https:\/\/platform.twitter.com\/widgets.js\" charset=\"utf-8\"><\/script><\/p>\n","protected":false},"excerpt":{"rendered":"G\u00fctersloh (ots) &#8211; Rheda-Wiedenbr\u00fcck (FK) &#8211; Ein bislang unbekannter Mann betrat Dienstagabend (10.02., 20.55 Uhr) den Verkaufsraum einer&hellip;\n","protected":false},"author":2,"featured_media":242398,"comment_status":"","ping_status":"","sticky":false,"template":"","format":"standard","meta":{"footnotes":"","_share_on_mastodon":"0"},"categories":[1841],"tags":[1605,28691,3364,29,10120,30,177,1209,176,121,55711,20035,10934,178293,59258],"class_list":["post-790267","post","type-post","status-publish","format-standard","has-post-thumbnail","category-bielefeld","tag-bielefeld","tag-bielefelder-strae","tag-de","tag-deutschland","tag-gtersloh","tag-germany","tag-kriminalitt","tag-nordrhein-westfalen","tag-nrw","tag-polizei","tag-rheda-wiedenbrck","tag-serie_polizeibericht","tag-tankstelle","tag-tankstellenraub","tag-verkaufsraum"],"share_on_mastodon":{"url":"https:\/\/pubeurope.com\/@de\/116054352428581846","error":""},"_links":{"self":[{"href":"https:\/\/www.europesays.com\/de\/wp-json\/wp\/v2\/posts\/790267","targetHints":{"allow":["GET"]}}],"collection":[{"href":"https:\/\/www.europesays.com\/de\/wp-json\/wp\/v2\/posts"}],"about":[{"href":"https:\/\/www.europesays.com\/de\/wp-json\/wp\/v2\/types\/post"}],"author":[{"embeddable":true,"href":"https:\/\/www.europesays.com\/de\/wp-json\/wp\/v2\/users\/2"}],"replies":[{"embeddable":true,"href":"https:\/\/www.europesays.com\/de\/wp-json\/wp\/v2\/comments?post=790267"}],"version-history":[{"count":0,"href":"https:\/\/www.europesays.com\/de\/wp-json\/wp\/v2\/posts\/790267\/revisions"}],"wp:featuredmedia":[{"embeddable":true,"href":"https:\/\/www.europesays.com\/de\/wp-json\/wp\/v2\/media\/242398"}],"wp:attachment":[{"href":"https:\/\/www.europesays.com\/de\/wp-json\/wp\/v2\/media?parent=790267"}],"wp:term":[{"taxonomy":"category","embeddable":true,"href":"https:\/\/www.europesays.com\/de\/wp-json\/wp\/v2\/categories?post=790267"},{"taxonomy":"post_tag","embeddable":true,"href":"https:\/\/www.europesays.com\/de\/wp-json\/wp\/v2\/tags?post=790267"}],"curies":[{"name":"wp","href":"https:\/\/api.w.org\/{rel}","templated":true}]}}