{"id":790699,"date":"2026-02-12T02:24:16","date_gmt":"2026-02-12T02:24:16","guid":{"rendered":"https:\/\/www.europesays.com\/de\/790699\/"},"modified":"2026-02-12T02:24:16","modified_gmt":"2026-02-12T02:24:16","slug":"oberbuergermeister-christian-specht-ist-neuer-verwaltungsratsvorsitzender-der-sparkasse-rhein-neckar-nord","status":"publish","type":"post","link":"https:\/\/www.europesays.com\/de\/790699\/","title":{"rendered":"Oberb\u00fcrgermeister Christian Specht ist neuer Verwaltungsratsvorsitzender der Sparkasse Rhein Neckar Nord"},"content":{"rendered":"<p><img loading=\"lazy\" decoding=\"async\" src=\"https:\/\/www.europesays.com\/de\/wp-content\/uploads\/2026\/02\/1-39.jpg\" alt=\"1\" width=\"1000\" height=\"667\" class=\"alignnone size-full wp-image-623833\"  \/>Mannheim \/ Metropolregion Rhein-Neckar. Vorsitzwechsel in Organen der Sparkasse Rhein Neckar Nord \u2013 Christian Specht ist neuer Verwaltungsratsvorsitzender<\/p>\n<p>Die Tr\u00e4gerversammlung der Sparkasse Rhein Neckar Nord hat den Mannheimer Oberb\u00fcrgermeister Christian Specht einstimmig zu ihrem neuen Vorsitzenden gew\u00e4hlt. Nach Sparkassengesetz Baden\u2011W\u00fcrttemberg \u00fcbernimmt Specht damit zugleich den Vorsitz im Verwaltungsrat des regionalen Kreditinstituts.<\/p>\n<p>\u201eEs ist eine gro\u00dfe Verantwortung in diesen herausfordernden Zeiten, den Vorsitz in diesen beiden wichtigen Gremien zu \u00fcbernehmen\u201c, so Specht. Die Sparkasse Rhein Neckar Nord \u201emuss ein verl\u00e4sslicher Partner f\u00fcr Kommunen, Mittelstand und die Menschen in der Region\u201c sein. Die Arbeit im Verwaltungsrat ist ihm dabei nicht unbekannt: Seit Mitte 2023 geh\u00f6rt er dem Gremium bereits als stellvertretender Vorsitzender an. Specht \u00fcbernimmt den Platz an der Spitze des Gremiums vom Weinheimer Oberb\u00fcrgermeister Manuel Just. Der Wechsel erfolgt turnusgem\u00e4\u00df entsprechend einer Vereinbarung zwischen den Tr\u00e4gerkommunen der Sparkasse.<\/p>\n<p>Sparkassen-Vorstandsvorsitzender Stefan Kleiber dankte Manuel Just f\u00fcr die \u201evertrauensvolle, engagierte und zielorientierte Zusammenarbeit\u201c der vergangenen Jahre und betonte die Fortsetzung der bew\u00e4hrten Gremienarbeit mit Christian Specht in neuer Funktion: \u201eMit Oberb\u00fcrgermeister Specht \u00fcbernimmt ein erfahrener Kommunalpolitiker den Vorsitz. Ich freue mich auf eine weiterhin vertrauensvolle Zusammenarbeit f\u00fcr das Wohl unserer Mitarbeitenden sowie unserer Kundinnen und Kunden.\u201c Der Verwaltungsrat bestimmt laut Sparkassengesetz f\u00fcr Baden-W\u00fcrttemberg die Richtlinien f\u00fcr die Gesch\u00e4fte der Sparkasse. Er erl\u00e4sst unter anderem die Gesch\u00e4ftsanweisung f\u00fcr den Vorstand und \u00fcberwacht dessen T\u00e4tigkeit.<\/p>\n<p>Bildunterschrift:<\/p>\n<p>Mannheims Oberb\u00fcrgermeister Christian Specht ist neuer Verwaltungsratsvorsitzender der Sparkasse Rhein Neckar Nord.<\/p>\n<p>Quelle  Sparkasse Rhein Neckar Nord <\/p>\n<p class=\"post-modified-info\">Zuletzt aktualisiert am 11. Februar 2026, 20:17<\/p>\n","protected":false},"excerpt":{"rendered":"Mannheim \/ Metropolregion Rhein-Neckar. Vorsitzwechsel in Organen der Sparkasse Rhein Neckar Nord \u2013 Christian Specht ist neuer Verwaltungsratsvorsitzender&hellip;\n","protected":false},"author":2,"featured_media":790700,"comment_status":"","ping_status":"","sticky":false,"template":"","format":"standard","meta":{"footnotes":"","_share_on_mastodon":"0"},"categories":[1845],"tags":[5587,1634,27721,3364,29,548,663,3934,68948,30,13,1236,17624,33034,2096,9834,25488,25489,66114,14,14480,15,3748,178369,5399,5206,28951,12,4787,178370,168698,37864,28306,1031,5421,2421],"class_list":["post-790699","post","type-post","status-publish","format-standard","has-post-thumbnail","category-mannheim","tag-baden","tag-baden-wuerttemberg","tag-christian-specht","tag-de","tag-deutschland","tag-eu","tag-europa","tag-europe","tag-funktion","tag-germany","tag-headlines","tag-kommunen","tag-kunden","tag-kundinnen","tag-mannheim","tag-menschen","tag-metropolregion","tag-metropolregion-rhein-neckar","tag-mitarbeitenden","tag-nachrichten","tag-neckar","tag-news","tag-oberbuergermeister","tag-oberbuergermeister-manuel-just","tag-region","tag-rhein","tag-rhein-neckar","tag-schlagzeilen","tag-sparkasse","tag-sparkasse-rhein-neckar-nord","tag-stellvertretender-vorsitzender","tag-vereinbarung","tag-vorsitzender","tag-vorstand","tag-wechsel","tag-zusammenarbeit"],"share_on_mastodon":{"url":"","error":"Validation failed: Text character limit of 500 exceeded"},"_links":{"self":[{"href":"https:\/\/www.europesays.com\/de\/wp-json\/wp\/v2\/posts\/790699","targetHints":{"allow":["GET"]}}],"collection":[{"href":"https:\/\/www.europesays.com\/de\/wp-json\/wp\/v2\/posts"}],"about":[{"href":"https:\/\/www.europesays.com\/de\/wp-json\/wp\/v2\/types\/post"}],"author":[{"embeddable":true,"href":"https:\/\/www.europesays.com\/de\/wp-json\/wp\/v2\/users\/2"}],"replies":[{"embeddable":true,"href":"https:\/\/www.europesays.com\/de\/wp-json\/wp\/v2\/comments?post=790699"}],"version-history":[{"count":0,"href":"https:\/\/www.europesays.com\/de\/wp-json\/wp\/v2\/posts\/790699\/revisions"}],"wp:featuredmedia":[{"embeddable":true,"href":"https:\/\/www.europesays.com\/de\/wp-json\/wp\/v2\/media\/790700"}],"wp:attachment":[{"href":"https:\/\/www.europesays.com\/de\/wp-json\/wp\/v2\/media?parent=790699"}],"wp:term":[{"taxonomy":"category","embeddable":true,"href":"https:\/\/www.europesays.com\/de\/wp-json\/wp\/v2\/categories?post=790699"},{"taxonomy":"post_tag","embeddable":true,"href":"https:\/\/www.europesays.com\/de\/wp-json\/wp\/v2\/tags?post=790699"}],"curies":[{"name":"wp","href":"https:\/\/api.w.org\/{rel}","templated":true}]}}