{"id":790718,"date":"2026-02-12T02:36:19","date_gmt":"2026-02-12T02:36:19","guid":{"rendered":"https:\/\/www.europesays.com\/de\/790718\/"},"modified":"2026-02-12T02:36:19","modified_gmt":"2026-02-12T02:36:19","slug":"ukraine-krieg-i-eu-beitritt-selenskyj-will-ein-datum","status":"publish","type":"post","link":"https:\/\/www.europesays.com\/de\/790718\/","title":{"rendered":"Ukraine-Krieg I EU-Beitritt: Selenskyj will ein Datum"},"content":{"rendered":"<p>Newsblog zum Krieg in der Ukraine <\/p>\n<p>EU-Beitritt: Selenskyj will ein &#8222;konkretes Datum&#8220;<\/p>\n<p>Aktualisiert am 12.02.2026 &#8211; 02:51 UhrLesedauer: 12 Min.<\/p>\n<p><a href=\"#focus-0\" class=\"transition-colors duration-200 block text-current relative\" data-sctrack=\"FocusGalleryImage.Reference\"><img fetchpriority=\"high\" data-testid=\"Opener.Image\" style=\"--lqipURL:url('https:\/\/images.t-online.de\/2026\/02\/HJvOPVvf04vc\/0x107:2048x1152\/fit-in\/150x0\/filters:blur(25)\/die-kriegsparteien-sprechen-selten-ueber-eigene-opferzahlen-archivbild.jpg')\"   loading=\"eager\" src=\"https:\/\/www.europesays.com\/de\/wp-content\/uploads\/2026\/02\/die-kriegsparteien-sprechen-selten-ueber-eigene-opferzahlen-archivbild.jpg\" alt=\"Ukrainischer Pr\u00e4sident Selenskyj\" title=\"Ukrainischer Pr\u00e4sident Selenskyj\" width=\"2048\" height=\"1152\" class=\"bg-[url:var(--lqipURL)] bg-cover bg-center flex h-full w-full max-w-full\" decoding=\"async\"\/><img style=\"--width:32;--height:32\" loading=\"lazy\" src=\"https:\/\/www.t-online.de\/s\/paper\/_next\/static\/media\/zoom-in.f7dae02f.svg\" alt=\"Vergr\u00f6\u00dfern des Bildes\" title=\"Vergr\u00f6\u00dfern des Bildes\" class=\"block h-[calc(var(--height)_\/_16_*_1rem)] w-[calc(var(--width)_\/_16_*_1rem)] max-w-none absolute bottom-8 right-8 rounded-4 bg-snow p-8\" decoding=\"async\"\/><\/a><\/p>\n<p>Wolodymyr Selenskyj (Archivbild): Ein Datum f\u00fcr eine Pr\u00e4sidentenwahl soll noch nicht feststehen. (Quelle: Leszek Szymanski\/PAP\/dpa\/dpa-bilder)<\/p>\n<p class=\"font-bold text-18 leading-17 user-text-lg:text-22 user-text-xl:text-24\">In der Ukraine wird offenbar \u00fcber Wahlen nachgedacht. EU-Minister beraten \u00fcber milit\u00e4rische Unterst\u00fctzung von Kiew. Alle Entwicklungen im Newsblog.<\/p>\n<p class=\"text-18 leading-17 user-text-lg:text-22 user-text-xl:text-24\">Die ukrainische Hauptstadt <a class=\"transition-colors duration-200 cursor-pointer text-inherit no-underline text-salemsfur md:hover:text-magenta md:hover:border-magenta md:focus:text-magenta border-current border-b border-solid break-words\" href=\"https:\/\/www.t-online.de\/themen\/kiew\/\" data-sctrack=\"BodyAnchor\" rel=\"nofollow noopener\" target=\"_blank\">Kiew<\/a> steht Beh\u00f6rdenangaben zufolge unter einem <br \/>massiven russischen Raketenangriff. B\u00fcrgermeister <a class=\"transition-colors duration-200 cursor-pointer text-inherit no-underline text-salemsfur md:hover:text-magenta md:hover:border-magenta md:focus:text-magenta border-current border-b border-solid break-words\" href=\"https:\/\/www.t-online.de\/themen\/vitali-klitschko\/\" data-sctrack=\"BodyAnchor\" rel=\"nofollow noopener\" target=\"_blank\">Vitali Klitschko<\/a> sprach von Treffern in Wohn- und Gesch\u00e4ftsgeb\u00e4uden auf beiden Seiten des Flusses Dnipro. Der Angriff <br \/>auf die Hauptstadt dauere an, teilt er mit. Reporter der Nachrichtenagentur Reuters h\u00f6rten Explosionen in der Stadt.<\/p>\n<p class=\"text-18 leading-17 user-text-lg:text-22 user-text-xl:text-24\">Der ukrainische Pr\u00e4sident <a class=\"transition-colors duration-200 cursor-pointer text-inherit no-underline text-salemsfur md:hover:text-magenta md:hover:border-magenta md:focus:text-magenta border-current border-b border-solid break-words\" href=\"https:\/\/www.t-online.de\/themen\/wolodymyr-selenskyj\/\" data-sctrack=\"BodyAnchor\" rel=\"nofollow noopener\" target=\"_blank\">Wolodymyr Selenskyj<\/a> fordert, dass ein m\u00f6gliches Abkommen zur Beendigung des Ukraine-Kriegs ein konkretes Datum f\u00fcr einen EU-Beitritt seines Landes enthalten soll. F\u00fcr die <a class=\"transition-colors duration-200 cursor-pointer text-inherit no-underline text-salemsfur md:hover:text-magenta md:hover:border-magenta md:focus:text-magenta border-current border-b border-solid break-words\" href=\"https:\/\/www.t-online.de\/themen\/ukraine\/\" data-sctrack=\"BodyAnchor\" rel=\"nofollow noopener\" target=\"_blank\">Ukraine<\/a> sei es wichtig, alles daf\u00fcr zu tun, bis 2027 f\u00fcr einen EU-Beitritt bereit zu sein, schrieb Selenskyj in sozialen Medien. Zumindest die wichtigsten Schritte werde sie erreichen.<\/p>\n<p class=\"text-18 leading-17 user-text-lg:text-22 user-text-xl:text-24\">&#8222;Ich will ein genaues Datum&#8220;, f\u00fchrte er aus. Wenn in dem Abkommen, das die <a class=\"transition-colors duration-200 cursor-pointer text-inherit no-underline text-salemsfur md:hover:text-magenta md:hover:border-magenta md:focus:text-magenta border-current border-b border-solid break-words\" href=\"https:\/\/www.t-online.de\/themen\/usa\/\" data-sctrack=\"BodyAnchor\" rel=\"nofollow noopener\" target=\"_blank\">USA<\/a>, <a class=\"transition-colors duration-200 cursor-pointer text-inherit no-underline text-salemsfur md:hover:text-magenta md:hover:border-magenta md:focus:text-magenta border-current border-b border-solid break-words\" href=\"https:\/\/www.t-online.de\/themen\/russland\/\" data-sctrack=\"BodyAnchor\" rel=\"nofollow noopener\" target=\"_blank\">Russland<\/a>, die Ukraine und Europa unterzeichnen sollen, kein genaues Datum stehe, werde Russland alles daf\u00fcr tun, um den Beitrittsprozess zu blockieren. Russland werde das nicht selbst, sondern \u00fcber bestimmte europ\u00e4ische Vertreter tun, schrieb Selenskyj. Die EU sei f\u00fcr sein Land eine Sicherheitsgarantie. &#8222;Das sind konkrete Details mit einem konkreten Datum.&#8220;<\/p>\n<p class=\"text-18 leading-17 user-text-lg:text-22 user-text-xl:text-24\">Die Ukraine macht eine Verbesserung der Sicherheitslage im Land zur Voraussetzung f\u00fcr das Abhalten von Wahlen. &#8222;Es sollte so schnell wie m\u00f6glich Wahlen geben, aber nicht, bevor die Sicherheitslage dies zul\u00e4sst&#8220;, sagte ein hochrangiger Regierungsvertreter am Mittwoch der Nachrichtenagentur AFP. &#8222;Im Moment geht der russische Terror weiter, und nichts weist darauf hin, dass Russland ein Interesse daran hat, den Krieg zu beenden&#8220;, hie\u00df es weiter.<\/p>\n<p class=\"text-18 leading-17 user-text-lg:text-22 user-text-xl:text-24\">In der ukrainischen Politik herrsche weiterhin die Auffassung, dass es keine Wahlen geben k\u00f6nne, so lange das Kriegsrecht noch gelte, hie\u00df es aus Kreisen der Pr\u00e4sidentenpartei. Bei den j\u00fcngsten Ukraine-Gespr\u00e4chen in Abu Dhabi in der vergangenen Woche sei \u00fcber ein m\u00f6gliches Referendum gesprochen worden. Angesichts der Sicherheitslage sei es aber &#8222;reine Tr\u00e4umerei&#8220;, einen Termin zu nennen.<\/p>\n<p class=\"text-18 leading-17 user-text-lg:text-22 user-text-xl:text-24\">Einem Bericht der &#8222;Financial Times&#8220; zufolge plant der ukrainische Staatschef Wolodymyr Selenskyj unter Druck der USA, eine Pr\u00e4sidentenwahl und ein Friedensreferendum f\u00fcr den 15. Mai anzusetzen. Die britische Zeitung beruft sich auf ukrainische und westliche Verantwortliche, die mit den \u00dcberlegungen vertraut seien, zitiert aber nicht Selenskyj selbst.<\/p>\n","protected":false},"excerpt":{"rendered":"Newsblog zum Krieg in der Ukraine EU-Beitritt: Selenskyj will ein &#8222;konkretes Datum&#8220; Aktualisiert am 12.02.2026 &#8211; 02:51 UhrLesedauer:&hellip;\n","protected":false},"author":2,"featured_media":788955,"comment_status":"","ping_status":"","sticky":false,"template":"","format":"standard","meta":{"footnotes":"","_share_on_mastodon":"0"},"categories":[4013],"tags":[1217,326,6079,12780,19353,331,332,937,4960,827,1478,548,663,23012,13,104206,5793,308,14,1159,15,2852,3350,3186,4043,4044,850,307,12,317,312,64,8329,107],"class_list":["post-790718","post","type-post","status-publish","format-standard","has-post-thumbnail","category-russland","tag-1217","tag-326","tag-6079","tag-abu-dhabi","tag-afp","tag-aktuelle-nachrichten","tag-aktuelle-news","tag-bruessel","tag-charkiw","tag-datum","tag-drohne","tag-eu","tag-europa","tag-financial-times","tag-headlines","tag-jan-christian-kaack","tag-kiew","tag-moskau","tag-nachrichten","tag-nato","tag-news","tag-ostsee","tag-praesidentenwahl","tag-reuters","tag-russia","tag-russian-federation","tag-russische-foederation","tag-russland","tag-schlagzeilen","tag-ukraine","tag-ukrainekrieg","tag-usa","tag-vitali-klitschko","tag-wolodymyr-selenskyj"],"share_on_mastodon":{"url":"https:\/\/pubeurope.com\/@de\/116055335621790769","error":""},"_links":{"self":[{"href":"https:\/\/www.europesays.com\/de\/wp-json\/wp\/v2\/posts\/790718","targetHints":{"allow":["GET"]}}],"collection":[{"href":"https:\/\/www.europesays.com\/de\/wp-json\/wp\/v2\/posts"}],"about":[{"href":"https:\/\/www.europesays.com\/de\/wp-json\/wp\/v2\/types\/post"}],"author":[{"embeddable":true,"href":"https:\/\/www.europesays.com\/de\/wp-json\/wp\/v2\/users\/2"}],"replies":[{"embeddable":true,"href":"https:\/\/www.europesays.com\/de\/wp-json\/wp\/v2\/comments?post=790718"}],"version-history":[{"count":0,"href":"https:\/\/www.europesays.com\/de\/wp-json\/wp\/v2\/posts\/790718\/revisions"}],"wp:featuredmedia":[{"embeddable":true,"href":"https:\/\/www.europesays.com\/de\/wp-json\/wp\/v2\/media\/788955"}],"wp:attachment":[{"href":"https:\/\/www.europesays.com\/de\/wp-json\/wp\/v2\/media?parent=790718"}],"wp:term":[{"taxonomy":"category","embeddable":true,"href":"https:\/\/www.europesays.com\/de\/wp-json\/wp\/v2\/categories?post=790718"},{"taxonomy":"post_tag","embeddable":true,"href":"https:\/\/www.europesays.com\/de\/wp-json\/wp\/v2\/tags?post=790718"}],"curies":[{"name":"wp","href":"https:\/\/api.w.org\/{rel}","templated":true}]}}