{"id":790824,"date":"2026-02-12T03:35:13","date_gmt":"2026-02-12T03:35:13","guid":{"rendered":"https:\/\/www.europesays.com\/de\/790824\/"},"modified":"2026-02-12T03:35:13","modified_gmt":"2026-02-12T03:35:13","slug":"us-kongress-repraesentantenhaus-stellt-sich-gegen-kanadazoelle","status":"publish","type":"post","link":"https:\/\/www.europesays.com\/de\/790824\/","title":{"rendered":"US-Kongress: Repr\u00e4sentantenhaus stellt sich gegen Kanadaz\u00f6lle"},"content":{"rendered":"<p class=\"paragraph article__item\">Das US-Repr\u00e4sentantenhaus hat partei\u00fcbergreifend f\u00fcr eine Resolution zur Aufhebung der von Pr\u00e4sident <a href=\"https:\/\/www.zeit.de\/thema\/donald-trump\" class=\"\" target=\"_blank\" rel=\"nofollow noopener\">Donald Trump<\/a> verh\u00e4ngten Z\u00f6lle gegen <a href=\"https:\/\/www.zeit.de\/thema\/kanada\" class=\"\" target=\"_blank\" rel=\"nofollow noopener\">Kanada<\/a> gestimmt. Es ist eine seltene, wenn auch weitgehend symbolische Zur\u00fcckweisung von Trumps Agenda, da sich <a class=\"rtr-entity\" href=\"https:\/\/www.zeit.de\/thema\/republikaner-usa\" rel=\"nofollow noopener\" target=\"_blank\">Republikaner<\/a> gegen den Widerstand ihrer Parteif\u00fchrung den Demokraten anschlossen. Mit 219 zu 211 Stimmen markiert die Abstimmung eines der ersten Male, dass sich das von Republikanern kontrollierte Repr\u00e4sentantenhaus dem Pr\u00e4sidenten bei einem zentralen politischen Vorhaben entgegenstellt.\n<\/p>\n<p class=\"paragraph article__item\">Die Mehrheit kam nur zustande, weil neben fast allen <a class=\"rtr-entity\" href=\"https:\/\/www.zeit.de\/thema\/demokraten-usa\" rel=\"nofollow noopener\" target=\"_blank\">Demokraten<\/a> auch sechs Republikaner f\u00fcr die Resolution stimmten.\u00a0Die Republikaner haben eine knappe Mehrheit in der Parlamentskammer. Dass es bei der Abstimmung \u00fcber einen so elementaren Pfeiler der Politik Trumps gleich mehrere Abweichler in den eigenen Reihen gibt, ist bemerkenswert.\u00a0Trump hatte bis zuletzt versucht, Einfluss auf die eigene Partei zu nehmen und das Votum zu verhindern. Auf seiner Onlineplattform schrieb er, dass jeder Republikaner im US-Parlament, der gegen Z\u00f6lle stimme, die Konsequenzen bei kommenden Wahlen zu sp\u00fcren bekommen werde.\n<\/p>\n<p>        Trumps Zustimmung gilt als unwahrscheinlich        <\/p>\n<p class=\"paragraph article__item\">Die Resolution zielt darauf ab, den nationalen Notstand aufzuheben, den Trump\u00a0<a href=\"https:\/\/www.zeit.de\/wirtschaft\/2025-01\/us-strafzoelle-handel-donald-trump-wirtschaftspolitik\" class=\"\" target=\"_blank\" rel=\"nofollow noopener\">zur Einf\u00fchrung eines 25-Prozent-Zollsatzes auf den Import von Waren aus Kanada vor einem Jahr ausgerufen hatte<\/a>.\u00a0Damit wollte er den Druck auf die Regierung <a class=\"rtr-entity\" href=\"https:\/\/www.zeit.de\/thema\/kanada\" rel=\"nofollow noopener\" target=\"_blank\">Kanadas<\/a> erh\u00f6hen, die aus seiner Sicht zu wenig dagegen tut, dass Drogen \u00fcber die Grenze in die USA gelangen. Trump begr\u00fcndete die Z\u00f6lle damit, dass es infolge dieses Drogenschmuggels einen nationalen Notstand gebe.\u00a0\n<\/p>\n<p class=\"paragraph article__item\">Faktisch hat das Ergebnis der Abstimmung eher symbolischen Wert:\u00a0Um die Ma\u00dfnahme tats\u00e4chlich r\u00fcckg\u00e4ngig zu machen, w\u00e4re auch Trumps Zustimmung erforderlich \u2013 was als \u00e4u\u00dferst unwahrscheinlich gilt. Als N\u00e4chstes wird die Resolution dem Senat vorgelegt.\n<\/p>\n<p>Mehr zu<\/p>\n<p>            Donald Trumps Entscheidungen        <\/p>\n<p>                <a href=\"https:\/\/www.zeit.de\/politik\/ausland\/donald-trump-entscheidungen-dekrete-chronik\" data-ct-label=\"Chronik der US-Pr\u00e4sidentschaft: Die wichtigsten Entscheidungen Donald Trumps im \u00dcberblick\" data-uuid=\"c8bada10-ecc5-47b3-a87d-282ffc22dd1f\" rel=\"nofollow noopener\" target=\"_blank\"><\/p>\n<p>                        Chronik der US-Pr\u00e4sidentschaft:<br \/>\n                        Die wichtigsten Entscheidungen Donald Trumps im \u00dcberblick<\/p>\n<p>                <\/a><\/p>\n<p>                <a href=\"https:\/\/www.zeit.de\/kultur\/2026-01\/demokratie-usa-faschismus-donald-trump-robert-paxton\" data-ct-label=\"Donald Trump: Wo die USA auf den f\u00fcnf Stufen des Faschismus stehen\" data-uuid=\"86239787-cd17-4fa8-af5d-9edcecc45be5\" rel=\"nofollow noopener\" target=\"_blank\"><\/p>\n<p>        Z+ (abopflichtiger Inhalt);<\/p>\n<p>    Donald Trump:<br \/>\n                        Wo die USA auf den f\u00fcnf Stufen des Faschismus stehen<\/p>\n<p>                <\/a><\/p>\n<p>                <a href=\"https:\/\/www.zeit.de\/politik\/ausland\/2022-11\/us-kongress-repraesentantenhaus-senat-faq\" data-ct-label=\"US-Kongress: Ein Kongress f\u00fcr Donald Trump\" data-uuid=\"741ce101-eaef-4d12-a8ec-f01757e11ef6\" rel=\"nofollow noopener\" target=\"_blank\"><\/p>\n<p>                        US-Kongress:<br \/>\n                        Ein Kongress f\u00fcr Donald Trump<\/p>\n<p>                <\/a><\/p>\n<p class=\"paragraph article__item\">Dieser Artikel wird weiter aktualisiert.<\/p>\n","protected":false},"excerpt":{"rendered":"Das US-Repr\u00e4sentantenhaus hat partei\u00fcbergreifend f\u00fcr eine Resolution zur Aufhebung der von Pr\u00e4sident Donald Trump verh\u00e4ngten Z\u00f6lle gegen Kanada&hellip;\n","protected":false},"author":2,"featured_media":790825,"comment_status":"","ping_status":"","sticky":false,"template":"","format":"standard","meta":{"footnotes":"","_share_on_mastodon":"0"},"categories":[5],"tags":[84409,22298,106,13,53,14,15,16,21059,12,10,8,9,11,4146,12795,615],"class_list":["post-790824","post","type-post","status-publish","format-standard","has-post-thumbnail","category-nachrichten","tag-ablehnung","tag-demokraten-usa","tag-donald-trump","tag-headlines","tag-kanada","tag-nachrichten","tag-news","tag-politik","tag-republikaner-usa","tag-schlagzeilen","tag-top-news","tag-top-meldungen","tag-topmeldungen","tag-topnews","tag-us-kongress","tag-us-repraesentantenhaus","tag-zoll"],"share_on_mastodon":{"url":"https:\/\/pubeurope.com\/@de\/116055567404914398","error":""},"_links":{"self":[{"href":"https:\/\/www.europesays.com\/de\/wp-json\/wp\/v2\/posts\/790824","targetHints":{"allow":["GET"]}}],"collection":[{"href":"https:\/\/www.europesays.com\/de\/wp-json\/wp\/v2\/posts"}],"about":[{"href":"https:\/\/www.europesays.com\/de\/wp-json\/wp\/v2\/types\/post"}],"author":[{"embeddable":true,"href":"https:\/\/www.europesays.com\/de\/wp-json\/wp\/v2\/users\/2"}],"replies":[{"embeddable":true,"href":"https:\/\/www.europesays.com\/de\/wp-json\/wp\/v2\/comments?post=790824"}],"version-history":[{"count":0,"href":"https:\/\/www.europesays.com\/de\/wp-json\/wp\/v2\/posts\/790824\/revisions"}],"wp:featuredmedia":[{"embeddable":true,"href":"https:\/\/www.europesays.com\/de\/wp-json\/wp\/v2\/media\/790825"}],"wp:attachment":[{"href":"https:\/\/www.europesays.com\/de\/wp-json\/wp\/v2\/media?parent=790824"}],"wp:term":[{"taxonomy":"category","embeddable":true,"href":"https:\/\/www.europesays.com\/de\/wp-json\/wp\/v2\/categories?post=790824"},{"taxonomy":"post_tag","embeddable":true,"href":"https:\/\/www.europesays.com\/de\/wp-json\/wp\/v2\/tags?post=790824"}],"curies":[{"name":"wp","href":"https:\/\/api.w.org\/{rel}","templated":true}]}}