{"id":791007,"date":"2026-02-12T05:22:14","date_gmt":"2026-02-12T05:22:14","guid":{"rendered":"https:\/\/www.europesays.com\/de\/791007\/"},"modified":"2026-02-12T05:22:14","modified_gmt":"2026-02-12T05:22:14","slug":"whatsapp-kritisiert-komplett-blockade-in-russland","status":"publish","type":"post","link":"https:\/\/www.europesays.com\/de\/791007\/","title":{"rendered":"WhatsApp kritisiert Komplett-Blockade in Russland"},"content":{"rendered":"<p>Internetzensur <\/p>\n<p>WhatsApp kritisiert Komplett-Blockade in Russland<\/p>\n<p>Aktualisiert am 12.02.2026 &#8211; 06:16 UhrLesedauer: 1 Min.<\/p>\n<p><a href=\"#focus-0\" class=\"transition-colors duration-200 block text-current relative\" data-sctrack=\"FocusGalleryImage.Reference\"><img fetchpriority=\"high\" data-testid=\"Opener.Image\" style=\"--lqipURL:url('https:\/\/images.t-online.de\/2026\/02\/O2wAtFu0APdt\/0x106:2048x1152\/fit-in\/150x0\/filters:blur(25)\/whatsapp-und-andere-internationale-apps-sind-in-russland-schon-laenger-eingeschraenkt-archivbild.jpg')\"   loading=\"eager\" src=\"https:\/\/www.europesays.com\/de\/wp-content\/uploads\/2026\/02\/whatsapp-und-andere-internationale-apps-sind-in-russland-schon-laenger-eingeschraenkt-archivbild.jpg\" alt=\"Whatsapp\" title=\"Whatsapp\" width=\"2048\" height=\"1152\" class=\"bg-[url:var(--lqipURL)] bg-cover bg-center flex h-full w-full max-w-full\" decoding=\"async\"\/><img style=\"--width:32;--height:32\" loading=\"lazy\" src=\"https:\/\/www.t-online.de\/s\/paper\/_next\/static\/media\/zoom-in.f7dae02f.svg\" alt=\"Vergr\u00f6\u00dfern des Bildes\" title=\"Vergr\u00f6\u00dfern des Bildes\" class=\"block h-[calc(var(--height)_\/_16_*_1rem)] w-[calc(var(--width)_\/_16_*_1rem)] max-w-none absolute bottom-8 right-8 rounded-4 bg-snow p-8\" decoding=\"async\"\/><\/a><\/p>\n<p>WhatsApp und andere internationale Apps sind in Russland schon l\u00e4nger eingeschr\u00e4nkt. (Archivbild) (Quelle: Fabian Sommer\/dpa\/dpa-bilder)<\/p>\n<p class=\"font-bold text-18 leading-17 user-text-lg:text-22 user-text-xl:text-24\">Die russische Regierung schr\u00e4nkt schon seit einiger Zeit die Funktionen internationaler Messenger-Apps ein. WhatsApp spricht jetzt vom Versuch einer Komplett-Blockade.<\/p>\n<p class=\"text-18 leading-17 user-text-lg:text-22 user-text-xl:text-24\">Der Chatdienst <a class=\"transition-colors duration-200 cursor-pointer text-inherit no-underline text-salemsfur md:hover:text-magenta md:hover:border-magenta md:focus:text-magenta border-current border-b border-solid break-words\" href=\"https:\/\/www.t-online.de\/themen\/whatsapp\/\" data-sctrack=\"BodyAnchor\" rel=\"nofollow noopener\" target=\"_blank\">WhatsApp<\/a> wirft der russischen Regierung den Versuch einer Komplett-Blockade vor. \u00dcber 100 Millionen Nutzer von sicherer und privater Kommunikation auszuschlie\u00dfen, werde zu weniger Sicherheit f\u00fcr die Menschen in <a class=\"transition-colors duration-200 cursor-pointer text-inherit no-underline text-salemsfur md:hover:text-magenta md:hover:border-magenta md:focus:text-magenta border-current border-b border-solid break-words\" href=\"https:\/\/www.t-online.de\/themen\/russland\/\" data-sctrack=\"BodyAnchor\" rel=\"nofollow noopener\" target=\"_blank\">Russland<\/a> f\u00fchren, kritisierte eine Sprecherin der zum Facebook-Konzern Meta geh\u00f6renden App. Man werde alles M\u00f6gliche unternehmen, damit die Nutzer weiterhin verbunden blieben.<\/p>\n<p class=\"text-18 leading-17 user-text-lg:text-22 user-text-xl:text-24\">Die russische Regierung schr\u00e4nkt bereits seit einiger Zeit nach und nach die Funktionen internationaler Messenger-Apps ein. Bei WhatsApp etwa waren Anrufe bereits nur noch \u00fcber VPN-Verbindungen (Virtual Private Network) m\u00f6glich. Eingeschr\u00e4nkt wurden auch Telegram und der Apple-Dienst iMessage.<\/p>\n<p class=\"text-18 leading-17 user-text-lg:text-22 user-text-xl:text-24\">WhatsApp hat eine Ende-zu-Ende-Verschl\u00fcsselung, was bedeutet, dass nur die beteiligten Nutzer Beitr\u00e4ge im Klartext sehen k\u00f6nnen &#8211; aber nicht WhatsApp als Betreiber.<\/p>\n<p class=\"text-18 leading-17 user-text-lg:text-22 user-text-xl:text-24\">Die russischen Beh\u00f6rden hatten seit Beginn des Angriffskrieges in der <a class=\"transition-colors duration-200 cursor-pointer text-inherit no-underline text-salemsfur md:hover:text-magenta md:hover:border-magenta md:focus:text-magenta border-current border-b border-solid break-words\" href=\"https:\/\/www.t-online.de\/themen\/ukraine\/\" data-sctrack=\"BodyAnchor\" rel=\"nofollow noopener\" target=\"_blank\">Ukraine<\/a> die Kontrolle und Zensur im Internet noch einmal drastisch versch\u00e4rft. W\u00e4hrend ausl\u00e4ndische Dienste eingeschr\u00e4nkt werden, wurde in Russland der einheimische Messenger Max auf den Markt gebracht. WhatsApp sprach in der Stellungnahme von einer &#8222;staatlichen \u00dcberwachungs-App&#8220;, in die die russische Regierung die Nutzer dr\u00e4ngen wolle.<\/p>\n","protected":false},"excerpt":{"rendered":"Internetzensur WhatsApp kritisiert Komplett-Blockade in Russland Aktualisiert am 12.02.2026 &#8211; 06:16 UhrLesedauer: 1 Min. WhatsApp und andere internationale&hellip;\n","protected":false},"author":2,"featured_media":791008,"comment_status":"","ping_status":"","sticky":false,"template":"","format":"standard","meta":{"footnotes":"","_share_on_mastodon":"0"},"categories":[4013],"tags":[331,332,291,13,164084,670,14,15,4043,4044,850,307,12,672],"class_list":["post-791007","post","type-post","status-publish","format-standard","has-post-thumbnail","category-russland","tag-aktuelle-nachrichten","tag-aktuelle-news","tag-facebook","tag-headlines","tag-internetzensur","tag-meta","tag-nachrichten","tag-news","tag-russia","tag-russian-federation","tag-russische-foederation","tag-russland","tag-schlagzeilen","tag-whatsapp"],"share_on_mastodon":{"url":"https:\/\/pubeurope.com\/@de\/116055988324828314","error":""},"_links":{"self":[{"href":"https:\/\/www.europesays.com\/de\/wp-json\/wp\/v2\/posts\/791007","targetHints":{"allow":["GET"]}}],"collection":[{"href":"https:\/\/www.europesays.com\/de\/wp-json\/wp\/v2\/posts"}],"about":[{"href":"https:\/\/www.europesays.com\/de\/wp-json\/wp\/v2\/types\/post"}],"author":[{"embeddable":true,"href":"https:\/\/www.europesays.com\/de\/wp-json\/wp\/v2\/users\/2"}],"replies":[{"embeddable":true,"href":"https:\/\/www.europesays.com\/de\/wp-json\/wp\/v2\/comments?post=791007"}],"version-history":[{"count":0,"href":"https:\/\/www.europesays.com\/de\/wp-json\/wp\/v2\/posts\/791007\/revisions"}],"wp:featuredmedia":[{"embeddable":true,"href":"https:\/\/www.europesays.com\/de\/wp-json\/wp\/v2\/media\/791008"}],"wp:attachment":[{"href":"https:\/\/www.europesays.com\/de\/wp-json\/wp\/v2\/media?parent=791007"}],"wp:term":[{"taxonomy":"category","embeddable":true,"href":"https:\/\/www.europesays.com\/de\/wp-json\/wp\/v2\/categories?post=791007"},{"taxonomy":"post_tag","embeddable":true,"href":"https:\/\/www.europesays.com\/de\/wp-json\/wp\/v2\/tags?post=791007"}],"curies":[{"name":"wp","href":"https:\/\/api.w.org\/{rel}","templated":true}]}}