{"id":791084,"date":"2026-02-12T06:03:16","date_gmt":"2026-02-12T06:03:16","guid":{"rendered":"https:\/\/www.europesays.com\/de\/791084\/"},"modified":"2026-02-12T06:03:16","modified_gmt":"2026-02-12T06:03:16","slug":"glaette-chaos-welche-lehren-zieht-die-stadt-daraus","status":"publish","type":"post","link":"https:\/\/www.europesays.com\/de\/791084\/","title":{"rendered":"Gl\u00e4tte-Chaos \u2013 welche Lehren zieht die Stadt daraus?"},"content":{"rendered":"<p class=\"expressive-copy-lg-body\"><strong>Liebe Leserin, lieber Leser,<\/strong><\/p>\n<p class=\"expressive-copy-lg-body\">was wird heute wichtig? Beginnen wir mit einem Blick auf die Termine des Tages: <\/p>\n<p class=\"expressive-copy-lg-body\">\u2022 Mit dem Er\u00f6ffnungsfilm \u201eNo Good Men\u201c der afghanischen Regisseurin\u00a0Shahrbanoo Sadat wird um 19 Uhr die <strong>76. Ausgabe der Berlinale<\/strong> er\u00f6ffnet. Bis zum 22. Februar steht die Stadt ganz im Zeichen der Filmfestspiele. Wie aufregend werden sie? <a href=\"https:\/\/www.morgenpost.de\/kultur\/article411167538\/haelt-die-berlinale-2026-was-ihre-intendantin-verspricht.html?nolinkreplace\" target=\"_blank\" rel=\"nofollow noopener\">Unser Filmredakteur Peter Zander blickt voraus.<\/a>  <\/p>\n<p class=\"expressive-copy-lg-body\">\u2022 Die <strong>Tarifverhandlungen f\u00fcr die Besch\u00e4ftigten des \u00f6ffentlichen Diensts <\/strong>werden fortgesetzt. Ein m\u00f6gliches Ergebnis der dritten Verhandlungsrunde wird f\u00fcr Freitag oder Samstag erwartet<\/p>\n<p class=\"expressive-copy-lg-body\">\u2022 <strong>Kunstaktion gegen den Einsatz von Kindersoldaten vor dem Brandenburger Tor. <\/strong>Laut Sch\u00e4tzungen werden weltweit etwa 250.000 Minderj\u00e4hrige von Armeen und bewaffneten Gruppen als Kindersoldatinnen und -soldaten missbraucht. Viele von ihnen werden zu Gr\u00e4ueltaten gezwungen. Organisationen wie Terre des Hommes beteiligen sich an der Aktion, die um 13 Uhr startet.<\/p>\n<p>Mehr Nachrichten aus Berlin<\/p>\n<p class=\"expressive-copy-lg-body\">Inzwischen kann man auf <strong>Berlins B\u00fcrgersteigen<\/strong> ja wieder einigerma\u00dfen angstfrei unterwegs sein. Was lernen wir daraus, dass dies tagelang nicht m\u00f6glich war und zu viel Arbeit in den Notaufnahmen der Krankenh\u00e4user gef\u00fchrt hat? Am heutigen Donnerstag sollen Vorschl\u00e4ge von SPD und CDU im Abgeordnetenhaus beraten werden. \u201eDie Fraktionen fordern unter anderem, Kontrolle, Ersatzvornahmen und Bu\u00dfgelder erheblich zu verst\u00e4rken\u201c, schreibt Jessica Hanack. <\/p>\n<p class=\"expressive-copy-lg-body\">Konkret geht es darum, wer die Verantwortung tr\u00e4gt, wenn es glatt wird. Die liegt bei den Anrainern der B\u00fcrgersteige, mit nachweislich mangelhaftem Ergebnis. Deshalb will der Senat pr\u00fcfen, wie die Berliner Stadtreinigung ausgestattet werden k\u00f6nnte, damit sie f\u00fcr <strong>\u201eweitere Unterst\u00fctzungsleistungen\u201c<\/strong> herangezogen werden kann. <\/p>\n<p class=\"expressive-copy-lg-body\">Das allerdings f\u00fchrt zu einem anderen Problem. \u201eMit den jetzigen Ressourcen, das machten BSR-Vertreter am Mittwoch im Verkehrsausschuss deutlich\u201c, schreibt Hanack, \u201ek\u00f6nnte das Unternehmen das <strong>nicht leisten<\/strong>\u201c. Mit mehr Geld und Personal w\u00e4re sie bereit dazu \u2013 in welchem Umfang, ist dann die n\u00e4chste Frage. Denn eine \u00dcbertragung auf die BSR w\u00fcrde in jedem Fall zu deutlich h\u00f6heren Geb\u00fchren f\u00fcr Grundst\u00fcckseigent\u00fcmer, Wohnungsmieter und und Gewerbetreibende f\u00fchren. <a href=\"https:\/\/www.morgenpost.de\/berlin\/article411175977\/bsr-schon-mehr-als-doppelt-so-viele-einsatzstunden-wie-im-letzten-jahr.html\" data-category-full-path=\"https:\/\/www.morgenpost.de\/berlin\/\" data-paid-status=\"free\" data-article-publish-date=\"1770828805\" rel=\"nofollow noopener\" target=\"_blank\">Den vollst\u00e4ndigen Bericht lesen Sie hier.<\/a><\/p>\n<p>            Morgenpost der Chefredaktion<\/p>\n<p>Die ersten News des Tages \u2013 direkt von der Chefredaktion. Montag bis Samstag um 6:30 Uhr.<\/p>\n<p>            <img decoding=\"async\" src=\"https:\/\/www.europesays.com\/de\/wp-content\/uploads\/2026\/02\/1770827535_128_newsletter-envelope.png\" alt=\"Newsletter Illustration\" class=\"h-full w-full max-w-full object-cover md:max-w-[226px] lg:max-w-[234px]\" loading=\"lazy\"\/><\/p>\n<p>              Morgenpost der Chefredaktion<\/p>\n<p>Die ersten News des Tages \u2013 direkt von der Chefredaktion. Montag bis Samstag um 6:30 Uhr.<\/p>\n<p>              Mit meiner Anmeldung zum Newsletter stimme ich der<br \/>\n              <a href=\"https:\/\/www.morgenpost.de\/service\/newsletter-adconsent\" class=\"text-copy-accent underline decoration-solid underline-offset-1 hover:text-primary-700\" rel=\"nofollow noopener\" target=\"_blank\">Werbevereinbarung<\/a><br \/>\n              zu.<\/p>\n<p class=\"expressive-copy-lg-body\"><strong>Bei einem verheerenden Hochhausbrand in Berlin-Friedrichsfelde<\/strong> ist am Mittwochabend ein Kind ums Leben gekommen, weitere Personen wurden teils schwer verletzt. <a href=\"https:\/\/www.morgenpost.de\/berlin\/article411179215\/verheerender-brand-in-lichtenberger-hochhaus-kinder-muessen-reanimiert-werden.html\" data-category-full-path=\"https:\/\/www.morgenpost.de\/berlin\/\" data-paid-status=\"free\" data-article-publish-date=\"1770874385\" rel=\"nofollow noopener\" target=\"_blank\">Das Feuer war gegen 20 Uhr in einer Wohnung eines 20-geschossigen Hochhauses an der Dolgenseestra\u00dfe ausgebrochen.<\/a><\/p>\n<p class=\"expressive-copy-lg-body\"><strong>In Berlin f\u00e4llt jeder Zweite durch die Fahrschulpr\u00fcfung.<\/strong> Der T\u00dcV-Verband schl\u00e4gt deshalb verpflichtende Vorab-Tests vor. <a href=\"https:\/\/www.morgenpost.de\/berlin\/article411167282\/jeder-zweite-fahrschueler-in-berlin-faellt-durch-die-pruefung-was-helfen-soll.html\" data-category-full-path=\"https:\/\/www.morgenpost.de\/berlin\/\" data-paid-status=\"free\" data-article-publish-date=\"1770807145\" rel=\"nofollow noopener\" target=\"_blank\">Isabell J\u00fcrgens berichtet<\/a>. <\/p>\n<p class=\"expressive-copy-lg-body\"><strong>Berliner SPD will Handy-Verbot an Grundschulen.<\/strong> SPD-Spitzenkandidat Steffen Krach kritisiert Bildungssenatorin Katharina G\u00fcnther-W\u00fcnsch (CDU) daf\u00fcr, dass sie die Regelung f\u00fcr Mobiltelefone den Schulen \u00fcberl\u00e4sst. <a href=\"https:\/\/www.morgenpost.de\/berlin\/article411174941\/mit-handyverbot-an-grundschulen-und-viel-wirtschaft-will-krach-gewinnen.html\" data-category-full-path=\"https:\/\/www.morgenpost.de\/berlin\/\" data-paid-status=\"premium\" data-article-publish-date=\"1770872400\" rel=\"nofollow noopener\" target=\"_blank\">Joachim Fahrun kennt die Details<\/a>. <\/p>\n<p class=\"expressive-copy-lg-body\"><strong>In eigener Sache<\/strong>. Zu den Olympischen Winterspielen k\u00f6nnen Sie die Berliner Morgenpost f\u00fcr nur 4 Euro f\u00fcr 4 Wochen abonnieren. <a href=\"https:\/\/www.morgenpost.de\/berlin\/article411172607\/top-angebot-die-berliner-morgenpost-4-wochen-fuer-4-euro-lesen.html\" data-category-full-path=\"https:\/\/www.morgenpost.de\/berlin\/\" data-paid-status=\"free\" data-article-publish-date=\"1770812444\" rel=\"nofollow noopener\" target=\"_blank\">Hier finden Sie alle Informationen dazu. <\/a><\/p>\n<p class=\"expressive-copy-lg-body\"> Haben Sie einen sch\u00f6nen Donnerstag!<\/p>\n<p class=\"expressive-copy-lg-body\">Ihr Felix M\u00fcller<\/p>\n<p class=\"expressive-copy-lg-body\">Dieser Newsletter gef\u00e4llt Ihnen? <a href=\"mailto:?subject=Meine%20Empfehlung:%20Morgenpost%20der%20Chefredaktion&amp;body=Ich%20empfehle%20den%20t\u00e4glichen%20Newsletter%20\u201cMorgenpost%20der%20Chefredaktion\u201c%20der%20Berliner%20Morgenpost.%20Jetzt%20ganz%20einfach%20kostenfrei%20anmelden%20unter%20https:\/\/www.morgenpost.de\/service\/newsletter\/#CRBM\">Empfehlen Sie ihn gern weiter.<\/a> <\/p>\n<p>Unsere Empfehlungen<\/p>\n<p>            <img decoding=\"async\" src=\"https:\/\/www.europesays.com\/de\/wp-content\/uploads\/2026\/02\/411175766_1770819413_v16_9_1200.jpeg\" class=\"relative z-10 block w-full object-cover aspect-[4\/3]\" alt=\"Senats-Pressekonferenz\" title=\"Wegen vieler Dienstreisen in der Kritik: Berlins Justizsenatorin Felor Badenberg (CDU). \" loading=\"lazy\"\/><\/p>\n<p>    <img decoding=\"async\" src=\"https:\/\/www.europesays.com\/de\/wp-content\/uploads\/2026\/02\/411178552_1770831327_v16_9_1200.jpeg\" class=\"relative z-10 block w-full object-cover aspect-[16\/9] md:aspect-[16\/9] lg:aspect-[16\/9]\" alt=\"Streik-Kamelle\" title=\"Streik-Kamelle.\" loading=\"lazy\"\/><\/p>\n<p>\n      Streik-Kamelle.<br \/>\n      \u00a9 J\u00fcrgen Tomicek | J\u00fcrgen Tomicek\n    <\/p>\n","protected":false},"excerpt":{"rendered":"Liebe Leserin, lieber Leser, was wird heute wichtig? Beginnen wir mit einem Blick auf die Termine des Tages:&hellip;\n","protected":false},"author":2,"featured_media":791085,"comment_status":"","ping_status":"","sticky":false,"template":"","format":"standard","meta":{"footnotes":"","_share_on_mastodon":"0"},"categories":[1825],"tags":[1941,1939,296,1937,29,30,1940,1938],"class_list":["post-791084","post","type-post","status-publish","format-standard","has-post-thumbnail","category-berlin","tag-aktuelle-nachrichten-aus-berlin","tag-aktuelle-news-aus-berlin","tag-berlin","tag-berlin-news","tag-deutschland","tag-germany","tag-nachrichten-aus-berlin","tag-news-aus-berlin"],"share_on_mastodon":{"url":"https:\/\/pubeurope.com\/@de\/116056149783819256","error":""},"_links":{"self":[{"href":"https:\/\/www.europesays.com\/de\/wp-json\/wp\/v2\/posts\/791084","targetHints":{"allow":["GET"]}}],"collection":[{"href":"https:\/\/www.europesays.com\/de\/wp-json\/wp\/v2\/posts"}],"about":[{"href":"https:\/\/www.europesays.com\/de\/wp-json\/wp\/v2\/types\/post"}],"author":[{"embeddable":true,"href":"https:\/\/www.europesays.com\/de\/wp-json\/wp\/v2\/users\/2"}],"replies":[{"embeddable":true,"href":"https:\/\/www.europesays.com\/de\/wp-json\/wp\/v2\/comments?post=791084"}],"version-history":[{"count":0,"href":"https:\/\/www.europesays.com\/de\/wp-json\/wp\/v2\/posts\/791084\/revisions"}],"wp:featuredmedia":[{"embeddable":true,"href":"https:\/\/www.europesays.com\/de\/wp-json\/wp\/v2\/media\/791085"}],"wp:attachment":[{"href":"https:\/\/www.europesays.com\/de\/wp-json\/wp\/v2\/media?parent=791084"}],"wp:term":[{"taxonomy":"category","embeddable":true,"href":"https:\/\/www.europesays.com\/de\/wp-json\/wp\/v2\/categories?post=791084"},{"taxonomy":"post_tag","embeddable":true,"href":"https:\/\/www.europesays.com\/de\/wp-json\/wp\/v2\/tags?post=791084"}],"curies":[{"name":"wp","href":"https:\/\/api.w.org\/{rel}","templated":true}]}}