{"id":791086,"date":"2026-02-12T06:04:26","date_gmt":"2026-02-12T06:04:26","guid":{"rendered":"https:\/\/www.europesays.com\/de\/791086\/"},"modified":"2026-02-12T06:04:26","modified_gmt":"2026-02-12T06:04:26","slug":"sprengung-im-jahn-sportpark-im-livestream-am-donnerstag-knallt-es","status":"publish","type":"post","link":"https:\/\/www.europesays.com\/de\/791086\/","title":{"rendered":"Sprengung im Jahn-Sportpark im Livestream \u2013 am Donnerstag knallt es"},"content":{"rendered":"<p class=\"expressive-copy-lg-body\">Zwei Flutlichtmasten <a href=\"https:\/\/www.morgenpost.de\/berlin\/article411162113\/sprengung-am-jahn-sportpark-was-anwohner-wissen-muessen.html\" data-category-full-path=\"https:\/\/www.morgenpost.de\/berlin\/\" data-paid-status=\"premium\" data-article-publish-date=\"1770717600\" rel=\"nofollow noopener\" target=\"_blank\">des Jahn-Sportparks<\/a> am <a href=\"https:\/\/www.morgenpost.de\/berlin\/mauerpark\/\" data-category-full-path=\"https:\/\/www.morgenpost.de\/berlin\/\" data-paid-status=\"free\" data-article-publish-date=\"1626242895\" rel=\"nofollow noopener\" target=\"_blank\">Mauerpark<\/a> werden am Donnerstag (12. Februar) um 11 Uhr gesprengt. F\u00fcr den Tag der Sprengung wird ein Sicherheitsbereich eingerichtet. Dieser muss bis sp\u00e4testens 10 Uhr vollst\u00e4ndig ger\u00e4umt sein. Die Anwohnerinnen und Anwohner wurden dar\u00fcber gesondert informiert. Eine Evakuierung der benachbarten Wohnh\u00e4user ist nach Angaben der Senatsverwaltung nicht geplant.<\/p>\n<p>  Explosion am Friedrich-Ludwig-Jahn-Sportpark am Donnerstag live im Video<\/p>\n<p class=\"expressive-copy-lg-body\">Die Detonationen werden durch Warnsignale angek\u00fcndigt. Innerhalb der abgesperrten Zone ist mit einem Schalldruck von bis zu 100 Dezibel zu rechnen \u2013 und damit deutlich unter der Schmerzgrenze von rund 130 Dezibel. Die Masten sollen kontrolliert auf das Spielfeld fallen. Geht dabei alles gut? Verfolgen Sie die Sprengung hier um 11 Uhr im Livestream: <\/p>\n<p class=\"expressive-copy-lg-body\"><strong>Den Livestream zur Sprengung finden Sie ab Donnerstag, 10.30 Uhr, an dieser Stelle.<\/strong><\/p>\n<p class=\"expressive-copy-lg-body\">BM<\/p>\n","protected":false},"excerpt":{"rendered":"Zwei Flutlichtmasten des Jahn-Sportparks am Mauerpark werden am Donnerstag (12. Februar) um 11 Uhr gesprengt. F\u00fcr den Tag&hellip;\n","protected":false},"author":2,"featured_media":791087,"comment_status":"","ping_status":"","sticky":false,"template":"","format":"standard","meta":{"footnotes":"","_share_on_mastodon":"0"},"categories":[1825],"tags":[296,29,30],"class_list":["post-791086","post","type-post","status-publish","format-standard","has-post-thumbnail","category-berlin","tag-berlin","tag-deutschland","tag-germany"],"share_on_mastodon":{"url":"https:\/\/pubeurope.com\/@de\/116056153306666306","error":""},"_links":{"self":[{"href":"https:\/\/www.europesays.com\/de\/wp-json\/wp\/v2\/posts\/791086","targetHints":{"allow":["GET"]}}],"collection":[{"href":"https:\/\/www.europesays.com\/de\/wp-json\/wp\/v2\/posts"}],"about":[{"href":"https:\/\/www.europesays.com\/de\/wp-json\/wp\/v2\/types\/post"}],"author":[{"embeddable":true,"href":"https:\/\/www.europesays.com\/de\/wp-json\/wp\/v2\/users\/2"}],"replies":[{"embeddable":true,"href":"https:\/\/www.europesays.com\/de\/wp-json\/wp\/v2\/comments?post=791086"}],"version-history":[{"count":0,"href":"https:\/\/www.europesays.com\/de\/wp-json\/wp\/v2\/posts\/791086\/revisions"}],"wp:featuredmedia":[{"embeddable":true,"href":"https:\/\/www.europesays.com\/de\/wp-json\/wp\/v2\/media\/791087"}],"wp:attachment":[{"href":"https:\/\/www.europesays.com\/de\/wp-json\/wp\/v2\/media?parent=791086"}],"wp:term":[{"taxonomy":"category","embeddable":true,"href":"https:\/\/www.europesays.com\/de\/wp-json\/wp\/v2\/categories?post=791086"},{"taxonomy":"post_tag","embeddable":true,"href":"https:\/\/www.europesays.com\/de\/wp-json\/wp\/v2\/tags?post=791086"}],"curies":[{"name":"wp","href":"https:\/\/api.w.org\/{rel}","templated":true}]}}