{"id":791088,"date":"2026-02-12T06:05:19","date_gmt":"2026-02-12T06:05:19","guid":{"rendered":"https:\/\/www.europesays.com\/de\/791088\/"},"modified":"2026-02-12T06:05:19","modified_gmt":"2026-02-12T06:05:19","slug":"ns-aesthetik-ioc-verteidigt-shirt-verkauf-zu-olympia-1936-in-berlin","status":"publish","type":"post","link":"https:\/\/www.europesays.com\/de\/791088\/","title":{"rendered":"NS-\u00c4sthetik? IOC verteidigt Shirt-Verkauf zu Olympia 1936 in Berlin"},"content":{"rendered":"<p>Das IOC betonte, dass man &#8222;selbstverst\u00e4ndlich die historische Problematik der &#8222;NS-Propaganda&#8220; im Zusammenhang mit den Olympischen Spielen 1936 in Berlin&#8220; anerkenne. &#8222;Gleichzeitig d\u00fcrfen wir nicht vergessen, dass in Berlin 4.483 Athleten aus 49 L\u00e4ndern in 149 Wettbewerben um Medaillen k\u00e4mpften.&#8220;<\/p>\n<p>Der historische Zusammenhang dieser Spiele werde weiter im olympischen Museum in Lausanne erkl\u00e4rt. Die Anzahl der vom IOC produzierten T-Shirts zur Ausgabe von 1936 sei limitiert, &#8222;weshalb sie derzeit ausverkauft sind&#8220;.<\/p>\n<p>Das IOC betonte, dass es damit auch sein geistiges Eigentum sch\u00fctze. Dass diese Markenrechte weiterhin g\u00fcltig seien, h\u00e4nge davon ab, dass diese weiter genutzt werden. Ansonsten k\u00f6nnten diese von anderen genutzt werden.<\/p>\n","protected":false},"excerpt":{"rendered":"Das IOC betonte, dass man &#8222;selbstverst\u00e4ndlich die historische Problematik der &#8222;NS-Propaganda&#8220; im Zusammenhang mit den Olympischen Spielen 1936&hellip;\n","protected":false},"author":2,"featured_media":791089,"comment_status":"","ping_status":"","sticky":false,"template":"","format":"standard","meta":{"footnotes":"","_share_on_mastodon":"0"},"categories":[1825],"tags":[296,29,30,134296,265],"class_list":["post-791088","post","type-post","status-publish","format-standard","has-post-thumbnail","category-berlin","tag-berlin","tag-deutschland","tag-germany","tag-rbb24tagesschau","tag-sport"],"share_on_mastodon":{"url":"https:\/\/pubeurope.com\/@de\/116056157337092218","error":""},"_links":{"self":[{"href":"https:\/\/www.europesays.com\/de\/wp-json\/wp\/v2\/posts\/791088","targetHints":{"allow":["GET"]}}],"collection":[{"href":"https:\/\/www.europesays.com\/de\/wp-json\/wp\/v2\/posts"}],"about":[{"href":"https:\/\/www.europesays.com\/de\/wp-json\/wp\/v2\/types\/post"}],"author":[{"embeddable":true,"href":"https:\/\/www.europesays.com\/de\/wp-json\/wp\/v2\/users\/2"}],"replies":[{"embeddable":true,"href":"https:\/\/www.europesays.com\/de\/wp-json\/wp\/v2\/comments?post=791088"}],"version-history":[{"count":0,"href":"https:\/\/www.europesays.com\/de\/wp-json\/wp\/v2\/posts\/791088\/revisions"}],"wp:featuredmedia":[{"embeddable":true,"href":"https:\/\/www.europesays.com\/de\/wp-json\/wp\/v2\/media\/791089"}],"wp:attachment":[{"href":"https:\/\/www.europesays.com\/de\/wp-json\/wp\/v2\/media?parent=791088"}],"wp:term":[{"taxonomy":"category","embeddable":true,"href":"https:\/\/www.europesays.com\/de\/wp-json\/wp\/v2\/categories?post=791088"},{"taxonomy":"post_tag","embeddable":true,"href":"https:\/\/www.europesays.com\/de\/wp-json\/wp\/v2\/tags?post=791088"}],"curies":[{"name":"wp","href":"https:\/\/api.w.org\/{rel}","templated":true}]}}