{"id":791092,"date":"2026-02-12T06:07:22","date_gmt":"2026-02-12T06:07:22","guid":{"rendered":"https:\/\/www.europesays.com\/de\/791092\/"},"modified":"2026-02-12T06:07:22","modified_gmt":"2026-02-12T06:07:22","slug":"glaettegefahr-droht-erneut-neuschnee-und-regen-erwartet","status":"publish","type":"post","link":"https:\/\/www.europesays.com\/de\/791092\/","title":{"rendered":"Gl\u00e4ttegefahr droht erneut \u2013 Neuschnee und Regen erwartet"},"content":{"rendered":"<p class=\"expressive-copy-lg-body\">Am Freitag und am Wochenende ist in <a href=\"https:\/\/www.morgenpost.de\/panorama\/berlin\/\" data-category-full-path=\"https:\/\/www.morgenpost.de\/panorama\/\" data-paid-status=\"free\" data-article-publish-date=\"1632225361\" rel=\"nofollow noopener\" target=\"_blank\">Berlin<\/a> und <a href=\"https:\/\/www.morgenpost.de\/politik\/brandenburg\/\" data-category-full-path=\"https:\/\/www.morgenpost.de\/politik\/\" data-paid-status=\"free\" data-article-publish-date=\"1632225347\" rel=\"nofollow noopener\" target=\"_blank\">Brandenburg<\/a> immer wieder mit Regen und Schnee zu rechnen. An diesem Donnerstag ist es laut Deutschem Wetterdienst (DWD) bew\u00f6lkt und es regnet zeitweise. Dabei sollen die H\u00f6chsttemperaturen im Norden Brandenburgs 3 bis 6 Grad und im S\u00fcden 7 bis 10 Grad betragen.\u00a0<\/p>\n<p>Gl\u00e4ttegefahr in Berlin: Schnee in der Nacht zum Freitag erwartet<\/p>\n<p class=\"expressive-copy-lg-body\">Es regnet in der Nacht zum Freitag, wobei der Niederschlag in der Nordh\u00e4lfte in den sp\u00e4ten Nachtstunden in Schnee \u00fcbergeht. Auch Gl\u00e4ttegefahr bestehe dann. Die Temperaturen gehen in der Nacht auf Tiefstwerte von 4 bis 0 Grad zur\u00fcck.<\/p>\n<p>            <img decoding=\"async\" src=\"https:\/\/www.europesays.com\/de\/wp-content\/uploads\/2026\/02\/411136703_1770392768_v16_9_1200.jpeg\" class=\"relative z-10 block w-full object-cover aspect-[4\/3]\" alt=\"Winterwetter - Berlin\" title=\"Der Berliner Nabu weist Kritik an seiner Klage gegen den Einsatz von Streusalz zur\u00fcck. (Symbolfoto)\" loading=\"lazy\"\/><\/p>\n<p class=\"expressive-copy-lg-body\">Am Freitag bleibt es laut DWD-Prognose bew\u00f6lkt und die Niederschl\u00e4ge fallen teils als Regen und teils als Schnee. Die H\u00f6chstwerte liegen bei 0 bis 7 Grad. Auch in der Nacht zum Samstag kann es gebietsweise schneien, wie es hie\u00df. Die Temperaturen sinken auf 0 bis minus 2 Grad. Auch am Samstag soll es viele Wolken und etwas Schneefall geben. Der DWD rechnet mit H\u00f6chsttemperaturen von 0 bis 2 Grad.<\/p>\n<p rel=\"author\" class=\"text-brand\">dpa<\/p>\n","protected":false},"excerpt":{"rendered":"Am Freitag und am Wochenende ist in Berlin und Brandenburg immer wieder mit Regen und Schnee zu rechnen.&hellip;\n","protected":false},"author":2,"featured_media":782645,"comment_status":"","ping_status":"","sticky":false,"template":"","format":"standard","meta":{"footnotes":"","_share_on_mastodon":"0"},"categories":[1825],"tags":[296,29,30],"class_list":["post-791092","post","type-post","status-publish","format-standard","has-post-thumbnail","category-berlin","tag-berlin","tag-deutschland","tag-germany"],"share_on_mastodon":{"url":"https:\/\/pubeurope.com\/@de\/116056165341852829","error":""},"_links":{"self":[{"href":"https:\/\/www.europesays.com\/de\/wp-json\/wp\/v2\/posts\/791092","targetHints":{"allow":["GET"]}}],"collection":[{"href":"https:\/\/www.europesays.com\/de\/wp-json\/wp\/v2\/posts"}],"about":[{"href":"https:\/\/www.europesays.com\/de\/wp-json\/wp\/v2\/types\/post"}],"author":[{"embeddable":true,"href":"https:\/\/www.europesays.com\/de\/wp-json\/wp\/v2\/users\/2"}],"replies":[{"embeddable":true,"href":"https:\/\/www.europesays.com\/de\/wp-json\/wp\/v2\/comments?post=791092"}],"version-history":[{"count":0,"href":"https:\/\/www.europesays.com\/de\/wp-json\/wp\/v2\/posts\/791092\/revisions"}],"wp:featuredmedia":[{"embeddable":true,"href":"https:\/\/www.europesays.com\/de\/wp-json\/wp\/v2\/media\/782645"}],"wp:attachment":[{"href":"https:\/\/www.europesays.com\/de\/wp-json\/wp\/v2\/media?parent=791092"}],"wp:term":[{"taxonomy":"category","embeddable":true,"href":"https:\/\/www.europesays.com\/de\/wp-json\/wp\/v2\/categories?post=791092"},{"taxonomy":"post_tag","embeddable":true,"href":"https:\/\/www.europesays.com\/de\/wp-json\/wp\/v2\/tags?post=791092"}],"curies":[{"name":"wp","href":"https:\/\/api.w.org\/{rel}","templated":true}]}}