{"id":791145,"date":"2026-02-12T06:37:00","date_gmt":"2026-02-12T06:37:00","guid":{"rendered":"https:\/\/www.europesays.com\/de\/791145\/"},"modified":"2026-02-12T06:37:00","modified_gmt":"2026-02-12T06:37:00","slug":"aerger-ueber-verkehrsversuch-in-friedrichsdorf-cdu-spricht-von-chaotischen-zustaenden","status":"publish","type":"post","link":"https:\/\/www.europesays.com\/de\/791145\/","title":{"rendered":"\u00c4rger \u00fcber Verkehrsversuch in Friedrichsdorf: CDU spricht von chaotischen Zust\u00e4nden"},"content":{"rendered":"<p>In Friedrichsdorf sorgt der neue Verkehrsversuch rund um die Grundschule Gro\u00dfe Heide f\u00fcr \u00c4rger. Seit Februar ist der Pinguinweg morgens f\u00fcr Autos \u2013 und damit auch f\u00fcr Elterntaxis \u2013 gesperrt. Die CDU vor Ort laut Zeitungsbericht spricht von chaotischen Zust\u00e4nden in den umliegenden Stra\u00dfen und berichtet von mehreren Beinahe-Unf\u00e4llen; au\u00dferdem seien die eingerichteten Eltern-Taxi-Haltepl\u00e4tze vielen zu weit entfernt. Deshalb fordert die CDU nach Abschluss der Bauarbeiten ein umfassendes Verkehrskonzept gemeinsam mit Schule, Eltern und Anwohnern.<\/p>\n<p>\u00a0<\/p>\n","protected":false},"excerpt":{"rendered":"In Friedrichsdorf sorgt der neue Verkehrsversuch rund um die Grundschule Gro\u00dfe Heide f\u00fcr \u00c4rger. Seit Februar ist der&hellip;\n","protected":false},"author":2,"featured_media":791146,"comment_status":"","ping_status":"","sticky":false,"template":"","format":"standard","meta":{"footnotes":"","_share_on_mastodon":"0"},"categories":[1841],"tags":[1605,3364,29,30,1209],"class_list":["post-791145","post","type-post","status-publish","format-standard","has-post-thumbnail","category-bielefeld","tag-bielefeld","tag-de","tag-deutschland","tag-germany","tag-nordrhein-westfalen"],"share_on_mastodon":{"url":"https:\/\/pubeurope.com\/@de\/116056283210304238","error":""},"_links":{"self":[{"href":"https:\/\/www.europesays.com\/de\/wp-json\/wp\/v2\/posts\/791145","targetHints":{"allow":["GET"]}}],"collection":[{"href":"https:\/\/www.europesays.com\/de\/wp-json\/wp\/v2\/posts"}],"about":[{"href":"https:\/\/www.europesays.com\/de\/wp-json\/wp\/v2\/types\/post"}],"author":[{"embeddable":true,"href":"https:\/\/www.europesays.com\/de\/wp-json\/wp\/v2\/users\/2"}],"replies":[{"embeddable":true,"href":"https:\/\/www.europesays.com\/de\/wp-json\/wp\/v2\/comments?post=791145"}],"version-history":[{"count":0,"href":"https:\/\/www.europesays.com\/de\/wp-json\/wp\/v2\/posts\/791145\/revisions"}],"wp:featuredmedia":[{"embeddable":true,"href":"https:\/\/www.europesays.com\/de\/wp-json\/wp\/v2\/media\/791146"}],"wp:attachment":[{"href":"https:\/\/www.europesays.com\/de\/wp-json\/wp\/v2\/media?parent=791145"}],"wp:term":[{"taxonomy":"category","embeddable":true,"href":"https:\/\/www.europesays.com\/de\/wp-json\/wp\/v2\/categories?post=791145"},{"taxonomy":"post_tag","embeddable":true,"href":"https:\/\/www.europesays.com\/de\/wp-json\/wp\/v2\/tags?post=791145"}],"curies":[{"name":"wp","href":"https:\/\/api.w.org\/{rel}","templated":true}]}}