{"id":791232,"date":"2026-02-12T07:24:10","date_gmt":"2026-02-12T07:24:10","guid":{"rendered":"https:\/\/www.europesays.com\/de\/791232\/"},"modified":"2026-02-12T07:24:10","modified_gmt":"2026-02-12T07:24:10","slug":"kind-stirbt-bei-hochhausbrand-in-berlin-60-bewohner-gerettet-aktuelle-nachrichten-aus-deutschland-und-der-welt-2","status":"publish","type":"post","link":"https:\/\/www.europesays.com\/de\/791232\/","title":{"rendered":"Kind stirbt bei Hochhausbrand in Berlin &#8211; 60 Bewohner gerettet | Aktuelle Nachrichten aus Deutschland und der Welt"},"content":{"rendered":"\n<p>Ein Kind ist bei einem Hochhausbrand in Berlin-Friedrichsfelde gestorben. Mindestens zwei weitere Menschen, darunter ein weiteres Kind, wurden schwer verletzt. Die Feuerwehr rettete in der Nacht 60 Bewohner aus dem 21-st\u00f6ckigen Geb\u00e4ude an der Dolgenseestra\u00dfe im Bezirk Lichtenberg.<\/p>\n<p>Der Alarm ging um 19:56 Uhr ein. Eine Wohnung in der vierten Etage stand in Vollbrand, wie Feuerwehrsprecher Gordian Scholz dem rbb sagte. Das Feuer wurde am sp\u00e4ten Abend gel\u00f6scht, die letzten L\u00f6scharbeiten endeten gegen 23:30 Uhr.<\/p>\n<p>Starke Verrauchung im Treppenhaus<\/p>\n<p>Die gr\u00f6\u00dfte Gefahr f\u00fcr die Bewohner war der Rauch. \u00abDas Problem war hier die starke Verrauchung. Der Rauch hatte sich im gesamten Treppenhaus ausgebreitet\u00bb, erkl\u00e4rte Scholz dem rbb. Die Feuerwehr evakuierte das gesamte Geb\u00e4ude.<\/p>\n<p>Die schwer verletzten Personen wurden unter Reanimation in Krankenh\u00e4user gebracht. Eines der Kinder starb gegen Mitternacht in einer Klinik.<\/p>\n<p>Gro\u00dfeinsatz mit 170 Kr\u00e4ften<\/p>\n","protected":false},"excerpt":{"rendered":"Ein Kind ist bei einem Hochhausbrand in Berlin-Friedrichsfelde gestorben. Mindestens zwei weitere Menschen, darunter ein weiteres Kind, wurden&hellip;\n","protected":false},"author":2,"featured_media":791233,"comment_status":"","ping_status":"","sticky":false,"template":"","format":"standard","meta":{"footnotes":"","_share_on_mastodon":"0"},"categories":[1825],"tags":[1941,1939,296,1937,29,30,1940,15,1938],"class_list":["post-791232","post","type-post","status-publish","format-standard","has-post-thumbnail","category-berlin","tag-aktuelle-nachrichten-aus-berlin","tag-aktuelle-news-aus-berlin","tag-berlin","tag-berlin-news","tag-deutschland","tag-germany","tag-nachrichten-aus-berlin","tag-news","tag-news-aus-berlin"],"share_on_mastodon":{"url":"https:\/\/pubeurope.com\/@de\/116056468243848269","error":""},"_links":{"self":[{"href":"https:\/\/www.europesays.com\/de\/wp-json\/wp\/v2\/posts\/791232","targetHints":{"allow":["GET"]}}],"collection":[{"href":"https:\/\/www.europesays.com\/de\/wp-json\/wp\/v2\/posts"}],"about":[{"href":"https:\/\/www.europesays.com\/de\/wp-json\/wp\/v2\/types\/post"}],"author":[{"embeddable":true,"href":"https:\/\/www.europesays.com\/de\/wp-json\/wp\/v2\/users\/2"}],"replies":[{"embeddable":true,"href":"https:\/\/www.europesays.com\/de\/wp-json\/wp\/v2\/comments?post=791232"}],"version-history":[{"count":0,"href":"https:\/\/www.europesays.com\/de\/wp-json\/wp\/v2\/posts\/791232\/revisions"}],"wp:featuredmedia":[{"embeddable":true,"href":"https:\/\/www.europesays.com\/de\/wp-json\/wp\/v2\/media\/791233"}],"wp:attachment":[{"href":"https:\/\/www.europesays.com\/de\/wp-json\/wp\/v2\/media?parent=791232"}],"wp:term":[{"taxonomy":"category","embeddable":true,"href":"https:\/\/www.europesays.com\/de\/wp-json\/wp\/v2\/categories?post=791232"},{"taxonomy":"post_tag","embeddable":true,"href":"https:\/\/www.europesays.com\/de\/wp-json\/wp\/v2\/tags?post=791232"}],"curies":[{"name":"wp","href":"https:\/\/api.w.org\/{rel}","templated":true}]}}