{"id":791388,"date":"2026-02-12T08:47:12","date_gmt":"2026-02-12T08:47:12","guid":{"rendered":"https:\/\/www.europesays.com\/de\/791388\/"},"modified":"2026-02-12T08:47:12","modified_gmt":"2026-02-12T08:47:12","slug":"europa-schaut-auf-berlin-jetzt-kommt-es-auf-den-kanzler-an","status":"publish","type":"post","link":"https:\/\/www.europesays.com\/de\/791388\/","title":{"rendered":"Europa schaut auf Berlin \u2013 jetzt kommt es auf den Kanzler an"},"content":{"rendered":"<p>Deutschland wird als wirtschaftliches und politisches Schwergewicht gebraucht: um die europ\u00e4ische Abschreckungs- und Verteidigungsf\u00e4higkeit gegen\u00fcber Russland zu st\u00e4rken, die Ukraine auch \u00fcber ein Kriegsende hinaus zu unterst\u00fctzen, strategische Verwundbarkeiten gegen\u00fcber China zu verringern und ein nachlassendes amerikanisches Engagement in der Nato zu kompensieren. Nat\u00fcrlich kann keine Bundesregierung all das allein leisten. Entscheidend ist vielmehr, ob Deutschland dazu beitr\u00e4gt, die Europ\u00e4er \u2013 zumindest jene, die dazu bereit sind \u2013 zu einem Machtblock zu formen, der seine Interessen gegen\u00fcber Russland, China und den USA geschlossen vertritt, oder ob Berlin erneut z\u00f6gert, in innenpolitischer Nabelschau verharrt und den Kontinent eher spaltet als eint.<\/p>\n","protected":false},"excerpt":{"rendered":"Deutschland wird als wirtschaftliches und politisches Schwergewicht gebraucht: um die europ\u00e4ische Abschreckungs- und Verteidigungsf\u00e4higkeit gegen\u00fcber Russland zu st\u00e4rken,&hellip;\n","protected":false},"author":2,"featured_media":791389,"comment_status":"","ping_status":"","sticky":false,"template":"","format":"standard","meta":{"footnotes":"","_share_on_mastodon":"0"},"categories":[1825],"tags":[296,29,30,10977],"class_list":["post-791388","post","type-post","status-publish","format-standard","has-post-thumbnail","category-berlin","tag-berlin","tag-deutschland","tag-germany","tag-msc"],"share_on_mastodon":{"url":"https:\/\/pubeurope.com\/@de\/116056794378592457","error":""},"_links":{"self":[{"href":"https:\/\/www.europesays.com\/de\/wp-json\/wp\/v2\/posts\/791388","targetHints":{"allow":["GET"]}}],"collection":[{"href":"https:\/\/www.europesays.com\/de\/wp-json\/wp\/v2\/posts"}],"about":[{"href":"https:\/\/www.europesays.com\/de\/wp-json\/wp\/v2\/types\/post"}],"author":[{"embeddable":true,"href":"https:\/\/www.europesays.com\/de\/wp-json\/wp\/v2\/users\/2"}],"replies":[{"embeddable":true,"href":"https:\/\/www.europesays.com\/de\/wp-json\/wp\/v2\/comments?post=791388"}],"version-history":[{"count":0,"href":"https:\/\/www.europesays.com\/de\/wp-json\/wp\/v2\/posts\/791388\/revisions"}],"wp:featuredmedia":[{"embeddable":true,"href":"https:\/\/www.europesays.com\/de\/wp-json\/wp\/v2\/media\/791389"}],"wp:attachment":[{"href":"https:\/\/www.europesays.com\/de\/wp-json\/wp\/v2\/media?parent=791388"}],"wp:term":[{"taxonomy":"category","embeddable":true,"href":"https:\/\/www.europesays.com\/de\/wp-json\/wp\/v2\/categories?post=791388"},{"taxonomy":"post_tag","embeddable":true,"href":"https:\/\/www.europesays.com\/de\/wp-json\/wp\/v2\/tags?post=791388"}],"curies":[{"name":"wp","href":"https:\/\/api.w.org\/{rel}","templated":true}]}}