{"id":791390,"date":"2026-02-12T08:48:11","date_gmt":"2026-02-12T08:48:11","guid":{"rendered":"https:\/\/www.europesays.com\/de\/791390\/"},"modified":"2026-02-12T08:48:11","modified_gmt":"2026-02-12T08:48:11","slug":"hochhausbrand-in-berlin-kind-stirbt-nach-brand-in-lichterfelde","status":"publish","type":"post","link":"https:\/\/www.europesays.com\/de\/791390\/","title":{"rendered":"Hochhausbrand in Berlin: Kind stirbt nach Brand in Lichterfelde"},"content":{"rendered":"<p class=\"p1 sm:p1-medium items-start pb-[20px]\" data-selector=\"body-paragraph\" data-external-selector=\"body-elements-paragraph\" data-v-f16c667d=\"\" data-v-439309db=\"\">Nach einem verheerenden Brand in einem Hochhaus im Berliner Osten ist ein Kind gestorben, der Zustand eines weiteren schwer verletzten Kindes und einer Frau ist unklar. Alle drei wurden laut <a data-rtr-index=\"1\" title=\"Feuerwehr\" href=\"https:\/\/www.faz.net\/aktuell\/gesellschaft\/thema\/feuerwehr\" rel=\"nofollow noopener\" target=\"_blank\">Feuerwehr<\/a> bewusstlos im Hausflur der 3. Etage gefunden, wo auch die Brandwohnung war. Auf der Fahrt ins Krankenhaus wurden sie reanimiert. 20 Wohnungen in dem Komplex in Friedrichsfelde mit sch\u00e4tzungsweise mehr als 150 Wohnungen seien vorerst nicht bewohnbar, sagte ein Sprecher.<\/p>\n<p class=\"p1 sm:p1-medium items-start pb-[20px]\" data-selector=\"body-paragraph\" data-external-selector=\"body-elements-paragraph\" data-v-f16c667d=\"\" data-v-439309db=\"\">170 Feuerwehrleute waren im Einsatz, sie holten unter Atemschutz 70 Menschen aus dem verrauchten Geb\u00e4ude mit 20 Geschossen, beziehungsweise brachten sie in Sicherheit. Insgesamt acht Menschen wurden in Krankenh\u00e4user gebracht. Schwerverletzt wurde neben der Frau und dem Kind ein weiterer Mensch.<\/p>\n<p class=\"p1 sm:p1-medium items-start pb-[20px]\" data-selector=\"body-paragraph\" data-external-selector=\"body-elements-paragraph\" data-v-f16c667d=\"\" data-v-439309db=\"\">Das Feuer war am Mittwochabend in einer Wohnung des Komplexes in der Dolgenseestra\u00dfe im Bezirk Lichtenberg ausgebrochen. Es breitete sich rasant aus, da die R\u00e4ume mit zahlreichen Gegenst\u00e4nden zugestellt waren. Nach Informationen der Deutschen Presse-Agentur handelte es sich um eine sogenannte Messie-Wohnung; die gro\u00dfe Unordnung erschwerte die Brandbek\u00e4mpfung.<\/p>\n<p>Die Einsatzkr\u00e4fte entdeckten die zwei Kinder und die Frau bewusstlos<\/p>\n<p class=\"p1 sm:p1-medium items-start pb-[20px]\" data-selector=\"body-paragraph\" data-external-selector=\"body-elements-paragraph\" data-v-f16c667d=\"\" data-v-439309db=\"\">Als die Einsatzkr\u00e4fte eintrafen, brannte die Wohnung bereits komplett, im ganzen Geb\u00e4ude breitete sich Rauch aus. Aus den Fenstern schlugen Flammen. Im Hausflur nahe der Brandwohnung entdeckten die Einsatzkr\u00e4fte die zwei Kinder und die Frau bewusstlos und brachten sie ins Freie.<\/p>\n<p class=\"p1 sm:p1-medium items-start pb-[20px]\" data-selector=\"body-paragraph\" data-external-selector=\"body-elements-paragraph\" data-v-f16c667d=\"\" data-v-439309db=\"\">Der Bewohner der Wohnung hatte sich laut Feuerwehr selbst nach drau\u00dfen retten k\u00f6nnen. Auch andere Bewohner des Hauses gelangten dem Sprecher zufolge selbst ins Freie, viele andere w\u00e4hlten den Notruf oder machten an den Fenstern auf sich aufmerksam. Sie wurden von Feuerwehrtrupps durch das Treppenhaus nach drau\u00dfen gebracht. Insgesamt sammelten sich vor dem Haus so 70 Bewohner, wie der Sprecher mitteilte.<\/p>\n<p class=\"p1 sm:p1-medium items-start pb-[20px]\" data-selector=\"body-paragraph\" data-external-selector=\"body-elements-paragraph\" data-v-f16c667d=\"\" data-v-439309db=\"\">Die Einsatzkr\u00e4fte pr\u00fcften etwa 60 Wohnungen; einsturzgef\u00e4hrdet war das Haus nicht.<\/p>\n<p class=\"p1 sm:p1-medium items-start pb-[20px]\" data-selector=\"body-paragraph\" data-external-selector=\"body-elements-paragraph\" data-v-f16c667d=\"\" data-v-439309db=\"\">Viele Bewohner mussten erst einmal anderweitig unterkommen. In manchen der unbewohnbaren Einheiten gebe es keinen Strom und kein Wasser, andere seien so verraucht, dass man dort nicht schlafen k\u00f6nne. Wer nicht bei Verwandten oder Bekannten unterkam, konnte heute in einer nahegelegenen Turnhalle schlafen. Der Bezirk versuche, f\u00fcr die Zeit danach Wohnungen und Hotels zu organisieren, hie\u00df es.<\/p>\n<p class=\"p1 sm:p1-medium items-start pb-[20px]\" data-selector=\"body-paragraph\" data-external-selector=\"body-elements-paragraph\" data-v-f16c667d=\"\" data-v-439309db=\"\">Auch eine Feuerwehreinheit f\u00fcr die Bew\u00e4ltigung eines Massenanfalls an Verletzten war demnach vor Ort. F\u00fcr die Angeh\u00f6rigen der Verletzten wurde ein Team der psychosozialen Notfallversorgung alarmiert.<\/p>\n<p class=\"p1 sm:p1-medium items-start pb-[20px]\" data-selector=\"body-paragraph\" data-external-selector=\"body-elements-paragraph\" data-v-f16c667d=\"\" data-v-439309db=\"\">Die Polizei ermittelt zur Ursache.<\/p>\n","protected":false},"excerpt":{"rendered":"Nach einem verheerenden Brand in einem Hochhaus im Berliner Osten ist ein Kind gestorben, der Zustand eines weiteren&hellip;\n","protected":false},"author":2,"featured_media":791391,"comment_status":"","ping_status":"","sticky":false,"template":"","format":"standard","meta":{"footnotes":"","_share_on_mastodon":"0"},"categories":[1825],"tags":[296,29,30],"class_list":["post-791390","post","type-post","status-publish","format-standard","has-post-thumbnail","category-berlin","tag-berlin","tag-deutschland","tag-germany"],"share_on_mastodon":{"url":"https:\/\/pubeurope.com\/@de\/116056798472454898","error":""},"_links":{"self":[{"href":"https:\/\/www.europesays.com\/de\/wp-json\/wp\/v2\/posts\/791390","targetHints":{"allow":["GET"]}}],"collection":[{"href":"https:\/\/www.europesays.com\/de\/wp-json\/wp\/v2\/posts"}],"about":[{"href":"https:\/\/www.europesays.com\/de\/wp-json\/wp\/v2\/types\/post"}],"author":[{"embeddable":true,"href":"https:\/\/www.europesays.com\/de\/wp-json\/wp\/v2\/users\/2"}],"replies":[{"embeddable":true,"href":"https:\/\/www.europesays.com\/de\/wp-json\/wp\/v2\/comments?post=791390"}],"version-history":[{"count":0,"href":"https:\/\/www.europesays.com\/de\/wp-json\/wp\/v2\/posts\/791390\/revisions"}],"wp:featuredmedia":[{"embeddable":true,"href":"https:\/\/www.europesays.com\/de\/wp-json\/wp\/v2\/media\/791391"}],"wp:attachment":[{"href":"https:\/\/www.europesays.com\/de\/wp-json\/wp\/v2\/media?parent=791390"}],"wp:term":[{"taxonomy":"category","embeddable":true,"href":"https:\/\/www.europesays.com\/de\/wp-json\/wp\/v2\/categories?post=791390"},{"taxonomy":"post_tag","embeddable":true,"href":"https:\/\/www.europesays.com\/de\/wp-json\/wp\/v2\/tags?post=791390"}],"curies":[{"name":"wp","href":"https:\/\/api.w.org\/{rel}","templated":true}]}}