{"id":791432,"date":"2026-02-12T09:12:14","date_gmt":"2026-02-12T09:12:14","guid":{"rendered":"https:\/\/www.europesays.com\/de\/791432\/"},"modified":"2026-02-12T09:12:14","modified_gmt":"2026-02-12T09:12:14","slug":"71-fasnachtsumzug-ludwigshafen-und-mannheim","status":"publish","type":"post","link":"https:\/\/www.europesays.com\/de\/791432\/","title":{"rendered":"71. Fasnachtsumzug Ludwigshafen und Mannheim"},"content":{"rendered":"<p><img width=\"853\" height=\"507\" src=\"https:\/\/www.europesays.com\/de\/wp-content\/uploads\/2026\/02\/Umzugsstrecke-Fasnachtsumzug.jpg\" class=\"attachment-full size-full wp-post-image\" alt=\"Umzugsstrecke Fasnachtsumzug\" decoding=\"async\" fetchpriority=\"high\"  \/><\/p>\n<p>Ludwigshafen \/ Mannheim \/ Metropolregion Rhein-Neckar \u2013 Der 71. Fasnachtsumzug der St\u00e4dte Ludwigshafen und Mannheim findet am Sonntag, 15. Februar 2026, statt und zieht erneut bunt und lautstark durch Ludwigshafen. Der n\u00e4rrische Tross setzt sich um 13:11 Uhr an der Kreuzung Rheinallee\/ Wittelsbachstra\u00dfe\/Schwanthalerallee in Bewegung und f\u00fchrt entlang des Rheinufers bis zur Rhein-Galerie. \u00dcber 2.000 Fasnachterinnen und Fastnachter sorgen f\u00fcr ein abwechslungsreiches Programm, das Tradition, Musik und kreative Wagen vereint.<\/p>\n<p>Die wichtigsten Infos: <a href=\"https:\/\/www.mrn-news.de\/2026\/02\/11\/ludwigshafen-naerrisches-spektakel-am-rhein-mannheim-ludwigshafen-feiern-gemeinsam-71-fasnachtsumzug-am-15-februar-2026-route-startzeit-alle-infos-623765\/\" rel=\"noopener nofollow\" target=\"_blank\">Fasnachtsumzug Ludwigshafen \/ Mannheim<\/a><\/p>\n","protected":false},"excerpt":{"rendered":"Ludwigshafen \/ Mannheim \/ Metropolregion Rhein-Neckar \u2013 Der 71. Fasnachtsumzug der St\u00e4dte Ludwigshafen und Mannheim findet am Sonntag,&hellip;\n","protected":false},"author":2,"featured_media":791433,"comment_status":"","ping_status":"","sticky":false,"template":"","format":"standard","meta":{"footnotes":"","_share_on_mastodon":"0"},"categories":[1845],"tags":[1634,3364,29,548,663,3934,30,13,2096,14,15,12],"class_list":["post-791432","post","type-post","status-publish","format-standard","has-post-thumbnail","category-mannheim","tag-baden-wuerttemberg","tag-de","tag-deutschland","tag-eu","tag-europa","tag-europe","tag-germany","tag-headlines","tag-mannheim","tag-nachrichten","tag-news","tag-schlagzeilen"],"share_on_mastodon":{"url":"https:\/\/pubeurope.com\/@de\/116056894643588652","error":""},"_links":{"self":[{"href":"https:\/\/www.europesays.com\/de\/wp-json\/wp\/v2\/posts\/791432","targetHints":{"allow":["GET"]}}],"collection":[{"href":"https:\/\/www.europesays.com\/de\/wp-json\/wp\/v2\/posts"}],"about":[{"href":"https:\/\/www.europesays.com\/de\/wp-json\/wp\/v2\/types\/post"}],"author":[{"embeddable":true,"href":"https:\/\/www.europesays.com\/de\/wp-json\/wp\/v2\/users\/2"}],"replies":[{"embeddable":true,"href":"https:\/\/www.europesays.com\/de\/wp-json\/wp\/v2\/comments?post=791432"}],"version-history":[{"count":0,"href":"https:\/\/www.europesays.com\/de\/wp-json\/wp\/v2\/posts\/791432\/revisions"}],"wp:featuredmedia":[{"embeddable":true,"href":"https:\/\/www.europesays.com\/de\/wp-json\/wp\/v2\/media\/791433"}],"wp:attachment":[{"href":"https:\/\/www.europesays.com\/de\/wp-json\/wp\/v2\/media?parent=791432"}],"wp:term":[{"taxonomy":"category","embeddable":true,"href":"https:\/\/www.europesays.com\/de\/wp-json\/wp\/v2\/categories?post=791432"},{"taxonomy":"post_tag","embeddable":true,"href":"https:\/\/www.europesays.com\/de\/wp-json\/wp\/v2\/tags?post=791432"}],"curies":[{"name":"wp","href":"https:\/\/api.w.org\/{rel}","templated":true}]}}